{"id":5524,"date":"2018-03-08T00:00:48","date_gmt":"2018-03-07T23:00:48","guid":{"rendered":"http:\/\/agora.xtec.cat\/zer-altllucanes\/?p=5524"},"modified":"2018-03-20T13:34:44","modified_gmt":"2018-03-20T12:34:44","slug":"dona-la-nota-amb-persones-iguals","status":"publish","type":"post","link":"https:\/\/agora.xtec.cat\/zer-altllucanes\/general\/dona-la-nota-amb-persones-iguals\/","title":{"rendered":"D\u00f3na la Nota amb Persones Iguals"},"content":{"rendered":"<p>Enguany tamb\u00e9 ens hem afegit a la campanya D\u00f3na l Nota<br \/>\n<iframe loading=\"lazy\" src=\"https:\/\/www.youtube.com\/embed\/sVa14Mku5jM\" width=\"560\" height=\"315\" frameborder=\"0\" allowfullscreen=\"allowfullscreen\"><\/iframe><\/p>\n<p><em>&#8220;Aquest cop, amb D\u00d3NA LA NOTA, volem recordar que tant si som nins, nenes, xiquetes, minyons, boixos, dones, noies o al\u00b7lots\u2026 som PERSONES IGUALS.<\/em><\/p>\n<p><em>Somiem un m\u00f3n on homes i dones ens respectem i tinguem les mateixes oportunitats davant la societat. La millor manera d\u2019aconseguir el nostre pr\u00f2posit \u00e9s a trav\u00e9s de la m\u00fasica, aquesta forma d\u2019expressi\u00f3 uneix persones de diverses capacitats, \u00e8tnies, edats, cultures, identitats, g\u00e8neres\u2026&#8221;<\/em><\/p>\n<p><a href=\"http:\/\/www.cdapaucasals.com\/dona-la-nota-amb-persones-iguals\/\"><img loading=\"lazy\" decoding=\"async\" class=\"aligncenter size-large wp-image-5529\" src=\"http:\/\/agora.xtec.cat\/zer-altllucanes\/wp-content\/uploads\/usu1122\/2018\/02\/Screenshot-2018-02-16-at-11.39.25-1024x470.png\" alt=\"\" width=\"1024\" height=\"470\" srcset=\"https:\/\/agora.xtec.cat\/zer-altllucanes\/wp-content\/uploads\/usu1122\/2018\/02\/Screenshot-2018-02-16-at-11.39.25-1024x470.png 1024w, https:\/\/agora.xtec.cat\/zer-altllucanes\/wp-content\/uploads\/usu1122\/2018\/02\/Screenshot-2018-02-16-at-11.39.25-300x138.png 300w, https:\/\/agora.xtec.cat\/zer-altllucanes\/wp-content\/uploads\/usu1122\/2018\/02\/Screenshot-2018-02-16-at-11.39.25-768x353.png 768w, https:\/\/agora.xtec.cat\/zer-altllucanes\/wp-content\/uploads\/usu1122\/2018\/02\/Screenshot-2018-02-16-at-11.39.25.png 1071w\" sizes=\"auto, (max-width: 1024px) 100vw, 1024px\" \/><\/a><\/p>\n","protected":false},"excerpt":{"rendered":"<p>Enguany tamb\u00e9 ens hem afegit a la campanya D\u00f3na l Nota<\/p>\n<p>&#8220;Aquest cop, amb D\u00d3NA LA NOTA, volem recordar que tant si som nins, nenes, xiquetes, minyons, boixos, dones, noies o al\u00b7lots\u2026 som PERSONES IGUALS.<br \/>\nSomiem un m\u00f3n on homes i dones ens respectem i tinguem les&hellip;  <a href=\"https:\/\/agora.xtec.cat\/zer-altllucanes\/general\/dona-la-nota-amb-persones-iguals\/\" title=\"Read D\u00f3na la Nota amb Persones Iguals\">Llegeix m\u00e9s\u00bb<\/a><\/p>\n","protected":false},"author":1,"featured_media":5529,"comment_status":"open","ping_status":"closed","sticky":false,"template":"","format":"standard","meta":{"_bbp_topic_count":0,"_bbp_reply_count":0,"_bbp_total_topic_count":0,"_bbp_total_reply_count":0,"_bbp_voice_count":0,"_bbp_anonymous_reply_count":0,"_bbp_topic_count_hidden":0,"_bbp_reply_count_hidden":0,"_bbp_forum_subforum_count":0,"footnotes":""},"categories":[1],"tags":[],"class_list":["post-5524","post","type-post","status-publish","format-standard","has-post-thumbnail","hentry","category-general"],"post_mailing_queue_ids":[],"_links":{"self":[{"href":"https:\/\/agora.xtec.cat\/zer-altllucanes\/wp-json\/wp\/v2\/posts\/5524","targetHints":{"allow":["GET"]}}],"collection":[{"href":"https:\/\/agora.xtec.cat\/zer-altllucanes\/wp-json\/wp\/v2\/posts"}],"about":[{"href":"https:\/\/agora.xtec.cat\/zer-altllucanes\/wp-json\/wp\/v2\/types\/post"}],"author":[{"embeddable":true,"href":"https:\/\/agora.xtec.cat\/zer-altllucanes\/wp-json\/wp\/v2\/users\/1"}],"replies":[{"embeddable":true,"href":"https:\/\/agora.xtec.cat\/zer-altllucanes\/wp-json\/wp\/v2\/comments?post=5524"}],"version-history":[{"count":3,"href":"https:\/\/agora.xtec.cat\/zer-altllucanes\/wp-json\/wp\/v2\/posts\/5524\/revisions"}],"predecessor-version":[{"id":5581,"href":"https:\/\/agora.xtec.cat\/zer-altllucanes\/wp-json\/wp\/v2\/posts\/5524\/revisions\/5581"}],"wp:featuredmedia":[{"embeddable":true,"href":"https:\/\/agora.xtec.cat\/zer-altllucanes\/wp-json\/wp\/v2\/media\/5529"}],"wp:attachment":[{"href":"https:\/\/agora.xtec.cat\/zer-altllucanes\/wp-json\/wp\/v2\/media?parent=5524"}],"wp:term":[{"taxonomy":"category","embeddable":true,"href":"https:\/\/agora.xtec.cat\/zer-altllucanes\/wp-json\/wp\/v2\/categories?post=5524"},{"taxonomy":"post_tag","embeddable":true,"href":"https:\/\/agora.xtec.cat\/zer-altllucanes\/wp-json\/wp\/v2\/tags?post=5524"}],"curies":[{"name":"wp","href":"https:\/\/api.w.org\/{rel}","templated":true}]}}