{"id":5444,"date":"2018-02-15T10:53:35","date_gmt":"2018-02-15T09:53:35","guid":{"rendered":"http:\/\/agora.xtec.cat\/zer-altllucanes\/?p=5444"},"modified":"2018-02-15T10:54:15","modified_gmt":"2018-02-15T09:54:15","slug":"trobada-de-zer-a-santa-eulalia-de-puig-oriol-lluca-14-de-febrer-de-2018","status":"publish","type":"post","link":"https:\/\/agora.xtec.cat\/zer-altllucanes\/general\/trobada-de-zer-a-santa-eulalia-de-puig-oriol-lluca-14-de-febrer-de-2018\/","title":{"rendered":"Trobada de ZER a Santa Eul\u00e0lia de Puig-Oriol Llu\u00e7\u00e0 (14 de febrer de 2018)"},"content":{"rendered":"<p>Ahir els alumnes i mestres de la ZER Alt Llu\u00e7an\u00e8s vam anar d&#8217;excursi\u00f3 a Santa Eul\u00e0lia de Puig-Oriol Llu\u00e7\u00e0 per fer la trobada de ZER anual.<\/p>\n<p>En arribar tots els alumnes i mestres de l&#8217;escola Aurora, l&#8217;escola Heurom i escola La Forja ens vam reunir al pati de l&#8217;escola Gafarr\u00f3 on hi havien dues pancartes molt grans.\u00a0Tot seguit van apar\u00e8ixer els alumnes de l&#8217;escola Gafarr\u00f3 amb els gegants&#8230; Vam quedar ben impressionats!<\/p>\n<p>En acabar ens vam dividir i vam fer diferents activitats: sessi\u00f3 amb la il\u00b7lustradora Anna Clariana i l&#8217;autora Josefina Llaurad\u00f3; jocs diversos; un taller de gegants; l&#8217;activitat Santa Eul\u00e0lia en imatges&#8230;<\/p>\n<p>Els alumnes d&#8217;educaci\u00f3 Infantil hem estat treballant al llarg del curs el conte <em>La dent de Maria<\/em>\u00a0i els alumnes de Cicle Inicial el llibre <em>Tindr\u00e9 un germanet<\/em>\u00a0il\u00b7lustrats tots dos per l&#8217;Anna Clariana i ahir vam poder con\u00e8ixer-la, ens va fer una sessi\u00f3 molt maca i li vam poder preguntar coses que ens tenien intrigats. En acabar ens va firmar tots els contes i llibres. Ens va agradar molt\u00edssim!<\/p>\n<p>Els alumnes de Cicle Mitj\u00e0 a classe hem estat treballant el llibre <em>Un pinyol farcit de fada<\/em> i els alumnes de Cicle Superior <em>El Bernat detectiu i els catorze biberons<\/em> de la Josefina Llaurad\u00f3 i igual que els alumnes d&#8217;educaci\u00f3 Infantil i Cicle Inicial ahir vam poder con\u00e8ixer l&#8217;autora que ens va explicar un munt de coses interessant. I en acabar ens va firmar tamb\u00e9 tots els nostres llibres<\/p>\n<p>Quan vam acabar de rebre la visitat de d&#8217;il\u00b7lustradora i l&#8217;autora, vam anar a fer una activitat xul\u00edssima sobre Santa Eul\u00e0lia en imatges que era una gimcana pel poble on hav\u00edem de descobrir el lloc on s&#8217;havien fet les fotos que ens van donar al principi de l&#8217;activitat.\u00a0 Ens va agradar molt\u00edssim. Tot seguit ja era l&#8217;hora de dinar i vam anar a menjar tots junts a la pista de futbol!<\/p>\n<p>Abans de marxar amb els autocars vam fer el Flashmob que ens van proposar els alumnes i mestres de l&#8217;Escola Gafarr\u00f3 i que les altres tres escoles hem estat practicant a cada centre els darrers dies. I tots junts vam cantar la can\u00e7\u00f3 de D\u00f3na la nota <em>Persones iguals<\/em> que tamb\u00e9 hem estat practicant cada centre.<\/p>\n<p>Els alumnes i mestres de l&#8217;Escola Gafarr\u00f3 ens van\u00a0acomiadar amb un pont molt divertit!<\/p>\n<p>Tot i el fred&#8230; ens ho vam passar super b\u00e9! Moltes gr\u00e0cies a tots per fer-ho possible!<\/p>\n\n","protected":false},"excerpt":{"rendered":"<p>Ahir els alumnes i mestres de la ZER Alt Llu\u00e7an\u00e8s vam anar d&#8217;excursi\u00f3 a Santa Eul\u00e0lia de Puig-Oriol Llu\u00e7\u00e0 per fer la trobada de ZER anual.<br \/>\nEn arribar tots els alumnes i mestres de l&#8217;escola Aurora, l&#8217;escola Heurom i escola La Forja ens vam reunir al&hellip;  <a href=\"https:\/\/agora.xtec.cat\/zer-altllucanes\/general\/trobada-de-zer-a-santa-eulalia-de-puig-oriol-lluca-14-de-febrer-de-2018\/\" title=\"Read Trobada de ZER a Santa Eul\u00e0lia de Puig-Oriol Llu\u00e7\u00e0 (14 de febrer de 2018)\">Llegeix m\u00e9s\u00bb<\/a><\/p>\n","protected":false},"author":1,"featured_media":5493,"comment_status":"open","ping_status":"closed","sticky":false,"template":"","format":"standard","meta":{"_bbp_topic_count":0,"_bbp_reply_count":0,"_bbp_total_topic_count":0,"_bbp_total_reply_count":0,"_bbp_voice_count":0,"_bbp_anonymous_reply_count":0,"_bbp_topic_count_hidden":0,"_bbp_reply_count_hidden":0,"_bbp_forum_subforum_count":0,"footnotes":""},"categories":[20,21,22,23,1],"tags":[],"class_list":["post-5444","post","type-post","status-publish","format-standard","has-post-thumbnail","hentry","category-aurora","category-gafarro","category-heurom","category-la-forja","category-general"],"post_mailing_queue_ids":[],"_links":{"self":[{"href":"https:\/\/agora.xtec.cat\/zer-altllucanes\/wp-json\/wp\/v2\/posts\/5444","targetHints":{"allow":["GET"]}}],"collection":[{"href":"https:\/\/agora.xtec.cat\/zer-altllucanes\/wp-json\/wp\/v2\/posts"}],"about":[{"href":"https:\/\/agora.xtec.cat\/zer-altllucanes\/wp-json\/wp\/v2\/types\/post"}],"author":[{"embeddable":true,"href":"https:\/\/agora.xtec.cat\/zer-altllucanes\/wp-json\/wp\/v2\/users\/1"}],"replies":[{"embeddable":true,"href":"https:\/\/agora.xtec.cat\/zer-altllucanes\/wp-json\/wp\/v2\/comments?post=5444"}],"version-history":[{"count":3,"href":"https:\/\/agora.xtec.cat\/zer-altllucanes\/wp-json\/wp\/v2\/posts\/5444\/revisions"}],"predecessor-version":[{"id":5507,"href":"https:\/\/agora.xtec.cat\/zer-altllucanes\/wp-json\/wp\/v2\/posts\/5444\/revisions\/5507"}],"wp:featuredmedia":[{"embeddable":true,"href":"https:\/\/agora.xtec.cat\/zer-altllucanes\/wp-json\/wp\/v2\/media\/5493"}],"wp:attachment":[{"href":"https:\/\/agora.xtec.cat\/zer-altllucanes\/wp-json\/wp\/v2\/media?parent=5444"}],"wp:term":[{"taxonomy":"category","embeddable":true,"href":"https:\/\/agora.xtec.cat\/zer-altllucanes\/wp-json\/wp\/v2\/categories?post=5444"},{"taxonomy":"post_tag","embeddable":true,"href":"https:\/\/agora.xtec.cat\/zer-altllucanes\/wp-json\/wp\/v2\/tags?post=5444"}],"curies":[{"name":"wp","href":"https:\/\/api.w.org\/{rel}","templated":true}]}}