{"id":4745,"date":"2017-11-06T14:59:21","date_gmt":"2017-11-06T13:59:21","guid":{"rendered":"http:\/\/agora.xtec.cat\/zer-altllucanes\/?p=4745"},"modified":"2017-11-06T14:59:29","modified_gmt":"2017-11-06T13:59:29","slug":"comencem-les-activitats-de-tarda-a-la-casa-de-colonies-moli-de-la-riera","status":"publish","type":"post","link":"https:\/\/agora.xtec.cat\/zer-altllucanes\/general\/comencem-les-activitats-de-tarda-a-la-casa-de-colonies-moli-de-la-riera\/","title":{"rendered":"Comencem les activitats de tarda a la Casa de Col\u00f2nies Mol\u00ed de la Riera"},"content":{"rendered":"<p>Despr\u00e9s de dinar ens han vingut a buscar els monitors i monitores de la casa de col\u00f2nies per comen\u00e7ar les activitats de la tarda.<\/p>\n<p><a href=\"http:\/\/agora.xtec.cat\/zer-altllucanes\/wp-content\/uploads\/usu1122\/2017\/11\/IMG-20171106-WA0073.jpg\"><img loading=\"lazy\" decoding=\"async\" class=\"alignnone wp-image-4749\" src=\"http:\/\/agora.xtec.cat\/zer-altllucanes\/wp-content\/uploads\/usu1122\/2017\/11\/IMG-20171106-WA0073-1024x576.jpg\" alt=\"\" width=\"366\" height=\"206\" srcset=\"https:\/\/agora.xtec.cat\/zer-altllucanes\/wp-content\/uploads\/usu1122\/2017\/11\/IMG-20171106-WA0073-1024x576.jpg 1024w, https:\/\/agora.xtec.cat\/zer-altllucanes\/wp-content\/uploads\/usu1122\/2017\/11\/IMG-20171106-WA0073-300x169.jpg 300w, https:\/\/agora.xtec.cat\/zer-altllucanes\/wp-content\/uploads\/usu1122\/2017\/11\/IMG-20171106-WA0073-768x432.jpg 768w, https:\/\/agora.xtec.cat\/zer-altllucanes\/wp-content\/uploads\/usu1122\/2017\/11\/IMG-20171106-WA0073.jpg 1600w\" sizes=\"auto, (max-width: 366px) 100vw, 366px\" \/><\/a> <a href=\"http:\/\/agora.xtec.cat\/zer-altllucanes\/wp-content\/uploads\/usu1122\/2017\/11\/IMG-20171106-WA0069-1.jpg\"><img loading=\"lazy\" decoding=\"async\" class=\"alignnone wp-image-4750\" src=\"http:\/\/agora.xtec.cat\/zer-altllucanes\/wp-content\/uploads\/usu1122\/2017\/11\/IMG-20171106-WA0069-1-1024x768.jpg\" alt=\"\" width=\"388\" height=\"291\" srcset=\"https:\/\/agora.xtec.cat\/zer-altllucanes\/wp-content\/uploads\/usu1122\/2017\/11\/IMG-20171106-WA0069-1-1024x768.jpg 1024w, https:\/\/agora.xtec.cat\/zer-altllucanes\/wp-content\/uploads\/usu1122\/2017\/11\/IMG-20171106-WA0069-1-300x225.jpg 300w, https:\/\/agora.xtec.cat\/zer-altllucanes\/wp-content\/uploads\/usu1122\/2017\/11\/IMG-20171106-WA0069-1-768x576.jpg 768w, https:\/\/agora.xtec.cat\/zer-altllucanes\/wp-content\/uploads\/usu1122\/2017\/11\/IMG-20171106-WA0069-1-200x150.jpg 200w, https:\/\/agora.xtec.cat\/zer-altllucanes\/wp-content\/uploads\/usu1122\/2017\/11\/IMG-20171106-WA0069-1.jpg 1600w\" sizes=\"auto, (max-width: 388px) 100vw, 388px\" \/><\/a><\/p>\n<p>Podeu seguir el nostre dia a dia amb imatges clicant damunt d&#8217;<a href=\"https:\/\/photos.app.goo.gl\/JTPAtkWlFufKVnuF3\">aquest enlla\u00e7<\/a> o damunt la imatge de sota.<\/p>\n<p><a href=\"https:\/\/photos.app.goo.gl\/JTPAtkWlFufKVnuF3\"><img loading=\"lazy\" decoding=\"async\" class=\"alignnone wp-image-4746\" src=\"http:\/\/agora.xtec.cat\/zer-altllucanes\/wp-content\/uploads\/usu1122\/2017\/11\/Screenshot-2017-11-06-at-14.53.03-1024x499.png\" alt=\"\" width=\"733\" height=\"357\" srcset=\"https:\/\/agora.xtec.cat\/zer-altllucanes\/wp-content\/uploads\/usu1122\/2017\/11\/Screenshot-2017-11-06-at-14.53.03-1024x499.png 1024w, https:\/\/agora.xtec.cat\/zer-altllucanes\/wp-content\/uploads\/usu1122\/2017\/11\/Screenshot-2017-11-06-at-14.53.03-300x146.png 300w, https:\/\/agora.xtec.cat\/zer-altllucanes\/wp-content\/uploads\/usu1122\/2017\/11\/Screenshot-2017-11-06-at-14.53.03-768x374.png 768w, https:\/\/agora.xtec.cat\/zer-altllucanes\/wp-content\/uploads\/usu1122\/2017\/11\/Screenshot-2017-11-06-at-14.53.03.png 1188w\" sizes=\"auto, (max-width: 733px) 100vw, 733px\" \/><\/a><\/p>\n","protected":false},"excerpt":{"rendered":"<p>Despr\u00e9s de dinar ens han vingut a buscar els monitors i monitores de la casa de col\u00f2nies per comen\u00e7ar les activitats de la tarda.<br \/>\n<a href=\"http:\/\/agora.xtec.cat\/zer-altllucanes\/wp-content\/uploads\/usu1122\/2017\/11\/IMG-20171106-WA0073.jpg\"><\/a> <a href=\"http:\/\/agora.xtec.cat\/zer-altllucanes\/wp-content\/uploads\/usu1122\/2017\/11\/IMG-20171106-WA0069-1.jpg\"><\/a><br \/>\nPodeu seguir el nostre dia a dia amb imatges clicant damunt d&#8217;<a href=\"https:\/\/photos.app.goo.gl\/JTPAtkWlFufKVnuF3\">aquest enlla\u00e7<\/a> o damunt la imatge de&hellip;  <a href=\"https:\/\/agora.xtec.cat\/zer-altllucanes\/general\/comencem-les-activitats-de-tarda-a-la-casa-de-colonies-moli-de-la-riera\/\" title=\"Read Comencem les activitats de tarda a la Casa de Col\u00f2nies Mol\u00ed de la Riera\">Llegeix m\u00e9s\u00bb<\/a><\/p>\n","protected":false},"author":1,"featured_media":4748,"comment_status":"open","ping_status":"closed","sticky":false,"template":"","format":"standard","meta":{"_bbp_topic_count":0,"_bbp_reply_count":0,"_bbp_total_topic_count":0,"_bbp_total_reply_count":0,"_bbp_voice_count":0,"_bbp_anonymous_reply_count":0,"_bbp_topic_count_hidden":0,"_bbp_reply_count_hidden":0,"_bbp_forum_subforum_count":0,"footnotes":""},"categories":[1],"tags":[110],"class_list":["post-4745","post","type-post","status-publish","format-standard","has-post-thumbnail","hentry","category-general","tag-colonies2017"],"post_mailing_queue_ids":[],"_links":{"self":[{"href":"https:\/\/agora.xtec.cat\/zer-altllucanes\/wp-json\/wp\/v2\/posts\/4745","targetHints":{"allow":["GET"]}}],"collection":[{"href":"https:\/\/agora.xtec.cat\/zer-altllucanes\/wp-json\/wp\/v2\/posts"}],"about":[{"href":"https:\/\/agora.xtec.cat\/zer-altllucanes\/wp-json\/wp\/v2\/types\/post"}],"author":[{"embeddable":true,"href":"https:\/\/agora.xtec.cat\/zer-altllucanes\/wp-json\/wp\/v2\/users\/1"}],"replies":[{"embeddable":true,"href":"https:\/\/agora.xtec.cat\/zer-altllucanes\/wp-json\/wp\/v2\/comments?post=4745"}],"version-history":[{"count":3,"href":"https:\/\/agora.xtec.cat\/zer-altllucanes\/wp-json\/wp\/v2\/posts\/4745\/revisions"}],"predecessor-version":[{"id":4752,"href":"https:\/\/agora.xtec.cat\/zer-altllucanes\/wp-json\/wp\/v2\/posts\/4745\/revisions\/4752"}],"wp:featuredmedia":[{"embeddable":true,"href":"https:\/\/agora.xtec.cat\/zer-altllucanes\/wp-json\/wp\/v2\/media\/4748"}],"wp:attachment":[{"href":"https:\/\/agora.xtec.cat\/zer-altllucanes\/wp-json\/wp\/v2\/media?parent=4745"}],"wp:term":[{"taxonomy":"category","embeddable":true,"href":"https:\/\/agora.xtec.cat\/zer-altllucanes\/wp-json\/wp\/v2\/categories?post=4745"},{"taxonomy":"post_tag","embeddable":true,"href":"https:\/\/agora.xtec.cat\/zer-altllucanes\/wp-json\/wp\/v2\/tags?post=4745"}],"curies":[{"name":"wp","href":"https:\/\/api.w.org\/{rel}","templated":true}]}}