{"id":4735,"date":"2017-11-06T12:22:41","date_gmt":"2017-11-06T11:22:41","guid":{"rendered":"http:\/\/agora.xtec.cat\/zer-altllucanes\/?p=4735"},"modified":"2017-11-06T17:13:05","modified_gmt":"2017-11-06T16:13:05","slug":"ja-som-a-la-casa-de-colonies-el-moli-de-la-torre","status":"publish","type":"post","link":"https:\/\/agora.xtec.cat\/zer-altllucanes\/general\/ja-som-a-la-casa-de-colonies-el-moli-de-la-torre\/","title":{"rendered":"Ja som a la casa de col\u00f2nies El Mol\u00ed de la Riera"},"content":{"rendered":"<p>Els petits i mitjans ja som a la casa de Col\u00f2nies <em><a href=\"http:\/\/www.molidelariera.com\/\">El Mol\u00ed de la Riera<\/a><\/em>. Primer hem esmorzat i despr\u00e9s hem sortit a jugar a fora, per aprofitar el sol que fa. Tenim uns camps d&#8217;herba fant\u00e0stics per poder rodolar, saltar, jugar a futbol,&#8230;<\/p>\n<p><a href=\"https:\/\/photos.app.goo.gl\/JTPAtkWlFufKVnuF3\"><img loading=\"lazy\" decoding=\"async\" class=\"alignnone size-large wp-image-4736\" src=\"http:\/\/agora.xtec.cat\/zer-altllucanes\/wp-content\/uploads\/usu1122\/2017\/11\/IMG_20171106_102558-COLLAGE-1024x1024.jpg\" alt=\"\" width=\"1024\" height=\"1024\" srcset=\"https:\/\/agora.xtec.cat\/zer-altllucanes\/wp-content\/uploads\/usu1122\/2017\/11\/IMG_20171106_102558-COLLAGE-1024x1024.jpg 1024w, https:\/\/agora.xtec.cat\/zer-altllucanes\/wp-content\/uploads\/usu1122\/2017\/11\/IMG_20171106_102558-COLLAGE-150x150.jpg 150w, https:\/\/agora.xtec.cat\/zer-altllucanes\/wp-content\/uploads\/usu1122\/2017\/11\/IMG_20171106_102558-COLLAGE-300x300.jpg 300w, https:\/\/agora.xtec.cat\/zer-altllucanes\/wp-content\/uploads\/usu1122\/2017\/11\/IMG_20171106_102558-COLLAGE-768x768.jpg 768w, https:\/\/agora.xtec.cat\/zer-altllucanes\/wp-content\/uploads\/usu1122\/2017\/11\/IMG_20171106_102558-COLLAGE.jpg 2047w\" sizes=\"auto, (max-width: 1024px) 100vw, 1024px\" \/><\/a><\/p>\n<p><a href=\"http:\/\/www.molidelariera.com\/\"><img loading=\"lazy\" decoding=\"async\" class=\"alignnone size-full wp-image-4753\" src=\"http:\/\/agora.xtec.cat\/zer-altllucanes\/wp-content\/uploads\/usu1122\/2017\/11\/Screenshot-2017-11-06-at-17.10.54.png\" alt=\"\" width=\"898\" height=\"604\" srcset=\"https:\/\/agora.xtec.cat\/zer-altllucanes\/wp-content\/uploads\/usu1122\/2017\/11\/Screenshot-2017-11-06-at-17.10.54.png 898w, https:\/\/agora.xtec.cat\/zer-altllucanes\/wp-content\/uploads\/usu1122\/2017\/11\/Screenshot-2017-11-06-at-17.10.54-300x202.png 300w, https:\/\/agora.xtec.cat\/zer-altllucanes\/wp-content\/uploads\/usu1122\/2017\/11\/Screenshot-2017-11-06-at-17.10.54-768x517.png 768w\" sizes=\"auto, (max-width: 898px) 100vw, 898px\" \/><\/a><\/p>\n","protected":false},"excerpt":{"rendered":"<p>Els petits i mitjans ja som a la casa de Col\u00f2nies <a href=\"http:\/\/www.molidelariera.com\/\">El Mol\u00ed de la Riera<\/a>. Primer hem esmorzat i despr\u00e9s hem sortit a jugar a fora, per aprofitar el sol que fa. Tenim uns camps d&#8217;herba fant\u00e0stics per poder rodolar, saltar, jugar a&hellip;  <a href=\"https:\/\/agora.xtec.cat\/zer-altllucanes\/general\/ja-som-a-la-casa-de-colonies-el-moli-de-la-torre\/\" title=\"Read Ja som a la casa de col\u00f2nies El Mol\u00ed de la Riera\">Llegeix m\u00e9s\u00bb<\/a><\/p>\n","protected":false},"author":1,"featured_media":4736,"comment_status":"open","ping_status":"closed","sticky":false,"template":"","format":"standard","meta":{"_bbp_topic_count":0,"_bbp_reply_count":0,"_bbp_total_topic_count":0,"_bbp_total_reply_count":0,"_bbp_voice_count":0,"_bbp_anonymous_reply_count":0,"_bbp_topic_count_hidden":0,"_bbp_reply_count_hidden":0,"_bbp_forum_subforum_count":0,"footnotes":""},"categories":[1],"tags":[110],"class_list":["post-4735","post","type-post","status-publish","format-standard","has-post-thumbnail","hentry","category-general","tag-colonies2017"],"post_mailing_queue_ids":[],"_links":{"self":[{"href":"https:\/\/agora.xtec.cat\/zer-altllucanes\/wp-json\/wp\/v2\/posts\/4735","targetHints":{"allow":["GET"]}}],"collection":[{"href":"https:\/\/agora.xtec.cat\/zer-altllucanes\/wp-json\/wp\/v2\/posts"}],"about":[{"href":"https:\/\/agora.xtec.cat\/zer-altllucanes\/wp-json\/wp\/v2\/types\/post"}],"author":[{"embeddable":true,"href":"https:\/\/agora.xtec.cat\/zer-altllucanes\/wp-json\/wp\/v2\/users\/1"}],"replies":[{"embeddable":true,"href":"https:\/\/agora.xtec.cat\/zer-altllucanes\/wp-json\/wp\/v2\/comments?post=4735"}],"version-history":[{"count":3,"href":"https:\/\/agora.xtec.cat\/zer-altllucanes\/wp-json\/wp\/v2\/posts\/4735\/revisions"}],"predecessor-version":[{"id":4754,"href":"https:\/\/agora.xtec.cat\/zer-altllucanes\/wp-json\/wp\/v2\/posts\/4735\/revisions\/4754"}],"wp:featuredmedia":[{"embeddable":true,"href":"https:\/\/agora.xtec.cat\/zer-altllucanes\/wp-json\/wp\/v2\/media\/4736"}],"wp:attachment":[{"href":"https:\/\/agora.xtec.cat\/zer-altllucanes\/wp-json\/wp\/v2\/media?parent=4735"}],"wp:term":[{"taxonomy":"category","embeddable":true,"href":"https:\/\/agora.xtec.cat\/zer-altllucanes\/wp-json\/wp\/v2\/categories?post=4735"},{"taxonomy":"post_tag","embeddable":true,"href":"https:\/\/agora.xtec.cat\/zer-altllucanes\/wp-json\/wp\/v2\/tags?post=4735"}],"curies":[{"name":"wp","href":"https:\/\/api.w.org\/{rel}","templated":true}]}}