{"id":4552,"date":"2017-11-20T09:57:57","date_gmt":"2017-11-20T08:57:57","guid":{"rendered":"http:\/\/agora.xtec.cat\/zer-altllucanes\/?p=4552"},"modified":"2017-10-13T10:32:22","modified_gmt":"2017-10-13T08:32:22","slug":"us-convidem-a-participar-a-la-xerrada-coloqui-caminant-cap-a-lautonomia","status":"publish","type":"post","link":"https:\/\/agora.xtec.cat\/zer-altllucanes\/general\/us-convidem-a-participar-a-la-xerrada-coloqui-caminant-cap-a-lautonomia\/","title":{"rendered":"Us convidem a participar a la xerrada-col\u00f2qui &#8220;Caminant cap a l&#8217;autonomia&#8221;"},"content":{"rendered":"<p>El proper dijous 30 de novembre se celebrar\u00e0 una formaci\u00f3-col\u00f2qui sobre com ajudar als \u00a0nens i les nenes ha ser m\u00e9s aut\u00f2noms, a c\u00e0rrec de Montserrat Plana d&#8217;Espaifa, \u00a0a Santa Eul\u00e0lia de Puig-Oriol. Aquesta xerrada forma part del programa Creixem Plegats-Escola de pares i mares del Llu\u00e7an\u00e8s.\u00a0<span style=\"text-decoration: underline;\">U<\/span>n programa que aportar\u00e0 a les fam\u00edlies espais de reflexi\u00f3 i aprenentatge sobre diferents aspectes educatius que els permeti establir uns vincles familiars positius que possibilitin al fill\/a un millor aprenentatge i una construcci\u00f3 personal equilibrada, emprenedora i creadora.<\/p>\n<p><a href=\"http:\/\/agora.xtec.cat\/zer-altllucanes\/wp-content\/uploads\/usu1122\/2017\/11\/Screenshot-2017-10-13-at-10.28.02.png\"><img loading=\"lazy\" decoding=\"async\" class=\"size-full wp-image-4557 aligncenter\" src=\"http:\/\/agora.xtec.cat\/zer-altllucanes\/wp-content\/uploads\/usu1122\/2017\/11\/Screenshot-2017-10-13-at-10.28.02.png\" alt=\"\" width=\"426\" height=\"153\" srcset=\"https:\/\/agora.xtec.cat\/zer-altllucanes\/wp-content\/uploads\/usu1122\/2017\/11\/Screenshot-2017-10-13-at-10.28.02.png 426w, https:\/\/agora.xtec.cat\/zer-altllucanes\/wp-content\/uploads\/usu1122\/2017\/11\/Screenshot-2017-10-13-at-10.28.02-300x108.png 300w\" sizes=\"auto, (max-width: 426px) 100vw, 426px\" \/><\/a><\/p>\n<p><a href=\"http:\/\/www.llucanes.cat\/punt-nova-edicio-creixem-plegats-escola-pares-mares-llucanes-2\/\"><img loading=\"lazy\" decoding=\"async\" class=\"wp-image-4553 aligncenter\" src=\"http:\/\/agora.xtec.cat\/zer-altllucanes\/wp-content\/uploads\/usu1122\/2017\/10\/Screenshot-2017-10-13-at-09.56.05.png\" alt=\"\" width=\"614\" height=\"217\" srcset=\"https:\/\/agora.xtec.cat\/zer-altllucanes\/wp-content\/uploads\/usu1122\/2017\/10\/Screenshot-2017-10-13-at-09.56.05.png 955w, https:\/\/agora.xtec.cat\/zer-altllucanes\/wp-content\/uploads\/usu1122\/2017\/10\/Screenshot-2017-10-13-at-09.56.05-300x106.png 300w, https:\/\/agora.xtec.cat\/zer-altllucanes\/wp-content\/uploads\/usu1122\/2017\/10\/Screenshot-2017-10-13-at-09.56.05-768x272.png 768w\" sizes=\"auto, (max-width: 614px) 100vw, 614px\" \/><\/a><\/p>\n","protected":false},"excerpt":{"rendered":"<p>El proper dijous 30 de novembre se celebrar\u00e0 una formaci\u00f3-col\u00f2qui sobre com ajudar als \u00a0nens i les nenes ha ser m\u00e9s aut\u00f2noms, a c\u00e0rrec de Montserrat Plana d&#8217;Espaifa, \u00a0a Santa Eul\u00e0lia de Puig-Oriol. Aquesta xerrada forma part del programa Creixem Plegats-Escola de pares i mares&hellip;  <a href=\"https:\/\/agora.xtec.cat\/zer-altllucanes\/general\/us-convidem-a-participar-a-la-xerrada-coloqui-caminant-cap-a-lautonomia\/\" title=\"Read Us convidem a participar a la xerrada-col\u00f2qui &#8220;Caminant cap a l&#8217;autonomia&#8221;\">Llegeix m\u00e9s\u00bb<\/a><\/p>\n","protected":false},"author":1,"featured_media":4553,"comment_status":"open","ping_status":"closed","sticky":false,"template":"","format":"standard","meta":{"_bbp_topic_count":0,"_bbp_reply_count":0,"_bbp_total_topic_count":0,"_bbp_total_reply_count":0,"_bbp_voice_count":0,"_bbp_anonymous_reply_count":0,"_bbp_topic_count_hidden":0,"_bbp_reply_count_hidden":0,"_bbp_forum_subforum_count":0,"footnotes":""},"categories":[1],"tags":[],"class_list":["post-4552","post","type-post","status-publish","format-standard","has-post-thumbnail","hentry","category-general"],"post_mailing_queue_ids":[],"_links":{"self":[{"href":"https:\/\/agora.xtec.cat\/zer-altllucanes\/wp-json\/wp\/v2\/posts\/4552","targetHints":{"allow":["GET"]}}],"collection":[{"href":"https:\/\/agora.xtec.cat\/zer-altllucanes\/wp-json\/wp\/v2\/posts"}],"about":[{"href":"https:\/\/agora.xtec.cat\/zer-altllucanes\/wp-json\/wp\/v2\/types\/post"}],"author":[{"embeddable":true,"href":"https:\/\/agora.xtec.cat\/zer-altllucanes\/wp-json\/wp\/v2\/users\/1"}],"replies":[{"embeddable":true,"href":"https:\/\/agora.xtec.cat\/zer-altllucanes\/wp-json\/wp\/v2\/comments?post=4552"}],"version-history":[{"count":3,"href":"https:\/\/agora.xtec.cat\/zer-altllucanes\/wp-json\/wp\/v2\/posts\/4552\/revisions"}],"predecessor-version":[{"id":4560,"href":"https:\/\/agora.xtec.cat\/zer-altllucanes\/wp-json\/wp\/v2\/posts\/4552\/revisions\/4560"}],"wp:featuredmedia":[{"embeddable":true,"href":"https:\/\/agora.xtec.cat\/zer-altllucanes\/wp-json\/wp\/v2\/media\/4553"}],"wp:attachment":[{"href":"https:\/\/agora.xtec.cat\/zer-altllucanes\/wp-json\/wp\/v2\/media?parent=4552"}],"wp:term":[{"taxonomy":"category","embeddable":true,"href":"https:\/\/agora.xtec.cat\/zer-altllucanes\/wp-json\/wp\/v2\/categories?post=4552"},{"taxonomy":"post_tag","embeddable":true,"href":"https:\/\/agora.xtec.cat\/zer-altllucanes\/wp-json\/wp\/v2\/tags?post=4552"}],"curies":[{"name":"wp","href":"https:\/\/api.w.org\/{rel}","templated":true}]}}