{"id":4463,"date":"2017-09-29T12:11:30","date_gmt":"2017-09-29T10:11:30","guid":{"rendered":"http:\/\/agora.xtec.cat\/zer-altllucanes\/?p=4463"},"modified":"2017-10-09T15:21:16","modified_gmt":"2017-10-09T13:21:16","slug":"reunio-de-pares-escola-gafarro","status":"publish","type":"post","link":"https:\/\/agora.xtec.cat\/zer-altllucanes\/general\/reunio-de-pares-escola-gafarro\/","title":{"rendered":"REUNI\u00d3 DE PARES ESCOLA GAFARR\u00d3"},"content":{"rendered":"<p>Aquest passat dimarts dia 26 de setembre, a les 17&#8217;30h, va tenir lloc a la nostra escola la reuni\u00f3 de fam\u00edlies.<\/p>\n<p>Aquest any vam fer una reuni\u00f3 diferent, on es van dur a terme diferents din\u00e0miques.<\/p>\n<p>Al principi els nens i nenes m\u00e9s grans de l&#8217;escola, van donar la benvinguda als pares i els van explicar <strong>QU\u00c8<\/strong> TREBALLEM A L&#8217;ESCOLA I <strong>COM<\/strong> HO TREBALLEM!<\/p>\n<p>Seguidament, en un gran plaf\u00f3, penjaven de manera divertida uns caramels per les fam\u00edles, les <strong>VITAMINES DOLCES<\/strong>. Aquestes contenien missatges que els infants van escriure pels seus pares i mares. Per\u00f2 encara no el podien obrir, eh?<\/p>\n<p><a href=\"http:\/\/agora.xtec.cat\/zer-altllucanes\/wp-content\/uploads\/usu1122\/2017\/09\/OGLD2809.png\"><img loading=\"lazy\" decoding=\"async\" class=\"alignnone size-medium wp-image-4464\" src=\"http:\/\/agora.xtec.cat\/zer-altllucanes\/wp-content\/uploads\/usu1122\/2017\/09\/OGLD2809-300x225.png\" alt=\"\" width=\"300\" height=\"225\" srcset=\"https:\/\/agora.xtec.cat\/zer-altllucanes\/wp-content\/uploads\/usu1122\/2017\/09\/OGLD2809-300x225.png 300w, https:\/\/agora.xtec.cat\/zer-altllucanes\/wp-content\/uploads\/usu1122\/2017\/09\/OGLD2809-200x150.png 200w, https:\/\/agora.xtec.cat\/zer-altllucanes\/wp-content\/uploads\/usu1122\/2017\/09\/OGLD2809.png 750w\" sizes=\"auto, (max-width: 300px) 100vw, 300px\" \/><\/a><\/p>\n<p>Un cop totes les fam\u00edlies a l&#8217;aula dels grans, els pares i mares es van haver d&#8217;agrupar per &#8220;sabors&#8221; dels caramels per fer grups. Cada grup hauria de fer una mateixa din\u00e0mica on van visualitzar diferents v\u00eddeos d&#8217;informacions diverses de la reuni\u00f3: Zer, Sortides, col\u00f2nies, aniversaris, informes, menjador, SEP, Projecte espais, Bibliobus, Auxiliar de conversa, xarxes socials, etc. Posteriorment, tots els grups van explicar la part que els va tocar amb col\u00b7laboraci\u00f3 de les mestres de l&#8217;escola i l&#8217;equip directiu de ZER.<\/p>\n<p><a href=\"http:\/\/agora.xtec.cat\/zer-altllucanes\/wp-content\/uploads\/usu1122\/2017\/09\/DWYI5984.jpeg\"><img loading=\"lazy\" decoding=\"async\" class=\"alignnone size-medium wp-image-4465\" src=\"http:\/\/agora.xtec.cat\/zer-altllucanes\/wp-content\/uploads\/usu1122\/2017\/09\/DWYI5984-300x300.jpeg\" alt=\"\" width=\"300\" height=\"300\" srcset=\"https:\/\/agora.xtec.cat\/zer-altllucanes\/wp-content\/uploads\/usu1122\/2017\/09\/DWYI5984-300x300.jpeg 300w, https:\/\/agora.xtec.cat\/zer-altllucanes\/wp-content\/uploads\/usu1122\/2017\/09\/DWYI5984-150x150.jpeg 150w, https:\/\/agora.xtec.cat\/zer-altllucanes\/wp-content\/uploads\/usu1122\/2017\/09\/DWYI5984.jpeg 731w\" sizes=\"auto, (max-width: 300px) 100vw, 300px\" \/><\/a><\/p>\n<p>La coordinadora de menjador i les monitores tamb\u00e9 van assistir a la reuni\u00f3 per resoldre dubtes i aportar noves informacions.<\/p>\n<p><a href=\"http:\/\/agora.xtec.cat\/zer-altllucanes\/wp-content\/uploads\/usu1122\/2017\/09\/IMG_9866.jpg\"><img loading=\"lazy\" decoding=\"async\" class=\"alignnone size-medium wp-image-4466\" src=\"http:\/\/agora.xtec.cat\/zer-altllucanes\/wp-content\/uploads\/usu1122\/2017\/09\/IMG_9866-293x300.jpg\" alt=\"\" width=\"293\" height=\"300\" srcset=\"https:\/\/agora.xtec.cat\/zer-altllucanes\/wp-content\/uploads\/usu1122\/2017\/09\/IMG_9866-293x300.jpg 293w, https:\/\/agora.xtec.cat\/zer-altllucanes\/wp-content\/uploads\/usu1122\/2017\/09\/IMG_9866.jpg 662w\" sizes=\"auto, (max-width: 293px) 100vw, 293px\" \/><\/a><\/p>\n<p>Tot seguit, les fam\u00edlies van poder obrir la seva &#8220;vitamina dol\u00e7a&#8221;, un moment molt bonic i amb moltes emocions&#8230;<\/p>\n<p><a href=\"http:\/\/agora.xtec.cat\/zer-altllucanes\/wp-content\/uploads\/usu1122\/2017\/09\/TTVO4114.jpeg\"><img loading=\"lazy\" decoding=\"async\" class=\"alignnone size-medium wp-image-4467\" src=\"http:\/\/agora.xtec.cat\/zer-altllucanes\/wp-content\/uploads\/usu1122\/2017\/09\/TTVO4114-300x300.jpeg\" alt=\"\" width=\"300\" height=\"300\" srcset=\"https:\/\/agora.xtec.cat\/zer-altllucanes\/wp-content\/uploads\/usu1122\/2017\/09\/TTVO4114-300x300.jpeg 300w, https:\/\/agora.xtec.cat\/zer-altllucanes\/wp-content\/uploads\/usu1122\/2017\/09\/TTVO4114-150x150.jpeg 150w, https:\/\/agora.xtec.cat\/zer-altllucanes\/wp-content\/uploads\/usu1122\/2017\/09\/TTVO4114.jpeg 650w\" sizes=\"auto, (max-width: 300px) 100vw, 300px\" \/><\/a><\/p>\n<p>I qu\u00e8 van fer els pares i mares? Preparar una &#8220;vitamina dol\u00e7a&#8221; perqu\u00e8 l&#8217;endem\u00e0 els seus fills tamb\u00e9 tinguessin la seva vitamina.<\/p>\n<p><a href=\"http:\/\/agora.xtec.cat\/zer-altllucanes\/wp-content\/uploads\/usu1122\/2017\/09\/LRIG7195.jpeg\"><img loading=\"lazy\" decoding=\"async\" class=\"alignnone size-medium wp-image-4468\" src=\"http:\/\/agora.xtec.cat\/zer-altllucanes\/wp-content\/uploads\/usu1122\/2017\/09\/LRIG7195-300x300.jpeg\" alt=\"\" width=\"300\" height=\"300\" srcset=\"https:\/\/agora.xtec.cat\/zer-altllucanes\/wp-content\/uploads\/usu1122\/2017\/09\/LRIG7195-300x300.jpeg 300w, https:\/\/agora.xtec.cat\/zer-altllucanes\/wp-content\/uploads\/usu1122\/2017\/09\/LRIG7195-150x150.jpeg 150w, https:\/\/agora.xtec.cat\/zer-altllucanes\/wp-content\/uploads\/usu1122\/2017\/09\/LRIG7195.jpeg 650w\" sizes=\"auto, (max-width: 300px) 100vw, 300px\" \/><\/a><\/p>\n<p>En acabat, amb totes les portes de l&#8217;escola obertes, les fam\u00edlies van poder gaudir i degustar una maced\u00f2nia que havien preparat els infants, mentrestant tamb\u00e9 qui volia va poder veure el v\u00eddeo sencer de les informacions de la reuni\u00f3 que vam realitzar tota l&#8217;escola conjuntament, a l&#8217;aula d&#8217;educaci\u00f3 infantil, els pares van poder veure i manipular amb els materials que es treballen a infantil.<\/p>\n<p><a href=\"http:\/\/agora.xtec.cat\/zer-altllucanes\/wp-content\/uploads\/usu1122\/2017\/09\/IMG_9891.jpg\"><img loading=\"lazy\" decoding=\"async\" class=\"alignnone size-medium wp-image-4470\" src=\"http:\/\/agora.xtec.cat\/zer-altllucanes\/wp-content\/uploads\/usu1122\/2017\/09\/IMG_9891-225x300.jpg\" alt=\"\" width=\"225\" height=\"300\" srcset=\"https:\/\/agora.xtec.cat\/zer-altllucanes\/wp-content\/uploads\/usu1122\/2017\/09\/IMG_9891-225x300.jpg 225w, https:\/\/agora.xtec.cat\/zer-altllucanes\/wp-content\/uploads\/usu1122\/2017\/09\/IMG_9891.jpg 543w\" sizes=\"auto, (max-width: 225px) 100vw, 225px\" \/><\/a> <a href=\"http:\/\/agora.xtec.cat\/zer-altllucanes\/wp-content\/uploads\/usu1122\/2017\/09\/IMG_9892.jpg\"><img loading=\"lazy\" decoding=\"async\" class=\"alignnone size-medium wp-image-4471\" src=\"http:\/\/agora.xtec.cat\/zer-altllucanes\/wp-content\/uploads\/usu1122\/2017\/09\/IMG_9892-300x225.jpg\" alt=\"\" width=\"300\" height=\"225\" srcset=\"https:\/\/agora.xtec.cat\/zer-altllucanes\/wp-content\/uploads\/usu1122\/2017\/09\/IMG_9892-300x225.jpg 300w, https:\/\/agora.xtec.cat\/zer-altllucanes\/wp-content\/uploads\/usu1122\/2017\/09\/IMG_9892-768x577.jpg 768w, https:\/\/agora.xtec.cat\/zer-altllucanes\/wp-content\/uploads\/usu1122\/2017\/09\/IMG_9892-200x150.jpg 200w, https:\/\/agora.xtec.cat\/zer-altllucanes\/wp-content\/uploads\/usu1122\/2017\/09\/IMG_9892.jpg 847w\" sizes=\"auto, (max-width: 300px) 100vw, 300px\" \/><\/a><\/p>\n<p>I l&#8217;endem\u00e0 al mat\u00ed, tots els infants de l&#8217;escola, es van reunir a l&#8217;aula dels petits per poder obrir les &#8220;vitamines dolces&#8221; que els havien preparat els pares i mares.<\/p>\n<p>Moments de dol\u00e7or de bon mat\u00ed que fan que continuem aprenent tots plegats, infants, fam\u00edlies i mestres!<\/p>\n<p><a href=\"http:\/\/agora.xtec.cat\/zer-altllucanes\/wp-content\/uploads\/usu1122\/2017\/09\/CHFE6191.jpeg\"><img loading=\"lazy\" decoding=\"async\" class=\"alignnone size-medium wp-image-4469\" src=\"http:\/\/agora.xtec.cat\/zer-altllucanes\/wp-content\/uploads\/usu1122\/2017\/09\/CHFE6191-300x300.jpeg\" alt=\"\" width=\"300\" height=\"300\" srcset=\"https:\/\/agora.xtec.cat\/zer-altllucanes\/wp-content\/uploads\/usu1122\/2017\/09\/CHFE6191-300x300.jpeg 300w, https:\/\/agora.xtec.cat\/zer-altllucanes\/wp-content\/uploads\/usu1122\/2017\/09\/CHFE6191-150x150.jpeg 150w, https:\/\/agora.xtec.cat\/zer-altllucanes\/wp-content\/uploads\/usu1122\/2017\/09\/CHFE6191.jpeg 650w\" sizes=\"auto, (max-width: 300px) 100vw, 300px\" \/><\/a><\/p>\n<p>I per acabar aqu\u00ed teniu el v\u00eddeo de totes les informacions que es van donar a la reuni\u00f3:<\/p>\n<p><iframe loading=\"lazy\" title=\"Reuni\u00f3 fam\u00edlies Escola Gafarr\u00f3\" width=\"500\" height=\"375\" src=\"https:\/\/www.youtube.com\/embed\/VHFx1JA6bCQ?feature=oembed\" frameborder=\"0\" allow=\"accelerometer; autoplay; clipboard-write; encrypted-media; gyroscope; picture-in-picture; web-share\" referrerpolicy=\"strict-origin-when-cross-origin\" allowfullscreen><\/iframe><\/p>\n<p>Gr\u00e0cies a tots per venir!!!!<\/p>\n","protected":false},"excerpt":{"rendered":"<p>Aquest passat dimarts dia 26 de setembre, a les 17&#8217;30h, va tenir lloc a la nostra escola la reuni\u00f3 de fam\u00edlies.<br \/>\nAquest any vam fer una reuni\u00f3 diferent, on es van dur a terme diferents din\u00e0miques.<br \/>\nAl principi els nens i nenes m\u00e9s grans de l&#8217;escola, van&hellip;  <a href=\"https:\/\/agora.xtec.cat\/zer-altllucanes\/general\/reunio-de-pares-escola-gafarro\/\" title=\"Read REUNI\u00d3 DE PARES ESCOLA GAFARR\u00d3\">Llegeix m\u00e9s\u00bb<\/a><\/p>\n","protected":false},"author":3,"featured_media":4472,"comment_status":"open","ping_status":"closed","sticky":false,"template":"","format":"standard","meta":{"_bbp_topic_count":0,"_bbp_reply_count":0,"_bbp_total_topic_count":0,"_bbp_total_reply_count":0,"_bbp_voice_count":0,"_bbp_anonymous_reply_count":0,"_bbp_topic_count_hidden":0,"_bbp_reply_count_hidden":0,"_bbp_forum_subforum_count":0,"footnotes":""},"categories":[21,1],"tags":[104],"class_list":["post-4463","post","type-post","status-publish","format-standard","has-post-thumbnail","hentry","category-gafarro","category-general","tag-reuniofamilies"],"post_mailing_queue_ids":[],"_links":{"self":[{"href":"https:\/\/agora.xtec.cat\/zer-altllucanes\/wp-json\/wp\/v2\/posts\/4463","targetHints":{"allow":["GET"]}}],"collection":[{"href":"https:\/\/agora.xtec.cat\/zer-altllucanes\/wp-json\/wp\/v2\/posts"}],"about":[{"href":"https:\/\/agora.xtec.cat\/zer-altllucanes\/wp-json\/wp\/v2\/types\/post"}],"author":[{"embeddable":true,"href":"https:\/\/agora.xtec.cat\/zer-altllucanes\/wp-json\/wp\/v2\/users\/3"}],"replies":[{"embeddable":true,"href":"https:\/\/agora.xtec.cat\/zer-altllucanes\/wp-json\/wp\/v2\/comments?post=4463"}],"version-history":[{"count":3,"href":"https:\/\/agora.xtec.cat\/zer-altllucanes\/wp-json\/wp\/v2\/posts\/4463\/revisions"}],"predecessor-version":[{"id":4476,"href":"https:\/\/agora.xtec.cat\/zer-altllucanes\/wp-json\/wp\/v2\/posts\/4463\/revisions\/4476"}],"wp:featuredmedia":[{"embeddable":true,"href":"https:\/\/agora.xtec.cat\/zer-altllucanes\/wp-json\/wp\/v2\/media\/4472"}],"wp:attachment":[{"href":"https:\/\/agora.xtec.cat\/zer-altllucanes\/wp-json\/wp\/v2\/media?parent=4463"}],"wp:term":[{"taxonomy":"category","embeddable":true,"href":"https:\/\/agora.xtec.cat\/zer-altllucanes\/wp-json\/wp\/v2\/categories?post=4463"},{"taxonomy":"post_tag","embeddable":true,"href":"https:\/\/agora.xtec.cat\/zer-altllucanes\/wp-json\/wp\/v2\/tags?post=4463"}],"curies":[{"name":"wp","href":"https:\/\/api.w.org\/{rel}","templated":true}]}}