{"id":3978,"date":"2017-06-14T11:05:41","date_gmt":"2017-06-14T09:05:41","guid":{"rendered":"http:\/\/agora.xtec.cat\/zer-altllucanes\/?p=3978"},"modified":"2017-06-14T11:05:41","modified_gmt":"2017-06-14T09:05:41","slug":"bicicletada-escola-la-forja-i-escola-gafarro","status":"publish","type":"post","link":"https:\/\/agora.xtec.cat\/zer-altllucanes\/general\/bicicletada-escola-la-forja-i-escola-gafarro\/","title":{"rendered":"BICICLETADA ESCOLA LA FORJA I ESCOLA GAFARR\u00d3"},"content":{"rendered":"<p>DILLUNS PASSAT DIA 12 DE JUNY, ELS NENS I NENES DE CICLE MITJ\u00c0 I CICLE SUPERIOR DE LES ESCOLES D&#8217;ALPENS I SANTA EUL\u00c0LIA VAN COMPARTIR BICICLETADA.<\/p>\n<p>VA SER UN MAT\u00cd MOLT CALOR\u00d3S, PER\u00d2 ALHORA MOLT AGRADABLE.<\/p>\n<p>HEM D&#8217;AGRAIR LA COMPANYIA ALS PARES ACOMPANYANTS, MOLTES GR\u00c0CIES!!!<\/p>\n<p>I GR\u00c0CIES TAMB\u00c9 AL &#8220;COTXE ESCOMBRA&#8221; DE L&#8217;AJUNTAMENT DE LLU\u00c7\u00c0.<\/p>\n<p><a href=\"http:\/\/agora.xtec.cat\/zer-altllucanes\/wp-content\/uploads\/usu1122\/2017\/06\/IMG_5176.jpg\"><img loading=\"lazy\" decoding=\"async\" class=\"alignnone size-medium wp-image-3979\" src=\"http:\/\/agora.xtec.cat\/zer-altllucanes\/wp-content\/uploads\/usu1122\/2017\/06\/IMG_5176-300x225.jpg\" alt=\"IMG_5176\" width=\"300\" height=\"225\" srcset=\"https:\/\/agora.xtec.cat\/zer-altllucanes\/wp-content\/uploads\/usu1122\/2017\/06\/IMG_5176-300x225.jpg 300w, https:\/\/agora.xtec.cat\/zer-altllucanes\/wp-content\/uploads\/usu1122\/2017\/06\/IMG_5176-200x150.jpg 200w, https:\/\/agora.xtec.cat\/zer-altllucanes\/wp-content\/uploads\/usu1122\/2017\/06\/IMG_5176.jpg 720w\" sizes=\"auto, (max-width: 300px) 100vw, 300px\" \/><\/a> <a href=\"http:\/\/agora.xtec.cat\/zer-altllucanes\/wp-content\/uploads\/usu1122\/2017\/06\/IMG_5177.jpg\"><img loading=\"lazy\" decoding=\"async\" class=\"alignnone size-medium wp-image-3980\" src=\"http:\/\/agora.xtec.cat\/zer-altllucanes\/wp-content\/uploads\/usu1122\/2017\/06\/IMG_5177-300x225.jpg\" alt=\"IMG_5177\" width=\"300\" height=\"225\" srcset=\"https:\/\/agora.xtec.cat\/zer-altllucanes\/wp-content\/uploads\/usu1122\/2017\/06\/IMG_5177-300x225.jpg 300w, https:\/\/agora.xtec.cat\/zer-altllucanes\/wp-content\/uploads\/usu1122\/2017\/06\/IMG_5177-200x150.jpg 200w, https:\/\/agora.xtec.cat\/zer-altllucanes\/wp-content\/uploads\/usu1122\/2017\/06\/IMG_5177.jpg 720w\" sizes=\"auto, (max-width: 300px) 100vw, 300px\" \/><\/a> <a href=\"http:\/\/agora.xtec.cat\/zer-altllucanes\/wp-content\/uploads\/usu1122\/2017\/06\/IMG_5178.jpg\"><img loading=\"lazy\" decoding=\"async\" class=\"alignnone size-medium wp-image-3981\" src=\"http:\/\/agora.xtec.cat\/zer-altllucanes\/wp-content\/uploads\/usu1122\/2017\/06\/IMG_5178-300x225.jpg\" alt=\"IMG_5178\" width=\"300\" height=\"225\" srcset=\"https:\/\/agora.xtec.cat\/zer-altllucanes\/wp-content\/uploads\/usu1122\/2017\/06\/IMG_5178-300x225.jpg 300w, https:\/\/agora.xtec.cat\/zer-altllucanes\/wp-content\/uploads\/usu1122\/2017\/06\/IMG_5178-200x150.jpg 200w, https:\/\/agora.xtec.cat\/zer-altllucanes\/wp-content\/uploads\/usu1122\/2017\/06\/IMG_5178.jpg 720w\" sizes=\"auto, (max-width: 300px) 100vw, 300px\" \/><\/a> <a href=\"http:\/\/agora.xtec.cat\/zer-altllucanes\/wp-content\/uploads\/usu1122\/2017\/06\/IMG_5180.jpg\"><img loading=\"lazy\" decoding=\"async\" class=\"alignnone size-medium wp-image-3982\" src=\"http:\/\/agora.xtec.cat\/zer-altllucanes\/wp-content\/uploads\/usu1122\/2017\/06\/IMG_5180-300x169.jpg\" alt=\"IMG_5180\" width=\"300\" height=\"169\" srcset=\"https:\/\/agora.xtec.cat\/zer-altllucanes\/wp-content\/uploads\/usu1122\/2017\/06\/IMG_5180-300x169.jpg 300w, https:\/\/agora.xtec.cat\/zer-altllucanes\/wp-content\/uploads\/usu1122\/2017\/06\/IMG_5180.jpg 664w\" sizes=\"auto, (max-width: 300px) 100vw, 300px\" \/><\/a> <a href=\"http:\/\/agora.xtec.cat\/zer-altllucanes\/wp-content\/uploads\/usu1122\/2017\/06\/IMG_5181.jpg\"><img loading=\"lazy\" decoding=\"async\" class=\"alignnone size-medium wp-image-3983\" src=\"http:\/\/agora.xtec.cat\/zer-altllucanes\/wp-content\/uploads\/usu1122\/2017\/06\/IMG_5181-300x169.jpg\" alt=\"IMG_5181\" width=\"300\" height=\"169\" srcset=\"https:\/\/agora.xtec.cat\/zer-altllucanes\/wp-content\/uploads\/usu1122\/2017\/06\/IMG_5181-300x169.jpg 300w, https:\/\/agora.xtec.cat\/zer-altllucanes\/wp-content\/uploads\/usu1122\/2017\/06\/IMG_5181.jpg 664w\" sizes=\"auto, (max-width: 300px) 100vw, 300px\" \/><\/a><\/p>\n","protected":false},"excerpt":{"rendered":"<p>DILLUNS PASSAT DIA 12 DE JUNY, ELS NENS I NENES DE CICLE MITJ\u00c0 I CICLE SUPERIOR DE LES ESCOLES D&#8217;ALPENS I SANTA EUL\u00c0LIA VAN COMPARTIR BICICLETADA.<br \/>\nVA SER UN MAT\u00cd MOLT CALOR\u00d3S, PER\u00d2 ALHORA MOLT AGRADABLE.<br \/>\nHEM D&#8217;AGRAIR LA COMPANYIA ALS PARES ACOMPANYANTS, MOLTES GR\u00c0CIES!!!<br \/>\nI GR\u00c0CIES TAMB\u00c9&hellip;  <a href=\"https:\/\/agora.xtec.cat\/zer-altllucanes\/general\/bicicletada-escola-la-forja-i-escola-gafarro\/\" title=\"Read BICICLETADA ESCOLA LA FORJA I ESCOLA GAFARR\u00d3\">Llegeix m\u00e9s\u00bb<\/a><\/p>\n","protected":false},"author":3,"featured_media":3982,"comment_status":"open","ping_status":"closed","sticky":false,"template":"","format":"standard","meta":{"_bbp_topic_count":0,"_bbp_reply_count":0,"_bbp_total_topic_count":0,"_bbp_total_reply_count":0,"_bbp_voice_count":0,"_bbp_anonymous_reply_count":0,"_bbp_topic_count_hidden":0,"_bbp_reply_count_hidden":0,"_bbp_forum_subforum_count":0,"footnotes":""},"categories":[21,23,1],"tags":[],"class_list":["post-3978","post","type-post","status-publish","format-standard","has-post-thumbnail","hentry","category-gafarro","category-la-forja","category-general"],"post_mailing_queue_ids":[],"_links":{"self":[{"href":"https:\/\/agora.xtec.cat\/zer-altllucanes\/wp-json\/wp\/v2\/posts\/3978","targetHints":{"allow":["GET"]}}],"collection":[{"href":"https:\/\/agora.xtec.cat\/zer-altllucanes\/wp-json\/wp\/v2\/posts"}],"about":[{"href":"https:\/\/agora.xtec.cat\/zer-altllucanes\/wp-json\/wp\/v2\/types\/post"}],"author":[{"embeddable":true,"href":"https:\/\/agora.xtec.cat\/zer-altllucanes\/wp-json\/wp\/v2\/users\/3"}],"replies":[{"embeddable":true,"href":"https:\/\/agora.xtec.cat\/zer-altllucanes\/wp-json\/wp\/v2\/comments?post=3978"}],"version-history":[{"count":1,"href":"https:\/\/agora.xtec.cat\/zer-altllucanes\/wp-json\/wp\/v2\/posts\/3978\/revisions"}],"predecessor-version":[{"id":3984,"href":"https:\/\/agora.xtec.cat\/zer-altllucanes\/wp-json\/wp\/v2\/posts\/3978\/revisions\/3984"}],"wp:featuredmedia":[{"embeddable":true,"href":"https:\/\/agora.xtec.cat\/zer-altllucanes\/wp-json\/wp\/v2\/media\/3982"}],"wp:attachment":[{"href":"https:\/\/agora.xtec.cat\/zer-altllucanes\/wp-json\/wp\/v2\/media?parent=3978"}],"wp:term":[{"taxonomy":"category","embeddable":true,"href":"https:\/\/agora.xtec.cat\/zer-altllucanes\/wp-json\/wp\/v2\/categories?post=3978"},{"taxonomy":"post_tag","embeddable":true,"href":"https:\/\/agora.xtec.cat\/zer-altllucanes\/wp-json\/wp\/v2\/tags?post=3978"}],"curies":[{"name":"wp","href":"https:\/\/api.w.org\/{rel}","templated":true}]}}