{"id":3936,"date":"2017-06-08T16:28:02","date_gmt":"2017-06-08T14:28:02","guid":{"rendered":"http:\/\/agora.xtec.cat\/zer-altllucanes\/?p=3936"},"modified":"2017-06-08T16:28:02","modified_gmt":"2017-06-08T14:28:02","slug":"sortida-a-sant-boi-conferencies-i-autor","status":"publish","type":"post","link":"https:\/\/agora.xtec.cat\/zer-altllucanes\/general\/sortida-a-sant-boi-conferencies-i-autor\/","title":{"rendered":"SORTIDA A SANT BOI &#8211; CONFER\u00c8NCIES I AUTOR"},"content":{"rendered":"<p><strong>DIMARTS DIA 6 DE JUNY<\/strong>, ELS NENS I NENES DE LA ZER VAM ANAR A SANT BOI.<\/p>\n<p>ELS INFANTS I MESTRES DE L&#8217;ESCOLA DE SANT BOI VAN REBRE AMB M\u00daSICA I BALLS ALS INFANTS I MESTRES DE PERAFITA, ALPENS I SANTA EUL\u00c0LIA, TOT ENGRESCANT A TOTHOM A BALLAR.<\/p>\n<p><a href=\"http:\/\/agora.xtec.cat\/zer-altllucanes\/wp-content\/uploads\/usu1122\/2017\/06\/SAMO3934.jpeg\"><img loading=\"lazy\" decoding=\"async\" class=\"alignnone size-medium wp-image-3937\" src=\"http:\/\/agora.xtec.cat\/zer-altllucanes\/wp-content\/uploads\/usu1122\/2017\/06\/SAMO3934-300x300.jpeg\" alt=\"SAMO3934\" width=\"300\" height=\"300\" srcset=\"https:\/\/agora.xtec.cat\/zer-altllucanes\/wp-content\/uploads\/usu1122\/2017\/06\/SAMO3934-300x300.jpeg 300w, https:\/\/agora.xtec.cat\/zer-altllucanes\/wp-content\/uploads\/usu1122\/2017\/06\/SAMO3934-150x150.jpeg 150w, https:\/\/agora.xtec.cat\/zer-altllucanes\/wp-content\/uploads\/usu1122\/2017\/06\/SAMO3934.jpeg 650w\" sizes=\"auto, (max-width: 300px) 100vw, 300px\" \/><\/a><\/p>\n<p>ELS NENS I NENES D&#8217;INFANTIL, VAN TENIR LA VISITA D&#8217;EN VALENT\u00cd GUBIANES.<\/p>\n<p>EN VALENT\u00cd VA ENSENYAR ELS DIFERENTS TIPUS DE LLAPIS QUE UTILITZA PER DIBUIXAR, TAMB\u00c9 VA MOSTRAR LA VARIETAT DE PINZELLS AMB ELS QUE PINTA.<\/p>\n<p><a href=\"http:\/\/agora.xtec.cat\/zer-altllucanes\/wp-content\/uploads\/usu1122\/2017\/06\/TCRN8407.jpeg\"><img loading=\"lazy\" decoding=\"async\" class=\"alignnone size-medium wp-image-3939\" src=\"http:\/\/agora.xtec.cat\/zer-altllucanes\/wp-content\/uploads\/usu1122\/2017\/06\/TCRN8407-300x300.jpeg\" alt=\"TCRN8407\" width=\"300\" height=\"300\" srcset=\"https:\/\/agora.xtec.cat\/zer-altllucanes\/wp-content\/uploads\/usu1122\/2017\/06\/TCRN8407-300x300.jpeg 300w, https:\/\/agora.xtec.cat\/zer-altllucanes\/wp-content\/uploads\/usu1122\/2017\/06\/TCRN8407-150x150.jpeg 150w, https:\/\/agora.xtec.cat\/zer-altllucanes\/wp-content\/uploads\/usu1122\/2017\/06\/TCRN8407.jpeg 650w\" sizes=\"auto, (max-width: 300px) 100vw, 300px\" \/> <\/a><\/p>\n<p><span style=\"color: #000000;\"><a style=\"color: #000000;\" href=\"http:\/\/agora.xtec.cat\/zer-altllucanes\/wp-content\/uploads\/usu1122\/2017\/06\/TCRN8407.jpeg\">I VA ENSENYAR COM NOM\u00c9S AMB TRES COLORS (GROC, BLAU I MAGENTA) SURTEN M\u00c9S COLORS!!!<\/a>\u00a0<\/span><\/p>\n<p>EN VALENT\u00cd VA DEMANAR QUINA TEM\u00c0TICA TREBALL\u00c0VEM AQUEST ANY, I TOTS ALHORA VAN CRIDAR: L&#8217;AIGUA!!!! AIX\u00cd QUE DESPR\u00c9S DE DEMANAR QU\u00c8 VOLIEN QUE DIBUIX\u00c9S I SORTIR UNA GRAN VARIETAT D&#8217;ANIMALS, EN VALENT\u00cd VA DIBUIXAR UN ELEFANT QUE OMPLIA UN GOT D&#8217;AIGUA!!!<\/p>\n<p><a href=\"http:\/\/agora.xtec.cat\/zer-altllucanes\/wp-content\/uploads\/usu1122\/2017\/06\/TUSL4019.jpeg\"><img loading=\"lazy\" decoding=\"async\" class=\"alignnone size-medium wp-image-3940\" src=\"http:\/\/agora.xtec.cat\/zer-altllucanes\/wp-content\/uploads\/usu1122\/2017\/06\/TUSL4019-300x300.jpeg\" alt=\"TUSL4019\" width=\"300\" height=\"300\" srcset=\"https:\/\/agora.xtec.cat\/zer-altllucanes\/wp-content\/uploads\/usu1122\/2017\/06\/TUSL4019-300x300.jpeg 300w, https:\/\/agora.xtec.cat\/zer-altllucanes\/wp-content\/uploads\/usu1122\/2017\/06\/TUSL4019-150x150.jpeg 150w, https:\/\/agora.xtec.cat\/zer-altllucanes\/wp-content\/uploads\/usu1122\/2017\/06\/TUSL4019.jpeg 650w\" sizes=\"auto, (max-width: 300px) 100vw, 300px\" \/><\/a><\/p>\n<p>EN VALENT\u00cd VA PINTAR UN CEL PRECI\u00d3S, I ELS INFANTS VAN DIBUIXAR-HI ESTELS, SOLS, LLUNES&#8230;<\/p>\n<p><a href=\"http:\/\/agora.xtec.cat\/zer-altllucanes\/wp-content\/uploads\/usu1122\/2017\/06\/RRDH0007.jpeg\"><img loading=\"lazy\" decoding=\"async\" class=\"alignnone size-medium wp-image-3941\" src=\"http:\/\/agora.xtec.cat\/zer-altllucanes\/wp-content\/uploads\/usu1122\/2017\/06\/RRDH0007-300x300.jpeg\" alt=\"RRDH0007\" width=\"300\" height=\"300\" srcset=\"https:\/\/agora.xtec.cat\/zer-altllucanes\/wp-content\/uploads\/usu1122\/2017\/06\/RRDH0007-300x300.jpeg 300w, https:\/\/agora.xtec.cat\/zer-altllucanes\/wp-content\/uploads\/usu1122\/2017\/06\/RRDH0007-150x150.jpeg 150w, https:\/\/agora.xtec.cat\/zer-altllucanes\/wp-content\/uploads\/usu1122\/2017\/06\/RRDH0007.jpeg 650w\" sizes=\"auto, (max-width: 300px) 100vw, 300px\" \/><\/a><\/p>\n<p>DESPR\u00c9S D&#8217;AQUESTA ACTIVITAT, ELS INFANTS D&#8217;INFANTIL I CICLE INICIAL, VAN PODER GAUDIR D&#8217;UNS TALLERS QUE S&#8217;HAVIEN PREPARAT AL PATI DE L&#8217;ESCOLA DE SANT BOI, ON TOTHOM QUI VOLIA PODIA PARTICIPAR-HI:<\/p>\n<p><strong>TALLER DE MAQUILLATGE:<\/strong><\/p>\n<p><a href=\"http:\/\/agora.xtec.cat\/zer-altllucanes\/wp-content\/uploads\/usu1122\/2017\/06\/QLUC4829.jpeg\"><img loading=\"lazy\" decoding=\"async\" class=\"alignnone size-medium wp-image-3959\" src=\"http:\/\/agora.xtec.cat\/zer-altllucanes\/wp-content\/uploads\/usu1122\/2017\/06\/QLUC4829-300x300.jpeg\" alt=\"QLUC4829\" width=\"300\" height=\"300\" srcset=\"https:\/\/agora.xtec.cat\/zer-altllucanes\/wp-content\/uploads\/usu1122\/2017\/06\/QLUC4829-300x300.jpeg 300w, https:\/\/agora.xtec.cat\/zer-altllucanes\/wp-content\/uploads\/usu1122\/2017\/06\/QLUC4829-150x150.jpeg 150w, https:\/\/agora.xtec.cat\/zer-altllucanes\/wp-content\/uploads\/usu1122\/2017\/06\/QLUC4829.jpeg 650w\" sizes=\"auto, (max-width: 300px) 100vw, 300px\" \/><\/a><\/p>\n<p><strong>TALLER DE PINXOS DE FRUITA:<\/strong><\/p>\n<p><a href=\"http:\/\/agora.xtec.cat\/zer-altllucanes\/wp-content\/uploads\/usu1122\/2017\/06\/NFAI2632.jpeg\"><img loading=\"lazy\" decoding=\"async\" class=\"alignnone size-medium wp-image-3960\" src=\"http:\/\/agora.xtec.cat\/zer-altllucanes\/wp-content\/uploads\/usu1122\/2017\/06\/NFAI2632-300x300.jpeg\" alt=\"NFAI2632\" width=\"300\" height=\"300\" srcset=\"https:\/\/agora.xtec.cat\/zer-altllucanes\/wp-content\/uploads\/usu1122\/2017\/06\/NFAI2632-300x300.jpeg 300w, https:\/\/agora.xtec.cat\/zer-altllucanes\/wp-content\/uploads\/usu1122\/2017\/06\/NFAI2632-150x150.jpeg 150w, https:\/\/agora.xtec.cat\/zer-altllucanes\/wp-content\/uploads\/usu1122\/2017\/06\/NFAI2632.jpeg 650w\" sizes=\"auto, (max-width: 300px) 100vw, 300px\" \/><\/a><a href=\"http:\/\/agora.xtec.cat\/zer-altllucanes\/wp-content\/uploads\/usu1122\/2017\/06\/UFAM1452.jpeg\"><img loading=\"lazy\" decoding=\"async\" class=\"alignnone size-medium wp-image-3962\" src=\"http:\/\/agora.xtec.cat\/zer-altllucanes\/wp-content\/uploads\/usu1122\/2017\/06\/UFAM1452-300x300.jpeg\" alt=\"UFAM1452\" width=\"300\" height=\"300\" srcset=\"https:\/\/agora.xtec.cat\/zer-altllucanes\/wp-content\/uploads\/usu1122\/2017\/06\/UFAM1452-300x300.jpeg 300w, https:\/\/agora.xtec.cat\/zer-altllucanes\/wp-content\/uploads\/usu1122\/2017\/06\/UFAM1452-150x150.jpeg 150w, https:\/\/agora.xtec.cat\/zer-altllucanes\/wp-content\/uploads\/usu1122\/2017\/06\/UFAM1452.jpeg 650w\" sizes=\"auto, (max-width: 300px) 100vw, 300px\" \/><\/a><\/p>\n<p><strong>TALLER DE COLLARETS DE MACARRONS:<\/strong><\/p>\n<p><a href=\"http:\/\/agora.xtec.cat\/zer-altllucanes\/wp-content\/uploads\/usu1122\/2017\/06\/TCOI4650.jpeg\"><img loading=\"lazy\" decoding=\"async\" class=\"alignnone size-medium wp-image-3961\" src=\"http:\/\/agora.xtec.cat\/zer-altllucanes\/wp-content\/uploads\/usu1122\/2017\/06\/TCOI4650-300x300.jpeg\" alt=\"TCOI4650\" width=\"300\" height=\"300\" srcset=\"https:\/\/agora.xtec.cat\/zer-altllucanes\/wp-content\/uploads\/usu1122\/2017\/06\/TCOI4650-300x300.jpeg 300w, https:\/\/agora.xtec.cat\/zer-altllucanes\/wp-content\/uploads\/usu1122\/2017\/06\/TCOI4650-150x150.jpeg 150w, https:\/\/agora.xtec.cat\/zer-altllucanes\/wp-content\/uploads\/usu1122\/2017\/06\/TCOI4650.jpeg 650w\" sizes=\"auto, (max-width: 300px) 100vw, 300px\" \/><\/a><\/p>\n<p><strong>TAMB\u00c9 VAM PODER GAUDIR DE JOCS DIVERSOS AL PATI:<\/strong><\/p>\n<p><a href=\"http:\/\/agora.xtec.cat\/zer-altllucanes\/wp-content\/uploads\/usu1122\/2017\/06\/JUVH8792.jpeg\"><img loading=\"lazy\" decoding=\"async\" class=\"alignnone size-medium wp-image-3963\" src=\"http:\/\/agora.xtec.cat\/zer-altllucanes\/wp-content\/uploads\/usu1122\/2017\/06\/JUVH8792-300x300.jpeg\" alt=\"JUVH8792\" width=\"300\" height=\"300\" srcset=\"https:\/\/agora.xtec.cat\/zer-altllucanes\/wp-content\/uploads\/usu1122\/2017\/06\/JUVH8792-300x300.jpeg 300w, https:\/\/agora.xtec.cat\/zer-altllucanes\/wp-content\/uploads\/usu1122\/2017\/06\/JUVH8792-150x150.jpeg 150w, https:\/\/agora.xtec.cat\/zer-altllucanes\/wp-content\/uploads\/usu1122\/2017\/06\/JUVH8792.jpeg 669w\" sizes=\"auto, (max-width: 300px) 100vw, 300px\" \/><\/a><\/p>\n<p>D&#8217;ALTRA BANDA, ELS INFANTS DE PRIM\u00c0RIA VAN PODER GAUDIR DE LES CONFER\u00c8NCIES PREPARADES PELS NENS I NENES DE LES ESCOLES D&#8217;ALPENS I SANT BOI.<\/p>\n<p>LES SEVES EXPOSICIONS PREPARADES EN POWER POINT SOBRE EL <strong>RENAIXEMENT<\/strong>, ESTAVEN CENTRADES EN OBRES, PINTURES I AUTORS DE L&#8217;\u00c8POCA, ALGUNS DE MOLT IMPORTANTS COM: <strong>LEONARDO DA VINCI O MICHELANGELO.<\/strong><\/p>\n<p><a href=\"http:\/\/agora.xtec.cat\/zer-altllucanes\/wp-content\/uploads\/usu1122\/2017\/06\/IMG_4824.jpg\"><img loading=\"lazy\" decoding=\"async\" class=\"alignnone size-medium wp-image-3964\" src=\"http:\/\/agora.xtec.cat\/zer-altllucanes\/wp-content\/uploads\/usu1122\/2017\/06\/IMG_4824-300x225.jpg\" alt=\"IMG_4824\" width=\"300\" height=\"225\" srcset=\"https:\/\/agora.xtec.cat\/zer-altllucanes\/wp-content\/uploads\/usu1122\/2017\/06\/IMG_4824-300x225.jpg 300w, https:\/\/agora.xtec.cat\/zer-altllucanes\/wp-content\/uploads\/usu1122\/2017\/06\/IMG_4824-200x150.jpg 200w, https:\/\/agora.xtec.cat\/zer-altllucanes\/wp-content\/uploads\/usu1122\/2017\/06\/IMG_4824.jpg 717w\" sizes=\"auto, (max-width: 300px) 100vw, 300px\" \/><\/a> <a href=\"http:\/\/agora.xtec.cat\/zer-altllucanes\/wp-content\/uploads\/usu1122\/2017\/06\/IMG_4825.jpg\"><img loading=\"lazy\" decoding=\"async\" class=\"alignnone size-medium wp-image-3965\" src=\"http:\/\/agora.xtec.cat\/zer-altllucanes\/wp-content\/uploads\/usu1122\/2017\/06\/IMG_4825-300x225.jpg\" alt=\"IMG_4825\" width=\"300\" height=\"225\" srcset=\"https:\/\/agora.xtec.cat\/zer-altllucanes\/wp-content\/uploads\/usu1122\/2017\/06\/IMG_4825-300x225.jpg 300w, https:\/\/agora.xtec.cat\/zer-altllucanes\/wp-content\/uploads\/usu1122\/2017\/06\/IMG_4825-200x150.jpg 200w, https:\/\/agora.xtec.cat\/zer-altllucanes\/wp-content\/uploads\/usu1122\/2017\/06\/IMG_4825.jpg 717w\" sizes=\"auto, (max-width: 300px) 100vw, 300px\" \/><\/a> <a href=\"http:\/\/agora.xtec.cat\/zer-altllucanes\/wp-content\/uploads\/usu1122\/2017\/06\/IMG_4826.jpg\"><img loading=\"lazy\" decoding=\"async\" class=\"alignnone size-medium wp-image-3966\" src=\"http:\/\/agora.xtec.cat\/zer-altllucanes\/wp-content\/uploads\/usu1122\/2017\/06\/IMG_4826-300x225.jpg\" alt=\"IMG_4826\" width=\"300\" height=\"225\" srcset=\"https:\/\/agora.xtec.cat\/zer-altllucanes\/wp-content\/uploads\/usu1122\/2017\/06\/IMG_4826-300x225.jpg 300w, https:\/\/agora.xtec.cat\/zer-altllucanes\/wp-content\/uploads\/usu1122\/2017\/06\/IMG_4826-200x150.jpg 200w, https:\/\/agora.xtec.cat\/zer-altllucanes\/wp-content\/uploads\/usu1122\/2017\/06\/IMG_4826.jpg 615w\" sizes=\"auto, (max-width: 300px) 100vw, 300px\" \/><\/a> <a href=\"http:\/\/agora.xtec.cat\/zer-altllucanes\/wp-content\/uploads\/usu1122\/2017\/06\/IMG_4827.jpg\"><img loading=\"lazy\" decoding=\"async\" class=\"alignnone size-medium wp-image-3967\" src=\"http:\/\/agora.xtec.cat\/zer-altllucanes\/wp-content\/uploads\/usu1122\/2017\/06\/IMG_4827-300x225.jpg\" alt=\"IMG_4827\" width=\"300\" height=\"225\" srcset=\"https:\/\/agora.xtec.cat\/zer-altllucanes\/wp-content\/uploads\/usu1122\/2017\/06\/IMG_4827-300x225.jpg 300w, https:\/\/agora.xtec.cat\/zer-altllucanes\/wp-content\/uploads\/usu1122\/2017\/06\/IMG_4827-200x150.jpg 200w, https:\/\/agora.xtec.cat\/zer-altllucanes\/wp-content\/uploads\/usu1122\/2017\/06\/IMG_4827.jpg 717w\" sizes=\"auto, (max-width: 300px) 100vw, 300px\" \/><\/a><\/p>\n<p>TOTHOM VA QUEDAR MOLT CONTENT DE LA TROBADA I DE LES ACTIVITATS QUE ES VAN REALITZAR.<\/p>\n<p><b><i>\u00a0<\/i><\/b><\/p>\n","protected":false},"excerpt":{"rendered":"<p>DIMARTS DIA 6 DE JUNY, ELS NENS I NENES DE LA ZER VAM ANAR A SANT BOI.<br \/>\nELS INFANTS I MESTRES DE L&#8217;ESCOLA DE SANT BOI VAN REBRE AMB M\u00daSICA I BALLS ALS INFANTS I MESTRES DE PERAFITA, ALPENS I SANTA EUL\u00c0LIA, TOT ENGRESCANT A TOTHOM&hellip;  <a href=\"https:\/\/agora.xtec.cat\/zer-altllucanes\/general\/sortida-a-sant-boi-conferencies-i-autor\/\" title=\"Read SORTIDA A SANT BOI &#8211; CONFER\u00c8NCIES I AUTOR\">Llegeix m\u00e9s\u00bb<\/a><\/p>\n","protected":false},"author":3,"featured_media":3968,"comment_status":"open","ping_status":"closed","sticky":false,"template":"","format":"standard","meta":{"_bbp_topic_count":0,"_bbp_reply_count":0,"_bbp_total_topic_count":0,"_bbp_total_reply_count":0,"_bbp_voice_count":0,"_bbp_anonymous_reply_count":0,"_bbp_topic_count_hidden":0,"_bbp_reply_count_hidden":0,"_bbp_forum_subforum_count":0,"footnotes":""},"categories":[20,21,22,23,1],"tags":[],"class_list":["post-3936","post","type-post","status-publish","format-standard","has-post-thumbnail","hentry","category-aurora","category-gafarro","category-heurom","category-la-forja","category-general"],"post_mailing_queue_ids":[],"_links":{"self":[{"href":"https:\/\/agora.xtec.cat\/zer-altllucanes\/wp-json\/wp\/v2\/posts\/3936","targetHints":{"allow":["GET"]}}],"collection":[{"href":"https:\/\/agora.xtec.cat\/zer-altllucanes\/wp-json\/wp\/v2\/posts"}],"about":[{"href":"https:\/\/agora.xtec.cat\/zer-altllucanes\/wp-json\/wp\/v2\/types\/post"}],"author":[{"embeddable":true,"href":"https:\/\/agora.xtec.cat\/zer-altllucanes\/wp-json\/wp\/v2\/users\/3"}],"replies":[{"embeddable":true,"href":"https:\/\/agora.xtec.cat\/zer-altllucanes\/wp-json\/wp\/v2\/comments?post=3936"}],"version-history":[{"count":2,"href":"https:\/\/agora.xtec.cat\/zer-altllucanes\/wp-json\/wp\/v2\/posts\/3936\/revisions"}],"predecessor-version":[{"id":3969,"href":"https:\/\/agora.xtec.cat\/zer-altllucanes\/wp-json\/wp\/v2\/posts\/3936\/revisions\/3969"}],"wp:featuredmedia":[{"embeddable":true,"href":"https:\/\/agora.xtec.cat\/zer-altllucanes\/wp-json\/wp\/v2\/media\/3968"}],"wp:attachment":[{"href":"https:\/\/agora.xtec.cat\/zer-altllucanes\/wp-json\/wp\/v2\/media?parent=3936"}],"wp:term":[{"taxonomy":"category","embeddable":true,"href":"https:\/\/agora.xtec.cat\/zer-altllucanes\/wp-json\/wp\/v2\/categories?post=3936"},{"taxonomy":"post_tag","embeddable":true,"href":"https:\/\/agora.xtec.cat\/zer-altllucanes\/wp-json\/wp\/v2\/tags?post=3936"}],"curies":[{"name":"wp","href":"https:\/\/api.w.org\/{rel}","templated":true}]}}