{"id":3881,"date":"2017-05-31T16:57:27","date_gmt":"2017-05-31T14:57:27","guid":{"rendered":"http:\/\/agora.xtec.cat\/zer-altllucanes\/?p=3881"},"modified":"2017-05-31T16:57:27","modified_gmt":"2017-05-31T14:57:27","slug":"final-del-certamen-de-lectura-en-veu-alta","status":"publish","type":"post","link":"https:\/\/agora.xtec.cat\/zer-altllucanes\/general\/final-del-certamen-de-lectura-en-veu-alta\/","title":{"rendered":"Final del Certamen de lectura en veu alta"},"content":{"rendered":"<p>L&#8217;escola Gafarr\u00f3 va arribar a la final del Certamen de lectura en veu alta despr\u00e9s de passar les dues fases anteriors. \u00c9s per aix\u00f2, que el dimarts 30 de maig tot l&#8217;alumnat de prim\u00e0ria va anar al Teatre Nacional de Catalunya (TNC) per fer suport al lector dels grumets vermells, el Nael.<\/p>\n<p>L&#8217;escola Gafarr\u00f3 est\u00e0 molt contenta d&#8217;haver pogut participar a la final.<\/p>\n<p><a href=\"http:\/\/agora.xtec.cat\/zer-altllucanes\/wp-content\/uploads\/usu1122\/2017\/05\/IMG_0082.jpg\"><img loading=\"lazy\" decoding=\"async\" class=\"alignnone size-medium wp-image-3890\" src=\"http:\/\/agora.xtec.cat\/zer-altllucanes\/wp-content\/uploads\/usu1122\/2017\/05\/IMG_0082-225x300.jpg\" alt=\"IMG_0082\" width=\"225\" height=\"300\" srcset=\"https:\/\/agora.xtec.cat\/zer-altllucanes\/wp-content\/uploads\/usu1122\/2017\/05\/IMG_0082-225x300.jpg 225w, https:\/\/agora.xtec.cat\/zer-altllucanes\/wp-content\/uploads\/usu1122\/2017\/05\/IMG_0082-768x1024.jpg 768w, https:\/\/agora.xtec.cat\/zer-altllucanes\/wp-content\/uploads\/usu1122\/2017\/05\/IMG_0082.jpg 1224w\" sizes=\"auto, (max-width: 225px) 100vw, 225px\" \/><\/a>\u00a0 \u00a0 \u00a0\u00a0<a href=\"http:\/\/agora.xtec.cat\/zer-altllucanes\/wp-content\/uploads\/usu1122\/2017\/05\/IMG_0107.jpg\"><img loading=\"lazy\" decoding=\"async\" class=\"alignnone size-medium wp-image-3891\" src=\"http:\/\/agora.xtec.cat\/zer-altllucanes\/wp-content\/uploads\/usu1122\/2017\/05\/IMG_0107-300x225.jpg\" alt=\"IMG_0107\" width=\"300\" height=\"225\" srcset=\"https:\/\/agora.xtec.cat\/zer-altllucanes\/wp-content\/uploads\/usu1122\/2017\/05\/IMG_0107-300x225.jpg 300w, https:\/\/agora.xtec.cat\/zer-altllucanes\/wp-content\/uploads\/usu1122\/2017\/05\/IMG_0107-768x576.jpg 768w, https:\/\/agora.xtec.cat\/zer-altllucanes\/wp-content\/uploads\/usu1122\/2017\/05\/IMG_0107-1024x768.jpg 1024w, https:\/\/agora.xtec.cat\/zer-altllucanes\/wp-content\/uploads\/usu1122\/2017\/05\/IMG_0107-200x150.jpg 200w, https:\/\/agora.xtec.cat\/zer-altllucanes\/wp-content\/uploads\/usu1122\/2017\/05\/IMG_0107.jpg 1632w\" sizes=\"auto, (max-width: 300px) 100vw, 300px\" \/><\/a><a href=\"http:\/\/agora.xtec.cat\/zer-altllucanes\/wp-content\/uploads\/usu1122\/2017\/05\/IMG_0130.jpg\"><img loading=\"lazy\" decoding=\"async\" class=\"alignnone size-medium wp-image-3892\" src=\"http:\/\/agora.xtec.cat\/zer-altllucanes\/wp-content\/uploads\/usu1122\/2017\/05\/IMG_0130-300x225.jpg\" alt=\"IMG_0130\" width=\"300\" height=\"225\" srcset=\"https:\/\/agora.xtec.cat\/zer-altllucanes\/wp-content\/uploads\/usu1122\/2017\/05\/IMG_0130-300x225.jpg 300w, https:\/\/agora.xtec.cat\/zer-altllucanes\/wp-content\/uploads\/usu1122\/2017\/05\/IMG_0130-768x576.jpg 768w, https:\/\/agora.xtec.cat\/zer-altllucanes\/wp-content\/uploads\/usu1122\/2017\/05\/IMG_0130-1024x768.jpg 1024w, https:\/\/agora.xtec.cat\/zer-altllucanes\/wp-content\/uploads\/usu1122\/2017\/05\/IMG_0130-200x150.jpg 200w, https:\/\/agora.xtec.cat\/zer-altllucanes\/wp-content\/uploads\/usu1122\/2017\/05\/IMG_0130.jpg 1632w\" sizes=\"auto, (max-width: 300px) 100vw, 300px\" \/><\/a><\/p>\n<p>&nbsp;<\/p>\n","protected":false},"excerpt":{"rendered":"<p>L&#8217;escola Gafarr\u00f3 va arribar a la final del Certamen de lectura en veu alta despr\u00e9s de passar les dues fases anteriors. \u00c9s per aix\u00f2, que el dimarts 30 de maig tot l&#8217;alumnat de prim\u00e0ria va anar al Teatre Nacional de Catalunya (TNC) per fer suport&hellip;  <a href=\"https:\/\/agora.xtec.cat\/zer-altllucanes\/general\/final-del-certamen-de-lectura-en-veu-alta\/\" title=\"Read Final del Certamen de lectura en veu alta\">Llegeix m\u00e9s\u00bb<\/a><\/p>\n","protected":false},"author":3,"featured_media":3890,"comment_status":"open","ping_status":"closed","sticky":false,"template":"","format":"standard","meta":{"_bbp_topic_count":0,"_bbp_reply_count":0,"_bbp_total_topic_count":0,"_bbp_total_reply_count":0,"_bbp_voice_count":0,"_bbp_anonymous_reply_count":0,"_bbp_topic_count_hidden":0,"_bbp_reply_count_hidden":0,"_bbp_forum_subforum_count":0,"footnotes":""},"categories":[21,1],"tags":[],"class_list":["post-3881","post","type-post","status-publish","format-standard","has-post-thumbnail","hentry","category-gafarro","category-general"],"post_mailing_queue_ids":[],"_links":{"self":[{"href":"https:\/\/agora.xtec.cat\/zer-altllucanes\/wp-json\/wp\/v2\/posts\/3881","targetHints":{"allow":["GET"]}}],"collection":[{"href":"https:\/\/agora.xtec.cat\/zer-altllucanes\/wp-json\/wp\/v2\/posts"}],"about":[{"href":"https:\/\/agora.xtec.cat\/zer-altllucanes\/wp-json\/wp\/v2\/types\/post"}],"author":[{"embeddable":true,"href":"https:\/\/agora.xtec.cat\/zer-altllucanes\/wp-json\/wp\/v2\/users\/3"}],"replies":[{"embeddable":true,"href":"https:\/\/agora.xtec.cat\/zer-altllucanes\/wp-json\/wp\/v2\/comments?post=3881"}],"version-history":[{"count":1,"href":"https:\/\/agora.xtec.cat\/zer-altllucanes\/wp-json\/wp\/v2\/posts\/3881\/revisions"}],"predecessor-version":[{"id":3893,"href":"https:\/\/agora.xtec.cat\/zer-altllucanes\/wp-json\/wp\/v2\/posts\/3881\/revisions\/3893"}],"wp:featuredmedia":[{"embeddable":true,"href":"https:\/\/agora.xtec.cat\/zer-altllucanes\/wp-json\/wp\/v2\/media\/3890"}],"wp:attachment":[{"href":"https:\/\/agora.xtec.cat\/zer-altllucanes\/wp-json\/wp\/v2\/media?parent=3881"}],"wp:term":[{"taxonomy":"category","embeddable":true,"href":"https:\/\/agora.xtec.cat\/zer-altllucanes\/wp-json\/wp\/v2\/categories?post=3881"},{"taxonomy":"post_tag","embeddable":true,"href":"https:\/\/agora.xtec.cat\/zer-altllucanes\/wp-json\/wp\/v2\/tags?post=3881"}],"curies":[{"name":"wp","href":"https:\/\/api.w.org\/{rel}","templated":true}]}}