{"id":2708,"date":"2016-10-24T13:09:52","date_gmt":"2016-10-24T11:09:52","guid":{"rendered":"http:\/\/agora.xtec.cat\/zer-altllucanes\/?p=2708"},"modified":"2016-10-24T13:14:35","modified_gmt":"2016-10-24T11:14:35","slug":"activitats-i-aprenentatges-al-gafarro","status":"publish","type":"post","link":"https:\/\/agora.xtec.cat\/zer-altllucanes\/general\/activitats-i-aprenentatges-al-gafarro\/","title":{"rendered":"ACTIVITATS I APRENENTATGES AL GAFARR\u00d3"},"content":{"rendered":"<p>AQUESTS DARRERES DIES AL GAFARR\u00d3, HEM FET ACTIVITATS I APRENENTATGES BEN ENTRETINGUTS.<br \/>\nAQU\u00cd TENIU UN RECULL D&#8217;IMATGES&#8230;<\/p>\n<p>VAM TRIAR EL NOM PER LA NOSTRA CLASSE D&#8217;INFANTIL, <strong>SOM LES N\u00c0IADES<\/strong>. I HEM DECORAT L&#8217;ENTRADA I LA PORTA DE L&#8217;AULA FENT BOMBOLLES AMB PINTURA I CARTR\u00d3 D&#8217;WC. DESPR\u00c9S VAM PINTAR LES N\u00c0IADES AMB CERES DE COLORS, LES VAM ENVERNISSAR, I LES VAM PUNXAR AMB UN PUNX\u00d3. ELS M\u00c9S GRANS VAN AJUDAR ALS M\u00c9S PETITS DE LES N\u00c0IADES.<\/p>\n<p><a href=\"http:\/\/agora.xtec.cat\/zer-altllucanes\/wp-content\/uploads\/usu1122\/2016\/10\/BXIJ9718.jpeg\"><img loading=\"lazy\" decoding=\"async\" src=\"http:\/\/agora.xtec.cat\/zer-altllucanes\/wp-content\/uploads\/usu1122\/2016\/10\/BXIJ9718.jpeg\" alt=\"bxij9718\" width=\"580\" height=\"580\" class=\"aligncenter size-full wp-image-2709\" srcset=\"https:\/\/agora.xtec.cat\/zer-altllucanes\/wp-content\/uploads\/usu1122\/2016\/10\/BXIJ9718.jpeg 580w, https:\/\/agora.xtec.cat\/zer-altllucanes\/wp-content\/uploads\/usu1122\/2016\/10\/BXIJ9718-150x150.jpeg 150w, https:\/\/agora.xtec.cat\/zer-altllucanes\/wp-content\/uploads\/usu1122\/2016\/10\/BXIJ9718-300x300.jpeg 300w\" sizes=\"auto, (max-width: 580px) 100vw, 580px\" \/><\/a><\/p>\n<p><a href=\"http:\/\/agora.xtec.cat\/zer-altllucanes\/wp-content\/uploads\/usu1122\/2016\/10\/CUDN9002.jpeg\"><img loading=\"lazy\" decoding=\"async\" src=\"http:\/\/agora.xtec.cat\/zer-altllucanes\/wp-content\/uploads\/usu1122\/2016\/10\/CUDN9002.jpeg\" alt=\"cudn9002\" width=\"580\" height=\"580\" class=\"aligncenter size-large wp-image-2710\" srcset=\"https:\/\/agora.xtec.cat\/zer-altllucanes\/wp-content\/uploads\/usu1122\/2016\/10\/CUDN9002.jpeg 580w, https:\/\/agora.xtec.cat\/zer-altllucanes\/wp-content\/uploads\/usu1122\/2016\/10\/CUDN9002-150x150.jpeg 150w, https:\/\/agora.xtec.cat\/zer-altllucanes\/wp-content\/uploads\/usu1122\/2016\/10\/CUDN9002-300x300.jpeg 300w\" sizes=\"auto, (max-width: 580px) 100vw, 580px\" \/><\/a><\/p>\n<p>UN ALTRE DIA, APROFITANT <strong>ELEMENTS DE LA TARDOR I MATERIAL DE L&#8217;AULA<\/strong>, VAM FER <strong>SERIACIONS <\/strong>DE MANERA QUE ELS GRANS TAMB\u00c9 AJUDAVEN ALS PETITS. ES TRACTAVA D&#8217;<strong>ORDENAR ELS ELEMENTS<\/strong> ESMENTATS SEGONS EL MODEL QUE PROPOSAVEN ELS GRANS DEL GRUP.<\/p>\n<p><a href=\"http:\/\/agora.xtec.cat\/zer-altllucanes\/wp-content\/uploads\/usu1122\/2016\/10\/BLDB8231.jpeg\"><img loading=\"lazy\" decoding=\"async\" src=\"http:\/\/agora.xtec.cat\/zer-altllucanes\/wp-content\/uploads\/usu1122\/2016\/10\/BLDB8231.jpeg\" alt=\"bldb8231\" width=\"580\" height=\"580\" class=\"aligncenter size-full wp-image-2711\" srcset=\"https:\/\/agora.xtec.cat\/zer-altllucanes\/wp-content\/uploads\/usu1122\/2016\/10\/BLDB8231.jpeg 580w, https:\/\/agora.xtec.cat\/zer-altllucanes\/wp-content\/uploads\/usu1122\/2016\/10\/BLDB8231-150x150.jpeg 150w, https:\/\/agora.xtec.cat\/zer-altllucanes\/wp-content\/uploads\/usu1122\/2016\/10\/BLDB8231-300x300.jpeg 300w\" sizes=\"auto, (max-width: 580px) 100vw, 580px\" \/><\/a><\/p>\n<p><a href=\"http:\/\/agora.xtec.cat\/zer-altllucanes\/wp-content\/uploads\/usu1122\/2016\/10\/EFWP9417.png\"><img loading=\"lazy\" decoding=\"async\" src=\"http:\/\/agora.xtec.cat\/zer-altllucanes\/wp-content\/uploads\/usu1122\/2016\/10\/EFWP9417.png\" alt=\"efwp9417\" width=\"669\" height=\"502\" class=\"aligncenter size-large wp-image-2712\" srcset=\"https:\/\/agora.xtec.cat\/zer-altllucanes\/wp-content\/uploads\/usu1122\/2016\/10\/EFWP9417.png 669w, https:\/\/agora.xtec.cat\/zer-altllucanes\/wp-content\/uploads\/usu1122\/2016\/10\/EFWP9417-300x225.png 300w, https:\/\/agora.xtec.cat\/zer-altllucanes\/wp-content\/uploads\/usu1122\/2016\/10\/EFWP9417-200x150.png 200w\" sizes=\"auto, (max-width: 669px) 100vw, 669px\" \/><\/a><\/p>\n<p>UN ALTRE DIA, VAM FER UN JOC AMB LES PARTS DEL COS. A CADA PART DEL COS QUE S&#8217;ANOMENAVA A TRAV\u00c9S D&#8217;UNA CAN\u00c7\u00d3 ENS HAV\u00cdEM D&#8217;ENGANXAR UN GOMET O ENGANXAR-LI AL COMPANY QUE TEN\u00cdEM AL COSTAT. VAM RIURE MOLT!<\/p>\n<p><a href=\"http:\/\/agora.xtec.cat\/zer-altllucanes\/wp-content\/uploads\/usu1122\/2016\/10\/HEQB1054.jpeg\"><img loading=\"lazy\" decoding=\"async\" src=\"http:\/\/agora.xtec.cat\/zer-altllucanes\/wp-content\/uploads\/usu1122\/2016\/10\/HEQB1054.jpeg\" alt=\"heqb1054\" width=\"580\" height=\"580\" class=\"aligncenter size-full wp-image-2713\" srcset=\"https:\/\/agora.xtec.cat\/zer-altllucanes\/wp-content\/uploads\/usu1122\/2016\/10\/HEQB1054.jpeg 580w, https:\/\/agora.xtec.cat\/zer-altllucanes\/wp-content\/uploads\/usu1122\/2016\/10\/HEQB1054-150x150.jpeg 150w, https:\/\/agora.xtec.cat\/zer-altllucanes\/wp-content\/uploads\/usu1122\/2016\/10\/HEQB1054-300x300.jpeg 300w\" sizes=\"auto, (max-width: 580px) 100vw, 580px\" \/><\/a><\/p>\n<p><a href=\"http:\/\/agora.xtec.cat\/zer-altllucanes\/wp-content\/uploads\/usu1122\/2016\/10\/RCAB7581.jpeg\"><img loading=\"lazy\" decoding=\"async\" src=\"http:\/\/agora.xtec.cat\/zer-altllucanes\/wp-content\/uploads\/usu1122\/2016\/10\/RCAB7581.jpeg\" alt=\"rcab7581\" width=\"580\" height=\"580\" class=\"aligncenter size-large wp-image-2714\" srcset=\"https:\/\/agora.xtec.cat\/zer-altllucanes\/wp-content\/uploads\/usu1122\/2016\/10\/RCAB7581.jpeg 580w, https:\/\/agora.xtec.cat\/zer-altllucanes\/wp-content\/uploads\/usu1122\/2016\/10\/RCAB7581-150x150.jpeg 150w, https:\/\/agora.xtec.cat\/zer-altllucanes\/wp-content\/uploads\/usu1122\/2016\/10\/RCAB7581-300x300.jpeg 300w\" sizes=\"auto, (max-width: 580px) 100vw, 580px\" \/><\/a><\/p>\n<p>APROFITANT UN MAT\u00cd MOLT AGRADABLE PER PASSEJAR, VAM SORTIR A CAL PENYORA A COMPRAR UNA COL. AQUESTA SORTIDA LA VAM FER PERQU\u00c8 A M\u00c9S, ESTEM TREBALLANT EL <strong>PROJECTE D&#8217;EN PATUFET<\/strong>. LA CLASSE DE LES N\u00c0IADES VAM HAVER DE <strong>CON\u00c8IXER I IDENTIFICAR ALIMENTS, COMPRENDRE L&#8217;ACCI\u00d3 DE COMPRAR I VENDRE, SABER UTILITZAR ELS DINERS, A PART DE PRACTICAR LES NORMES DE SALUTACI\u00d3 I GR\u00c0CIES<\/strong>.<\/p>\n<p><a href=\"http:\/\/agora.xtec.cat\/zer-altllucanes\/wp-content\/uploads\/usu1122\/2016\/10\/PKCS1935.jpeg\"><img loading=\"lazy\" decoding=\"async\" src=\"http:\/\/agora.xtec.cat\/zer-altllucanes\/wp-content\/uploads\/usu1122\/2016\/10\/PKCS1935.jpeg\" alt=\"pkcs1935\" width=\"580\" height=\"580\" class=\"aligncenter size-full wp-image-2715\" srcset=\"https:\/\/agora.xtec.cat\/zer-altllucanes\/wp-content\/uploads\/usu1122\/2016\/10\/PKCS1935.jpeg 580w, https:\/\/agora.xtec.cat\/zer-altllucanes\/wp-content\/uploads\/usu1122\/2016\/10\/PKCS1935-150x150.jpeg 150w, https:\/\/agora.xtec.cat\/zer-altllucanes\/wp-content\/uploads\/usu1122\/2016\/10\/PKCS1935-300x300.jpeg 300w\" sizes=\"auto, (max-width: 580px) 100vw, 580px\" \/><\/a><\/p>\n<p>GR\u00c0CIES PER LA PACI\u00c8NCIA, TERESA \ud83d\ude09<\/p>\n<p>I COM QUE ENS AGRADA FER MANUALITATS I PINTAR, UN ALTRE DIA VAM ESTAR PINTANT OUERES I PINCES DE FUSTA D&#8217;ESTENDRE ROBA PER TREBALLAR <strong>LA NUMERACI\u00d3, LA QUANTITAT I ELS COLORS<\/strong>.<\/p>\n<p><a href=\"http:\/\/agora.xtec.cat\/zer-altllucanes\/wp-content\/uploads\/usu1122\/2016\/10\/IMG_4017.jpg\"><img loading=\"lazy\" decoding=\"async\" src=\"http:\/\/agora.xtec.cat\/zer-altllucanes\/wp-content\/uploads\/usu1122\/2016\/10\/IMG_4017.jpg\" alt=\"img_4017\" width=\"807\" height=\"605\" class=\"aligncenter size-full wp-image-2717\" srcset=\"https:\/\/agora.xtec.cat\/zer-altllucanes\/wp-content\/uploads\/usu1122\/2016\/10\/IMG_4017.jpg 807w, https:\/\/agora.xtec.cat\/zer-altllucanes\/wp-content\/uploads\/usu1122\/2016\/10\/IMG_4017-300x225.jpg 300w, https:\/\/agora.xtec.cat\/zer-altllucanes\/wp-content\/uploads\/usu1122\/2016\/10\/IMG_4017-768x576.jpg 768w, https:\/\/agora.xtec.cat\/zer-altllucanes\/wp-content\/uploads\/usu1122\/2016\/10\/IMG_4017-200x150.jpg 200w\" sizes=\"auto, (max-width: 807px) 100vw, 807px\" \/><\/a><\/p>\n<p><a href=\"http:\/\/agora.xtec.cat\/zer-altllucanes\/wp-content\/uploads\/usu1122\/2016\/10\/IMG_4027.jpg\"><img loading=\"lazy\" decoding=\"async\" src=\"http:\/\/agora.xtec.cat\/zer-altllucanes\/wp-content\/uploads\/usu1122\/2016\/10\/IMG_4027.jpg\" alt=\"img_4027\" width=\"545\" height=\"727\" class=\"aligncenter size-large wp-image-2718\" srcset=\"https:\/\/agora.xtec.cat\/zer-altllucanes\/wp-content\/uploads\/usu1122\/2016\/10\/IMG_4027.jpg 545w, https:\/\/agora.xtec.cat\/zer-altllucanes\/wp-content\/uploads\/usu1122\/2016\/10\/IMG_4027-225x300.jpg 225w\" sizes=\"auto, (max-width: 545px) 100vw, 545px\" \/><\/a><\/p>\n<p><a href=\"http:\/\/agora.xtec.cat\/zer-altllucanes\/wp-content\/uploads\/usu1122\/2016\/10\/IMG_4030.jpg\"><img loading=\"lazy\" decoding=\"async\" src=\"http:\/\/agora.xtec.cat\/zer-altllucanes\/wp-content\/uploads\/usu1122\/2016\/10\/IMG_4030.jpg\" alt=\"img_4030\" width=\"728\" height=\"489\" class=\"aligncenter size-large wp-image-2719\" srcset=\"https:\/\/agora.xtec.cat\/zer-altllucanes\/wp-content\/uploads\/usu1122\/2016\/10\/IMG_4030.jpg 728w, https:\/\/agora.xtec.cat\/zer-altllucanes\/wp-content\/uploads\/usu1122\/2016\/10\/IMG_4030-300x202.jpg 300w\" sizes=\"auto, (max-width: 728px) 100vw, 728px\" \/><\/a><\/p>\n<p>I TOT AIX\u00d2, HO FEM MOLT CONTENTS I FELI\u00c7OS \ud83d\ude42<\/p>\n","protected":false},"excerpt":{"rendered":"<p>AQUESTS DARRERES DIES AL GAFARR\u00d3, HEM FET ACTIVITATS I APRENENTATGES BEN ENTRETINGUTS.<br \/>\nAQU\u00cd TENIU UN RECULL D&#8217;IMATGES&#8230;<br \/>\nVAM TRIAR EL NOM PER LA NOSTRA CLASSE D&#8217;INFANTIL, SOM LES N\u00c0IADES. I HEM DECORAT L&#8217;ENTRADA I LA PORTA DE L&#8217;AULA FENT BOMBOLLES AMB PINTURA I CARTR\u00d3 D&#8217;WC. DESPR\u00c9S VAM&hellip;  <a href=\"https:\/\/agora.xtec.cat\/zer-altllucanes\/general\/activitats-i-aprenentatges-al-gafarro\/\" title=\"Read ACTIVITATS I APRENENTATGES AL GAFARR\u00d3\">Llegeix m\u00e9s\u00bb<\/a><\/p>\n","protected":false},"author":3,"featured_media":2711,"comment_status":"open","ping_status":"open","sticky":false,"template":"","format":"standard","meta":{"_bbp_topic_count":0,"_bbp_reply_count":0,"_bbp_total_topic_count":0,"_bbp_total_reply_count":0,"_bbp_voice_count":0,"_bbp_anonymous_reply_count":0,"_bbp_topic_count_hidden":0,"_bbp_reply_count_hidden":0,"_bbp_forum_subforum_count":0,"footnotes":""},"categories":[21,1],"tags":[],"class_list":["post-2708","post","type-post","status-publish","format-standard","has-post-thumbnail","hentry","category-gafarro","category-general"],"post_mailing_queue_ids":[],"_links":{"self":[{"href":"https:\/\/agora.xtec.cat\/zer-altllucanes\/wp-json\/wp\/v2\/posts\/2708","targetHints":{"allow":["GET"]}}],"collection":[{"href":"https:\/\/agora.xtec.cat\/zer-altllucanes\/wp-json\/wp\/v2\/posts"}],"about":[{"href":"https:\/\/agora.xtec.cat\/zer-altllucanes\/wp-json\/wp\/v2\/types\/post"}],"author":[{"embeddable":true,"href":"https:\/\/agora.xtec.cat\/zer-altllucanes\/wp-json\/wp\/v2\/users\/3"}],"replies":[{"embeddable":true,"href":"https:\/\/agora.xtec.cat\/zer-altllucanes\/wp-json\/wp\/v2\/comments?post=2708"}],"version-history":[{"count":3,"href":"https:\/\/agora.xtec.cat\/zer-altllucanes\/wp-json\/wp\/v2\/posts\/2708\/revisions"}],"predecessor-version":[{"id":2721,"href":"https:\/\/agora.xtec.cat\/zer-altllucanes\/wp-json\/wp\/v2\/posts\/2708\/revisions\/2721"}],"wp:featuredmedia":[{"embeddable":true,"href":"https:\/\/agora.xtec.cat\/zer-altllucanes\/wp-json\/wp\/v2\/media\/2711"}],"wp:attachment":[{"href":"https:\/\/agora.xtec.cat\/zer-altllucanes\/wp-json\/wp\/v2\/media?parent=2708"}],"wp:term":[{"taxonomy":"category","embeddable":true,"href":"https:\/\/agora.xtec.cat\/zer-altllucanes\/wp-json\/wp\/v2\/categories?post=2708"},{"taxonomy":"post_tag","embeddable":true,"href":"https:\/\/agora.xtec.cat\/zer-altllucanes\/wp-json\/wp\/v2\/tags?post=2708"}],"curies":[{"name":"wp","href":"https:\/\/api.w.org\/{rel}","templated":true}]}}