{"id":1164,"date":"2016-04-06T11:59:28","date_gmt":"2016-04-06T10:59:28","guid":{"rendered":"http:\/\/agora.xtec.cat\/zer-altllucanes\/?p=1164"},"modified":"2016-04-06T11:59:28","modified_gmt":"2016-04-06T10:59:28","slug":"dia-mundial-de-lactivitat-fisica-2016","status":"publish","type":"post","link":"https:\/\/agora.xtec.cat\/zer-altllucanes\/general\/dia-mundial-de-lactivitat-fisica-2016\/","title":{"rendered":"DIA MUNDIAL DE L&#8217;ACTIVITAT F\u00cdSICA 2016"},"content":{"rendered":"<p>AVUI A LES ESCOLES, HEM CELEBRAT <strong>EL DIA MUNDIAL DE L&#8217;ACTIVITAT F\u00cdSICA<\/strong>. DIA QUE PRET\u00c9N SENSIBILITZAR LA POBLACI\u00d3 SOBRE LA IMPORT\u00c0NCIA QUE T\u00c9 PER AL SEU BENESTAR ACONSEGUIR UN NIVELL D&#8217;ACTIVITAT F\u00cdSICA SALUDABLE. LES RECOMANACIONS DE L&#8217;OMS PER LA POBLACI\u00d3, \u00c9S QUE ELS ADULTS ACUMULEM 30 MINUTS D&#8217;ACTIVITAT F\u00cdSICA CADA DIA, I 60 MINUTS PER A INFANTS I ADOLESCENTS.<\/p>\n<p><a href=\"http:\/\/agora.xtec.cat\/zer-altllucanes\/wp-content\/uploads\/usu1122\/2016\/04\/IMG_7335.jpg\"><img loading=\"lazy\" decoding=\"async\" class=\"alignnone size-full wp-image-1173\" src=\"http:\/\/agora.xtec.cat\/zer-altllucanes\/wp-content\/uploads\/usu1122\/2016\/04\/IMG_7335.jpg\" alt=\"IMG_7335\" width=\"545\" height=\"727\" srcset=\"https:\/\/agora.xtec.cat\/zer-altllucanes\/wp-content\/uploads\/usu1122\/2016\/04\/IMG_7335.jpg 545w, https:\/\/agora.xtec.cat\/zer-altllucanes\/wp-content\/uploads\/usu1122\/2016\/04\/IMG_7335-225x300.jpg 225w\" sizes=\"auto, (max-width: 545px) 100vw, 545px\" \/><\/a> <a href=\"http:\/\/agora.xtec.cat\/zer-altllucanes\/wp-content\/uploads\/usu1122\/2016\/04\/IMG_7336.jpg\"><img loading=\"lazy\" decoding=\"async\" class=\"alignnone size-large wp-image-1174\" src=\"http:\/\/agora.xtec.cat\/zer-altllucanes\/wp-content\/uploads\/usu1122\/2016\/04\/IMG_7336.jpg\" alt=\"IMG_7336\" width=\"646\" height=\"484\" srcset=\"https:\/\/agora.xtec.cat\/zer-altllucanes\/wp-content\/uploads\/usu1122\/2016\/04\/IMG_7336.jpg 646w, https:\/\/agora.xtec.cat\/zer-altllucanes\/wp-content\/uploads\/usu1122\/2016\/04\/IMG_7336-300x225.jpg 300w, https:\/\/agora.xtec.cat\/zer-altllucanes\/wp-content\/uploads\/usu1122\/2016\/04\/IMG_7336-200x150.jpg 200w\" sizes=\"auto, (max-width: 646px) 100vw, 646px\" \/><\/a> <a href=\"http:\/\/agora.xtec.cat\/zer-altllucanes\/wp-content\/uploads\/usu1122\/2016\/04\/IMG_7339.jpg\"><img loading=\"lazy\" decoding=\"async\" class=\"alignnone size-large wp-image-1175\" src=\"http:\/\/agora.xtec.cat\/zer-altllucanes\/wp-content\/uploads\/usu1122\/2016\/04\/IMG_7339.jpg\" alt=\"IMG_7339\" width=\"778\" height=\"437\" srcset=\"https:\/\/agora.xtec.cat\/zer-altllucanes\/wp-content\/uploads\/usu1122\/2016\/04\/IMG_7339.jpg 778w, https:\/\/agora.xtec.cat\/zer-altllucanes\/wp-content\/uploads\/usu1122\/2016\/04\/IMG_7339-300x169.jpg 300w\" sizes=\"auto, (max-width: 778px) 100vw, 778px\" \/><\/a> <a href=\"http:\/\/agora.xtec.cat\/zer-altllucanes\/wp-content\/uploads\/usu1122\/2016\/04\/IMG_7340.jpg\"><img loading=\"lazy\" decoding=\"async\" class=\"alignnone size-large wp-image-1176\" src=\"http:\/\/agora.xtec.cat\/zer-altllucanes\/wp-content\/uploads\/usu1122\/2016\/04\/IMG_7340.jpg\" alt=\"IMG_7340\" width=\"717\" height=\"404\" srcset=\"https:\/\/agora.xtec.cat\/zer-altllucanes\/wp-content\/uploads\/usu1122\/2016\/04\/IMG_7340.jpg 717w, https:\/\/agora.xtec.cat\/zer-altllucanes\/wp-content\/uploads\/usu1122\/2016\/04\/IMG_7340-300x169.jpg 300w\" sizes=\"auto, (max-width: 717px) 100vw, 717px\" \/><\/a><\/p>\n","protected":false},"excerpt":{"rendered":"<p>AVUI A LES ESCOLES, HEM CELEBRAT EL DIA MUNDIAL DE L&#8217;ACTIVITAT F\u00cdSICA. DIA QUE PRET\u00c9N SENSIBILITZAR LA POBLACI\u00d3 SOBRE LA IMPORT\u00c0NCIA QUE T\u00c9 PER AL SEU BENESTAR ACONSEGUIR UN NIVELL D&#8217;ACTIVITAT F\u00cdSICA SALUDABLE. LES RECOMANACIONS DE L&#8217;OMS PER LA POBLACI\u00d3, \u00c9S QUE ELS ADULTS ACUMULEM&hellip;  <a href=\"https:\/\/agora.xtec.cat\/zer-altllucanes\/general\/dia-mundial-de-lactivitat-fisica-2016\/\" title=\"Read DIA MUNDIAL DE L&#8217;ACTIVITAT F\u00cdSICA 2016\">Llegeix m\u00e9s\u00bb<\/a><\/p>\n","protected":false},"author":3,"featured_media":1173,"comment_status":"open","ping_status":"open","sticky":false,"template":"","format":"standard","meta":{"_bbp_topic_count":0,"_bbp_reply_count":0,"_bbp_total_topic_count":0,"_bbp_total_reply_count":0,"_bbp_voice_count":0,"_bbp_anonymous_reply_count":0,"_bbp_topic_count_hidden":0,"_bbp_reply_count_hidden":0,"_bbp_forum_subforum_count":0,"footnotes":""},"categories":[20,21,22,23,1],"tags":[],"class_list":["post-1164","post","type-post","status-publish","format-standard","has-post-thumbnail","hentry","category-aurora","category-gafarro","category-heurom","category-la-forja","category-general"],"post_mailing_queue_ids":[],"_links":{"self":[{"href":"https:\/\/agora.xtec.cat\/zer-altllucanes\/wp-json\/wp\/v2\/posts\/1164","targetHints":{"allow":["GET"]}}],"collection":[{"href":"https:\/\/agora.xtec.cat\/zer-altllucanes\/wp-json\/wp\/v2\/posts"}],"about":[{"href":"https:\/\/agora.xtec.cat\/zer-altllucanes\/wp-json\/wp\/v2\/types\/post"}],"author":[{"embeddable":true,"href":"https:\/\/agora.xtec.cat\/zer-altllucanes\/wp-json\/wp\/v2\/users\/3"}],"replies":[{"embeddable":true,"href":"https:\/\/agora.xtec.cat\/zer-altllucanes\/wp-json\/wp\/v2\/comments?post=1164"}],"version-history":[{"count":1,"href":"https:\/\/agora.xtec.cat\/zer-altllucanes\/wp-json\/wp\/v2\/posts\/1164\/revisions"}],"predecessor-version":[{"id":1177,"href":"https:\/\/agora.xtec.cat\/zer-altllucanes\/wp-json\/wp\/v2\/posts\/1164\/revisions\/1177"}],"wp:featuredmedia":[{"embeddable":true,"href":"https:\/\/agora.xtec.cat\/zer-altllucanes\/wp-json\/wp\/v2\/media\/1173"}],"wp:attachment":[{"href":"https:\/\/agora.xtec.cat\/zer-altllucanes\/wp-json\/wp\/v2\/media?parent=1164"}],"wp:term":[{"taxonomy":"category","embeddable":true,"href":"https:\/\/agora.xtec.cat\/zer-altllucanes\/wp-json\/wp\/v2\/categories?post=1164"},{"taxonomy":"post_tag","embeddable":true,"href":"https:\/\/agora.xtec.cat\/zer-altllucanes\/wp-json\/wp\/v2\/tags?post=1164"}],"curies":[{"name":"wp","href":"https:\/\/api.w.org\/{rel}","templated":true}]}}