{"id":7315,"date":"2021-02-18T09:39:40","date_gmt":"2021-02-18T08:39:40","guid":{"rendered":"https:\/\/agora.xtec.cat\/sesvallbonadanoia\/?p=7315"},"modified":"2021-02-18T11:49:41","modified_gmt":"2021-02-18T10:49:41","slug":"el-projecte-som-literatura-vesteix-la-biblioteca-del-centre","status":"publish","type":"post","link":"https:\/\/agora.xtec.cat\/sesvallbonadanoia\/general\/el-projecte-som-literatura-vesteix-la-biblioteca-del-centre\/","title":{"rendered":"El projecte SOM LITERATURA vesteix la biblioteca del centre"},"content":{"rendered":"<p>L&#8217;alumnat de 1r a 4t d&#8217;ESO ha participat en el projecte transversal SOM LITERATURA, en qu\u00e8 han investigat diferents autors de la literatura catalana medieval i contempor\u00e0nia.<\/p>\n<p>El resultat final ha estat dur a terme teatralitzacions dels diversos autors medievals i de la Renaixen\u00e7a i el Modernisme, aix\u00ed com l&#8217;elaboraci\u00f3 d&#8217;unes caixes d&#8217;investigaci\u00f3 (de 1r a 3r) que il\u00b7lustren, amb objectes representatius, la vida i l&#8217;obra de cada autor.<\/p>\n<p>Per culminar el projecte, representants de cada grup han presentat l&#8217;exposici\u00f3 a l&#8217;altre grup del seu nivell, els quals posteriorment han participat en un <em>kahoot<\/em> per valorar-ne els resultats.<\/p>\n<p>El projecte transversal pret\u00e9n acostar la literatura catalana a l&#8217;alumnat d&#8217;una manera m\u00e9s l\u00fadica i col\u00b7laborativa.<a href=\"https:\/\/agora.xtec.cat\/sesvallbonadanoia\/eso\/el-projecte-som-literatura-vesteix-la-biblioteca-del-centre\/attachment\/img-4951\/\" rel=\"attachment wp-att-7316\"><img loading=\"lazy\" decoding=\"async\" class=\"alignnone wp-image-7316\" src=\"https:\/\/agora.xtec.cat\/sesvallbonadanoia\/wp-content\/uploads\/usu60\/2021\/02\/IMG-4951-1024x582.jpg\" alt=\"\" width=\"355\" height=\"202\" srcset=\"https:\/\/agora.xtec.cat\/sesvallbonadanoia\/wp-content\/uploads\/usu60\/2021\/02\/IMG-4951-1024x582.jpg 1024w, https:\/\/agora.xtec.cat\/sesvallbonadanoia\/wp-content\/uploads\/usu60\/2021\/02\/IMG-4951-300x171.jpg 300w, https:\/\/agora.xtec.cat\/sesvallbonadanoia\/wp-content\/uploads\/usu60\/2021\/02\/IMG-4951-768x437.jpg 768w\" sizes=\"auto, (max-width: 355px) 100vw, 355px\" \/><\/a><\/p>\n<p><a href=\"https:\/\/agora.xtec.cat\/sesvallbonadanoia\/eso\/el-projecte-som-literatura-vesteix-la-biblioteca-del-centre\/attachment\/img_5160\/\" rel=\"attachment wp-att-7321\"><img loading=\"lazy\" decoding=\"async\" class=\"alignnone wp-image-7321\" src=\"https:\/\/agora.xtec.cat\/sesvallbonadanoia\/wp-content\/uploads\/usu60\/2021\/02\/IMG_5160-300x225.jpg\" alt=\"\" width=\"351\" height=\"263\" srcset=\"https:\/\/agora.xtec.cat\/sesvallbonadanoia\/wp-content\/uploads\/usu60\/2021\/02\/IMG_5160-300x225.jpg 300w, https:\/\/agora.xtec.cat\/sesvallbonadanoia\/wp-content\/uploads\/usu60\/2021\/02\/IMG_5160-768x576.jpg 768w, https:\/\/agora.xtec.cat\/sesvallbonadanoia\/wp-content\/uploads\/usu60\/2021\/02\/IMG_5160-1024x768.jpg 1024w, https:\/\/agora.xtec.cat\/sesvallbonadanoia\/wp-content\/uploads\/usu60\/2021\/02\/IMG_5160-200x150.jpg 200w, https:\/\/agora.xtec.cat\/sesvallbonadanoia\/wp-content\/uploads\/usu60\/2021\/02\/IMG_5160.jpg 2016w\" sizes=\"auto, (max-width: 351px) 100vw, 351px\" \/><\/a><\/p>\n","protected":false},"excerpt":{"rendered":"<p>L&#8217;alumnat de 1r a 4t d&#8217;ESO ha participat en el projecte transversal SOM LITERATURA, en qu\u00e8 han investigat diferents autors de la literatura catalana medieval i contempor\u00e0nia.<br \/>\nEl resultat final ha estat dur a terme teatralitzacions dels diversos autors medievals i de la Renaixen\u00e7a i el&hellip;  <a href=\"https:\/\/agora.xtec.cat\/sesvallbonadanoia\/general\/el-projecte-som-literatura-vesteix-la-biblioteca-del-centre\/\" title=\"Read El projecte SOM LITERATURA vesteix la biblioteca del centre\">Llegeix m\u00e9s\u00bb<\/a><\/p>\n","protected":false},"author":1,"featured_media":7316,"comment_status":"open","ping_status":"closed","sticky":false,"template":"","format":"standard","meta":{"_bbp_topic_count":0,"_bbp_reply_count":0,"_bbp_total_topic_count":0,"_bbp_total_reply_count":0,"_bbp_voice_count":0,"_bbp_anonymous_reply_count":0,"_bbp_topic_count_hidden":0,"_bbp_reply_count_hidden":0,"_bbp_forum_subforum_count":0,"footnotes":""},"categories":[3,1,329,231],"tags":[110,201,157],"class_list":["post-7315","post","type-post","status-publish","format-standard","has-post-thumbnail","hentry","category-eso","category-general","category-llengues","category-raco-literari","tag-autors-literaris","tag-biblioteca","tag-eso"],"post_mailing_queue_ids":[],"_links":{"self":[{"href":"https:\/\/agora.xtec.cat\/sesvallbonadanoia\/wp-json\/wp\/v2\/posts\/7315","targetHints":{"allow":["GET"]}}],"collection":[{"href":"https:\/\/agora.xtec.cat\/sesvallbonadanoia\/wp-json\/wp\/v2\/posts"}],"about":[{"href":"https:\/\/agora.xtec.cat\/sesvallbonadanoia\/wp-json\/wp\/v2\/types\/post"}],"author":[{"embeddable":true,"href":"https:\/\/agora.xtec.cat\/sesvallbonadanoia\/wp-json\/wp\/v2\/users\/1"}],"replies":[{"embeddable":true,"href":"https:\/\/agora.xtec.cat\/sesvallbonadanoia\/wp-json\/wp\/v2\/comments?post=7315"}],"version-history":[{"count":3,"href":"https:\/\/agora.xtec.cat\/sesvallbonadanoia\/wp-json\/wp\/v2\/posts\/7315\/revisions"}],"predecessor-version":[{"id":7322,"href":"https:\/\/agora.xtec.cat\/sesvallbonadanoia\/wp-json\/wp\/v2\/posts\/7315\/revisions\/7322"}],"wp:featuredmedia":[{"embeddable":true,"href":"https:\/\/agora.xtec.cat\/sesvallbonadanoia\/wp-json\/wp\/v2\/media\/7316"}],"wp:attachment":[{"href":"https:\/\/agora.xtec.cat\/sesvallbonadanoia\/wp-json\/wp\/v2\/media?parent=7315"}],"wp:term":[{"taxonomy":"category","embeddable":true,"href":"https:\/\/agora.xtec.cat\/sesvallbonadanoia\/wp-json\/wp\/v2\/categories?post=7315"},{"taxonomy":"post_tag","embeddable":true,"href":"https:\/\/agora.xtec.cat\/sesvallbonadanoia\/wp-json\/wp\/v2\/tags?post=7315"}],"curies":[{"name":"wp","href":"https:\/\/api.w.org\/{rel}","templated":true}]}}