{"id":5666,"date":"2019-11-12T22:13:17","date_gmt":"2019-11-12T21:13:17","guid":{"rendered":"https:\/\/agora.xtec.cat\/sesvallbonadanoia\/?p=5666"},"modified":"2019-11-13T03:18:42","modified_gmt":"2019-11-13T02:18:42","slug":"el-raco-de-leonardo-a-la-biblioteca-del-centre","status":"publish","type":"post","link":"https:\/\/agora.xtec.cat\/sesvallbonadanoia\/general\/el-raco-de-leonardo-a-la-biblioteca-del-centre\/","title":{"rendered":"El Rac\u00f3 de Leonardo, a la biblioteca del centre"},"content":{"rendered":"<p>La biblioteca de l&#8217;Institut de Vallbona se suma als actes previstos per la Setmana de la Ci\u00e8ncia i les Humanitats. Aix\u00ed, s&#8217;ha creat &#8220;El Rac\u00f3 de Leonardo da Vinci&#8221;, una exposici\u00f3 d&#8217;imatges representatives de la vida i obra de l&#8217;autor i una selecci\u00f3 de llibres que parlen sobre el polifac\u00e8tic personatge del Renaixement amb motiu de la commemoraci\u00f3 del 500\u00e8 aniversari de la seva mort.<\/p>\n<p><a href=\"https:\/\/agora.xtec.cat\/sesvallbonadanoia\/wp-content\/uploads\/usu60\/2019\/11\/IMG_1508-e1573557171152.jpg\"><img loading=\"lazy\" decoding=\"async\" class=\"size-large wp-image-5668 aligncenter\" src=\"https:\/\/agora.xtec.cat\/sesvallbonadanoia\/wp-content\/uploads\/usu60\/2019\/11\/IMG_1508-e1573557171152-768x1024.jpg\" alt=\"\" width=\"768\" height=\"1024\" srcset=\"https:\/\/agora.xtec.cat\/sesvallbonadanoia\/wp-content\/uploads\/usu60\/2019\/11\/IMG_1508-e1573557171152-768x1024.jpg 768w, https:\/\/agora.xtec.cat\/sesvallbonadanoia\/wp-content\/uploads\/usu60\/2019\/11\/IMG_1508-e1573557171152-225x300.jpg 225w\" sizes=\"auto, (max-width: 768px) 100vw, 768px\" \/><\/a> <a href=\"https:\/\/agora.xtec.cat\/sesvallbonadanoia\/wp-content\/uploads\/usu60\/2019\/11\/IMG_1513-e1573557205191.jpg\"><img loading=\"lazy\" decoding=\"async\" class=\"size-large wp-image-5669 aligncenter\" src=\"https:\/\/agora.xtec.cat\/sesvallbonadanoia\/wp-content\/uploads\/usu60\/2019\/11\/IMG_1513-e1573557205191-768x1024.jpg\" alt=\"\" width=\"768\" height=\"1024\" srcset=\"https:\/\/agora.xtec.cat\/sesvallbonadanoia\/wp-content\/uploads\/usu60\/2019\/11\/IMG_1513-e1573557205191-768x1024.jpg 768w, https:\/\/agora.xtec.cat\/sesvallbonadanoia\/wp-content\/uploads\/usu60\/2019\/11\/IMG_1513-e1573557205191-225x300.jpg 225w\" sizes=\"auto, (max-width: 768px) 100vw, 768px\" \/><\/a><\/p>\n<p>&nbsp;<\/p>\n<p>&nbsp;<\/p>\n<p>&nbsp;<\/p>\n","protected":false},"excerpt":{"rendered":"<p>El Rac\u00f3 de Leonardo da Vinci, a la biblioteca del centre amb motiu de la Setmana de la Ci\u00e8ncia&hellip;  <a href=\"https:\/\/agora.xtec.cat\/sesvallbonadanoia\/general\/el-raco-de-leonardo-a-la-biblioteca-del-centre\/\" title=\"Read El Rac\u00f3 de Leonardo, a la biblioteca del centre\">Llegeix m\u00e9s\u00bb<\/a><\/p>\n","protected":false},"author":1,"featured_media":5668,"comment_status":"open","ping_status":"closed","sticky":false,"template":"","format":"standard","meta":{"_bbp_topic_count":0,"_bbp_reply_count":0,"_bbp_total_topic_count":0,"_bbp_total_reply_count":0,"_bbp_voice_count":0,"_bbp_anonymous_reply_count":0,"_bbp_topic_count_hidden":0,"_bbp_reply_count_hidden":0,"_bbp_forum_subforum_count":0,"footnotes":""},"categories":[1,231],"tags":[311,236],"class_list":["post-5666","post","type-post","status-publish","format-standard","has-post-thumbnail","hentry","category-general","category-raco-literari","tag-leonardo-da-vinci","tag-setmana-de-la-ciencia-i-de-les-humanitats"],"post_mailing_queue_ids":[],"_links":{"self":[{"href":"https:\/\/agora.xtec.cat\/sesvallbonadanoia\/wp-json\/wp\/v2\/posts\/5666","targetHints":{"allow":["GET"]}}],"collection":[{"href":"https:\/\/agora.xtec.cat\/sesvallbonadanoia\/wp-json\/wp\/v2\/posts"}],"about":[{"href":"https:\/\/agora.xtec.cat\/sesvallbonadanoia\/wp-json\/wp\/v2\/types\/post"}],"author":[{"embeddable":true,"href":"https:\/\/agora.xtec.cat\/sesvallbonadanoia\/wp-json\/wp\/v2\/users\/1"}],"replies":[{"embeddable":true,"href":"https:\/\/agora.xtec.cat\/sesvallbonadanoia\/wp-json\/wp\/v2\/comments?post=5666"}],"version-history":[{"count":3,"href":"https:\/\/agora.xtec.cat\/sesvallbonadanoia\/wp-json\/wp\/v2\/posts\/5666\/revisions"}],"predecessor-version":[{"id":5676,"href":"https:\/\/agora.xtec.cat\/sesvallbonadanoia\/wp-json\/wp\/v2\/posts\/5666\/revisions\/5676"}],"wp:featuredmedia":[{"embeddable":true,"href":"https:\/\/agora.xtec.cat\/sesvallbonadanoia\/wp-json\/wp\/v2\/media\/5668"}],"wp:attachment":[{"href":"https:\/\/agora.xtec.cat\/sesvallbonadanoia\/wp-json\/wp\/v2\/media?parent=5666"}],"wp:term":[{"taxonomy":"category","embeddable":true,"href":"https:\/\/agora.xtec.cat\/sesvallbonadanoia\/wp-json\/wp\/v2\/categories?post=5666"},{"taxonomy":"post_tag","embeddable":true,"href":"https:\/\/agora.xtec.cat\/sesvallbonadanoia\/wp-json\/wp\/v2\/tags?post=5666"}],"curies":[{"name":"wp","href":"https:\/\/api.w.org\/{rel}","templated":true}]}}