{"id":13040,"date":"2026-04-27T10:00:54","date_gmt":"2026-04-27T08:00:54","guid":{"rendered":"https:\/\/agora.xtec.cat\/sesvallbonadanoia\/?p=13040"},"modified":"2026-04-27T11:08:23","modified_gmt":"2026-04-27T09:08:23","slug":"manifest-unitari-dels-centres-de-lanoia","status":"publish","type":"post","link":"https:\/\/agora.xtec.cat\/sesvallbonadanoia\/general\/manifest-unitari-dels-centres-de-lanoia\/","title":{"rendered":"Manifest unitari dels centres de l\u2019Anoia"},"content":{"rendered":"<h2>Manifest unitari dels centres educatius p\u00fablics de l\u2019Anoia<\/h2>\n<p><span style=\"font-weight: 400;\">Els claustres i equips directius dels centres de prim\u00e0ria i secund\u00e0ria de la comarca de l\u2019Anoia han acordat, fins que no s\u2019arribi a un acord satisfactori en el conflicte obert entre el col\u00b7lectiu docent i el DEiFP:<\/span><\/p>\n<ol>\n<li><span style=\"font-weight: 400;\"><span style=\"font-weight: 400;\"> Suspendre totes les sortides programades pel curs 25-26 que no estiguin ja compromeses, i no iniciar cap procediment de reserva ni contractaci\u00f3 de cara al curs 2026-2027. Per tant, ens adherim a la iniciativa del col\u00b7lectiu \u201cDesobe\u00efm Sortides Educatives\u201d.<\/span><\/span><\/li>\n<li><span style=\"font-weight: 400;\"><span style=\"font-weight: 400;\"> Suspendre tota activitat a xarxes socials i llocs webs dels centres excepte informaci\u00f3 essencial de servei per a fam\u00edlies, deixant a la p\u00e0gina d\u2019inici un comunicat unitari explicant els motius d\u2019aquests acords.<\/span><\/span><\/li>\n<li><span style=\"font-weight: 400;\"><span style=\"font-weight: 400;\"> Deixar d\u2019organitzar les activitats de caire festiu i l\u00fadic fora d\u2019horari lectiu i que no siguin estrictament curriculars, inclosos els actes de graduaci\u00f3 i festes de final de curs.<\/span><\/span><\/li>\n<li><span style=\"font-weight: 400;\"> Suspendre la participaci\u00f3 del professorat en les formacions, programes i projectes a iniciativa del DEiFP o altres administracions i entitats que no responguin a l\u2019estrictament necessari per al desenvolupament de la tasca docent di\u00e0ria.<\/span><\/li>\n<\/ol>\n<p><span style=\"font-weight: 400;\">Hem decidit suspendre les activitats anteriors pels seg\u00fcents motius:<\/span><\/p>\n<ul>\n<li><span style=\"font-weight: 400;\"><span style=\"font-weight: 400;\"> La mesura \u00e9s una resposta directa a la manca de solucions i de compromisos de millora significatius per part del Departament d\u2019Educaci\u00f3 i Formaci\u00f3 Professional (DEiFP). Concretament, denunciem que no s\u2019ha rebut una resposta detallada a la carta col\u00b7lectiva enviada a la direcci\u00f3 dels Serveis Territorials i a la consellera el desembre del 2025.<\/span><\/span><\/li>\n<li><span style=\"font-weight: 400;\"><span style=\"font-weight: 400;\"> Les direccions i claustres volem fer visible una situaci\u00f3 de \u201ccol\u00b7lapse estructural\u201d del sistema educatiu. Considerem que la insufici\u00e8ncia de recursos actual incideix directament en l\u2019atenci\u00f3 a l\u2019alumnat i en l\u2019organitzaci\u00f3 dels centres, posant en risc la qualitat del servei p\u00fablic que s\u2019ha de garantir a mitj\u00e0 i llarg termini.<\/span><\/span><\/li>\n<li><span style=\"font-weight: 400;\"><span style=\"font-weight: 400;\"> Durant anys, els docents hem assumit volunt\u00e0riament un volum creixent de tasques que van m\u00e9s enll\u00e0 de les nostres obligacions estrictament docents (com col\u00f2nies, sortides o gesti\u00f3 burocr\u00e0tica) per comprom\u00eds amb l\u2019alumnat. Aquesta sobrec\u00e0rrega es produeix en un context de condicions laborals insuficients, on el professorat catal\u00e0 es troba entre els pitjor retribu\u00efts de l\u2019Estat.<\/span><\/span><\/li>\n<li><span style=\"font-weight: 400;\"> La suspensi\u00f3 d\u2019activitats l\u00fadiques, festives i de comunicaci\u00f3 no essencial busca fer evident el malestar del col\u00b7lectiu i for\u00e7ar l\u2019establiment d\u2019un di\u00e0leg real que permeti assegurar unes condicions adequades per al bon funcionament dels centres.<\/span><\/li>\n<\/ul>\n<p><span style=\"font-weight: 400;\">Com a direccions de centre, repetim que mantenim el nostre comprom\u00eds amb l\u2019alumnat i amb les seves fam\u00edlies, treballant cada dia per oferir una educaci\u00f3 p\u00fablica de qualitat, equitativa i al servei de tothom. Alhora, entenem que aquest comprom\u00eds ha de ser compartit: nom\u00e9s amb els suports, recursos i condicions adequades podrem garantir que les escoles i instituts p\u00fablics continu\u00efn desenvolupant amb qualitat la seva funci\u00f3 educativa i social.<\/span><\/p>\n<p><span style=\"font-weight: 400;\">Atentament,<\/span><\/p>\n<p><span style=\"font-weight: 400;\">Les direccions i els claustres dels centres p\u00fablics de l\u2019Anoia<\/span><\/p>\n<ul>\n<li style=\"font-weight: 400;\" aria-level=\"1\"><span style=\"font-weight: 400;\">Institut Pere Vives, Igualada<\/span><\/li>\n<li style=\"font-weight: 400;\" aria-level=\"1\"><span style=\"font-weight: 400;\">Institut Mol\u00ed de la Vila, Capellades<\/span><\/li>\n<li style=\"font-weight: 400;\" aria-level=\"1\"><span style=\"font-weight: 400;\">Institut Guinovarda, Piera<\/span><\/li>\n<li style=\"font-weight: 400;\" aria-level=\"1\"><span style=\"font-weight: 400;\">Institut Pla de les Moreres, Vilanova del Cam\u00ed<\/span><\/li>\n<li style=\"font-weight: 400;\" aria-level=\"1\"><span style=\"font-weight: 400;\">Institut de Vallbona d\u2019Anoia<\/span><\/li>\n<li style=\"font-weight: 400;\" aria-level=\"1\"><span style=\"font-weight: 400;\">Institut Montbui<\/span><\/li>\n<li style=\"font-weight: 400;\" aria-level=\"1\"><span style=\"font-weight: 400;\">Institut Escola Castell d\u2019\u00d2dena<\/span><\/li>\n<li style=\"font-weight: 400;\" aria-level=\"1\"><span style=\"font-weight: 400;\">Escola Pare Ramon Castelltort i Miralda, Igualada<\/span><\/li>\n<li style=\"font-weight: 400;\" aria-level=\"1\"><span style=\"font-weight: 400;\">Escola Gabriel Castell\u00e0 i Raich, Igualada<\/span><\/li>\n<li style=\"font-weight: 400;\" aria-level=\"1\"><span style=\"font-weight: 400;\">Escola Dolors Mart\u00ed i Badia, Igualada<\/span><\/li>\n<li style=\"font-weight: 400;\" aria-level=\"1\"><span style=\"font-weight: 400;\">Escola Josep Masclans, Vallbona d\u2019Anoia <\/span><\/li>\n<\/ul>\n","protected":false},"excerpt":{"rendered":"<p>Manifest unitari dels centres p\u00fablics de l\u2019Anoia&hellip;  <a href=\"https:\/\/agora.xtec.cat\/sesvallbonadanoia\/general\/manifest-unitari-dels-centres-de-lanoia\/\" title=\"Read Manifest unitari dels centres de l\u2019Anoia\">Llegeix m\u00e9s\u00bb<\/a><\/p>\n","protected":false},"author":1,"featured_media":13043,"comment_status":"closed","ping_status":"open","sticky":false,"template":"","format":"standard","meta":{"_bbp_topic_count":0,"_bbp_reply_count":0,"_bbp_total_topic_count":0,"_bbp_total_reply_count":0,"_bbp_voice_count":0,"_bbp_anonymous_reply_count":0,"_bbp_topic_count_hidden":0,"_bbp_reply_count_hidden":0,"_bbp_forum_subforum_count":0,"footnotes":""},"categories":[1],"tags":[],"class_list":["post-13040","post","type-post","status-publish","format-standard","has-post-thumbnail","hentry","category-general"],"post_mailing_queue_ids":[],"_links":{"self":[{"href":"https:\/\/agora.xtec.cat\/sesvallbonadanoia\/wp-json\/wp\/v2\/posts\/13040","targetHints":{"allow":["GET"]}}],"collection":[{"href":"https:\/\/agora.xtec.cat\/sesvallbonadanoia\/wp-json\/wp\/v2\/posts"}],"about":[{"href":"https:\/\/agora.xtec.cat\/sesvallbonadanoia\/wp-json\/wp\/v2\/types\/post"}],"author":[{"embeddable":true,"href":"https:\/\/agora.xtec.cat\/sesvallbonadanoia\/wp-json\/wp\/v2\/users\/1"}],"replies":[{"embeddable":true,"href":"https:\/\/agora.xtec.cat\/sesvallbonadanoia\/wp-json\/wp\/v2\/comments?post=13040"}],"version-history":[{"count":3,"href":"https:\/\/agora.xtec.cat\/sesvallbonadanoia\/wp-json\/wp\/v2\/posts\/13040\/revisions"}],"predecessor-version":[{"id":13044,"href":"https:\/\/agora.xtec.cat\/sesvallbonadanoia\/wp-json\/wp\/v2\/posts\/13040\/revisions\/13044"}],"wp:featuredmedia":[{"embeddable":true,"href":"https:\/\/agora.xtec.cat\/sesvallbonadanoia\/wp-json\/wp\/v2\/media\/13043"}],"wp:attachment":[{"href":"https:\/\/agora.xtec.cat\/sesvallbonadanoia\/wp-json\/wp\/v2\/media?parent=13040"}],"wp:term":[{"taxonomy":"category","embeddable":true,"href":"https:\/\/agora.xtec.cat\/sesvallbonadanoia\/wp-json\/wp\/v2\/categories?post=13040"},{"taxonomy":"post_tag","embeddable":true,"href":"https:\/\/agora.xtec.cat\/sesvallbonadanoia\/wp-json\/wp\/v2\/tags?post=13040"}],"curies":[{"name":"wp","href":"https:\/\/api.w.org\/{rel}","templated":true}]}}