{"id":12985,"date":"2026-02-27T16:41:58","date_gmt":"2026-02-27T15:41:58","guid":{"rendered":"https:\/\/agora.xtec.cat\/sesvallbonadanoia\/?p=12985"},"modified":"2026-04-10T14:40:04","modified_gmt":"2026-04-10T12:40:04","slug":"la-forca-de-la-reina-lloba-teatre-i-comunitat-educativa","status":"publish","type":"post","link":"https:\/\/agora.xtec.cat\/sesvallbonadanoia\/general\/la-forca-de-la-reina-lloba-teatre-i-comunitat-educativa\/","title":{"rendered":"La Reina Lloba: teatre i comunitat educativa"},"content":{"rendered":"<p>El passat 21 de febrer vam assistir al Teatre Nacional de Catalunya per veure La Reina Lloba, una proposta esc\u00e8nica que ens va impactar. M\u00e9s d\u2019una trentena de persones fidels a la nostra Escola d\u2019Espectadors i Espectadores de Teatre van gaudir d\u2019una experi\u00e8ncia que va anar molt m\u00e9s enll\u00e0 de la simple assist\u00e8ncia a una funci\u00f3.<br \/>\nL\u2019obra ens transportava a l\u2019univers del Shakespeare&#8217;s Globe, evocant el teatre isabel\u00ed i el seu joc esc\u00e8nic directe i viu. El dispositiu teatral estava servit: cos i conflicte en estat pur.<br \/>\nLa tem\u00e0tica ens endinsava en les lluites pel tron d\u2019Anglaterra, amb figures com Enric VI d&#8217;Anglaterra, un rei pusil\u00b7l\u00e0nime; Margarida d&#8217;Anjou, decidida a defensar el seu tron i el del seu fill; i Ricard III d&#8217;Anglaterra, pe\u00e7a clau en els jocs de poder. Guerres, intrigues i conspiracions dibuixaven un paisatge pol\u00edtic convuls on, com sempre, \u00e9s el poble qui en pateix les conseq\u00fc\u00e8ncies. I all\u00e0, imponent, la reina lloba: Margarida d\u2019Anjou, s\u00edmbol de resist\u00e8ncia i ambici\u00f3, de for\u00e7a i trag\u00e8dia.<br \/>\nUn dels moments m\u00e9s enriquidors va ser, sens dubte, la tornada. El debat posterior va ser intens i apassionat. Vam compartir mirades sobre la posada en escena, la po\u00e8tica del muntatge i una tem\u00e0tica hist\u00f2rica que, tot i semblar allunyada de la nostra \u00e8poca, ressonava amb inquietuds ben actuals: el poder, la manipulaci\u00f3, la legitimitat i la fragilitat de les institucions.<br \/>\nAquesta activitat, de car\u00e0cter intergeneracional, \u00e9s un dels grans valors de la nostra escola. Joves i adults es troben per llegir, veure teatre i dialogar. El debat posterior no nom\u00e9s amplia la comprensi\u00f3 de l\u2019espectacle, sin\u00f3 que construeix comunitat i enriqueix totes les persones participants.<br \/>\n\u00c9s una sort poder comptar amb la mirada experta de l\u2019actor Jordi Herv\u00e0s, que ens aporta la visi\u00f3 professional des de dins de l\u2019ofici, i amb la conducci\u00f3 de Xesca Vela, que guia el di\u00e0leg i fa emergir preguntes que ens interpel\u00b7len.<br \/>\nSortides com aquesta reafirmen el sentit de la nostra Escola d\u2019Espectadors i Espectadores: viure el teatre com una experi\u00e8ncia compartida, cr\u00edtica i transformadora.<\/p>\n<table style=\"border-collapse: collapse; width: 100%;\">\n<tbody>\n<tr>\n<td style=\"width: 50%;\"><a href=\"https:\/\/agora.xtec.cat\/sesvallbonadanoia\/wp-content\/uploads\/usu60\/2026\/02\/IMG_4513.jpeg\"><img loading=\"lazy\" decoding=\"async\" class=\"alignnone size-large wp-image-12988\" src=\"https:\/\/agora.xtec.cat\/sesvallbonadanoia\/wp-content\/uploads\/usu60\/2026\/02\/IMG_4513-1024x768.jpeg\" alt=\"\" width=\"1024\" height=\"768\" srcset=\"https:\/\/agora.xtec.cat\/sesvallbonadanoia\/wp-content\/uploads\/usu60\/2026\/02\/IMG_4513-1024x768.jpeg 1024w, https:\/\/agora.xtec.cat\/sesvallbonadanoia\/wp-content\/uploads\/usu60\/2026\/02\/IMG_4513-300x225.jpeg 300w, https:\/\/agora.xtec.cat\/sesvallbonadanoia\/wp-content\/uploads\/usu60\/2026\/02\/IMG_4513-768x576.jpeg 768w, https:\/\/agora.xtec.cat\/sesvallbonadanoia\/wp-content\/uploads\/usu60\/2026\/02\/IMG_4513-1536x1152.jpeg 1536w, https:\/\/agora.xtec.cat\/sesvallbonadanoia\/wp-content\/uploads\/usu60\/2026\/02\/IMG_4513-200x150.jpeg 200w, https:\/\/agora.xtec.cat\/sesvallbonadanoia\/wp-content\/uploads\/usu60\/2026\/02\/IMG_4513.jpeg 1600w\" sizes=\"auto, (max-width: 1024px) 100vw, 1024px\" \/><\/a><\/td>\n<td style=\"width: 50%; text-align: right;\"><a href=\"https:\/\/agora.xtec.cat\/sesvallbonadanoia\/wp-content\/uploads\/usu60\/2026\/02\/IMG_4514-1.jpeg\"><img loading=\"lazy\" decoding=\"async\" class=\"alignnone size-large wp-image-12992\" src=\"https:\/\/agora.xtec.cat\/sesvallbonadanoia\/wp-content\/uploads\/usu60\/2026\/02\/IMG_4514-1-1024x992.jpeg\" alt=\"\" width=\"1024\" height=\"992\" srcset=\"https:\/\/agora.xtec.cat\/sesvallbonadanoia\/wp-content\/uploads\/usu60\/2026\/02\/IMG_4514-1-1024x992.jpeg 1024w, https:\/\/agora.xtec.cat\/sesvallbonadanoia\/wp-content\/uploads\/usu60\/2026\/02\/IMG_4514-1-300x291.jpeg 300w, https:\/\/agora.xtec.cat\/sesvallbonadanoia\/wp-content\/uploads\/usu60\/2026\/02\/IMG_4514-1-768x744.jpeg 768w, https:\/\/agora.xtec.cat\/sesvallbonadanoia\/wp-content\/uploads\/usu60\/2026\/02\/IMG_4514-1.jpeg 1199w\" sizes=\"auto, (max-width: 1024px) 100vw, 1024px\" \/><\/a><\/td>\n<\/tr>\n<tr>\n<td style=\"width: 50%;\"><a href=\"https:\/\/agora.xtec.cat\/sesvallbonadanoia\/wp-content\/uploads\/usu60\/2026\/02\/IMG_4511.jpeg\"><img loading=\"lazy\" decoding=\"async\" class=\"alignnone size-large wp-image-12990\" src=\"https:\/\/agora.xtec.cat\/sesvallbonadanoia\/wp-content\/uploads\/usu60\/2026\/02\/IMG_4511-1024x768.jpeg\" alt=\"\" width=\"1024\" height=\"768\" srcset=\"https:\/\/agora.xtec.cat\/sesvallbonadanoia\/wp-content\/uploads\/usu60\/2026\/02\/IMG_4511-1024x768.jpeg 1024w, https:\/\/agora.xtec.cat\/sesvallbonadanoia\/wp-content\/uploads\/usu60\/2026\/02\/IMG_4511-300x225.jpeg 300w, https:\/\/agora.xtec.cat\/sesvallbonadanoia\/wp-content\/uploads\/usu60\/2026\/02\/IMG_4511-768x576.jpeg 768w, https:\/\/agora.xtec.cat\/sesvallbonadanoia\/wp-content\/uploads\/usu60\/2026\/02\/IMG_4511-1536x1152.jpeg 1536w, https:\/\/agora.xtec.cat\/sesvallbonadanoia\/wp-content\/uploads\/usu60\/2026\/02\/IMG_4511-200x150.jpeg 200w, https:\/\/agora.xtec.cat\/sesvallbonadanoia\/wp-content\/uploads\/usu60\/2026\/02\/IMG_4511.jpeg 1600w\" sizes=\"auto, (max-width: 1024px) 100vw, 1024px\" \/><\/a><\/td>\n<td style=\"width: 50%;\"><a href=\"https:\/\/agora.xtec.cat\/sesvallbonadanoia\/wp-content\/uploads\/usu60\/2026\/02\/IMG_4510.jpeg\"><img loading=\"lazy\" decoding=\"async\" class=\"alignnone size-large wp-image-12989\" src=\"https:\/\/agora.xtec.cat\/sesvallbonadanoia\/wp-content\/uploads\/usu60\/2026\/02\/IMG_4510-1024x768.jpeg\" alt=\"\" width=\"1024\" height=\"768\" srcset=\"https:\/\/agora.xtec.cat\/sesvallbonadanoia\/wp-content\/uploads\/usu60\/2026\/02\/IMG_4510-1024x768.jpeg 1024w, https:\/\/agora.xtec.cat\/sesvallbonadanoia\/wp-content\/uploads\/usu60\/2026\/02\/IMG_4510-300x225.jpeg 300w, https:\/\/agora.xtec.cat\/sesvallbonadanoia\/wp-content\/uploads\/usu60\/2026\/02\/IMG_4510-768x576.jpeg 768w, https:\/\/agora.xtec.cat\/sesvallbonadanoia\/wp-content\/uploads\/usu60\/2026\/02\/IMG_4510-1536x1152.jpeg 1536w, https:\/\/agora.xtec.cat\/sesvallbonadanoia\/wp-content\/uploads\/usu60\/2026\/02\/IMG_4510-200x150.jpeg 200w, https:\/\/agora.xtec.cat\/sesvallbonadanoia\/wp-content\/uploads\/usu60\/2026\/02\/IMG_4510.jpeg 1600w\" sizes=\"auto, (max-width: 1024px) 100vw, 1024px\" \/><\/a><\/td>\n<\/tr>\n<\/tbody>\n<\/table>\n","protected":false},"excerpt":{"rendered":"<p>L\u2019obra ens transportava a l\u2019univers de Shakespeare&hellip;  <a href=\"https:\/\/agora.xtec.cat\/sesvallbonadanoia\/general\/la-forca-de-la-reina-lloba-teatre-i-comunitat-educativa\/\" title=\"Read La Reina Lloba: teatre i comunitat educativa\">Llegeix m\u00e9s\u00bb<\/a><\/p>\n","protected":false},"author":1,"featured_media":12992,"comment_status":"closed","ping_status":"open","sticky":false,"template":"","format":"standard","meta":{"_bbp_topic_count":0,"_bbp_reply_count":0,"_bbp_total_topic_count":0,"_bbp_total_reply_count":0,"_bbp_voice_count":0,"_bbp_anonymous_reply_count":0,"_bbp_topic_count_hidden":0,"_bbp_reply_count_hidden":0,"_bbp_forum_subforum_count":0,"footnotes":""},"categories":[1],"tags":[381,462,400,40],"class_list":["post-12985","post","type-post","status-publish","format-standard","has-post-thumbnail","hentry","category-general","tag-comunitat-educativa","tag-escola-despectadors","tag-llegir-el-teatre","tag-teatre"],"post_mailing_queue_ids":[],"_links":{"self":[{"href":"https:\/\/agora.xtec.cat\/sesvallbonadanoia\/wp-json\/wp\/v2\/posts\/12985","targetHints":{"allow":["GET"]}}],"collection":[{"href":"https:\/\/agora.xtec.cat\/sesvallbonadanoia\/wp-json\/wp\/v2\/posts"}],"about":[{"href":"https:\/\/agora.xtec.cat\/sesvallbonadanoia\/wp-json\/wp\/v2\/types\/post"}],"author":[{"embeddable":true,"href":"https:\/\/agora.xtec.cat\/sesvallbonadanoia\/wp-json\/wp\/v2\/users\/1"}],"replies":[{"embeddable":true,"href":"https:\/\/agora.xtec.cat\/sesvallbonadanoia\/wp-json\/wp\/v2\/comments?post=12985"}],"version-history":[{"count":6,"href":"https:\/\/agora.xtec.cat\/sesvallbonadanoia\/wp-json\/wp\/v2\/posts\/12985\/revisions"}],"predecessor-version":[{"id":13017,"href":"https:\/\/agora.xtec.cat\/sesvallbonadanoia\/wp-json\/wp\/v2\/posts\/12985\/revisions\/13017"}],"wp:featuredmedia":[{"embeddable":true,"href":"https:\/\/agora.xtec.cat\/sesvallbonadanoia\/wp-json\/wp\/v2\/media\/12992"}],"wp:attachment":[{"href":"https:\/\/agora.xtec.cat\/sesvallbonadanoia\/wp-json\/wp\/v2\/media?parent=12985"}],"wp:term":[{"taxonomy":"category","embeddable":true,"href":"https:\/\/agora.xtec.cat\/sesvallbonadanoia\/wp-json\/wp\/v2\/categories?post=12985"},{"taxonomy":"post_tag","embeddable":true,"href":"https:\/\/agora.xtec.cat\/sesvallbonadanoia\/wp-json\/wp\/v2\/tags?post=12985"}],"curies":[{"name":"wp","href":"https:\/\/api.w.org\/{rel}","templated":true}]}}