{"id":6957,"date":"2026-09-02T13:33:47","date_gmt":"2026-09-02T11:33:47","guid":{"rendered":"https:\/\/agora.xtec.cat\/sesteia\/?p=6957"},"modified":"2026-09-02T13:34:39","modified_gmt":"2026-09-02T11:34:39","slug":"%f0%9f%93%9a-inici-del-curs-2026-2027","status":"publish","type":"post","link":"https:\/\/agora.xtec.cat\/sesteia\/general\/%f0%9f%93%9a-inici-del-curs-2026-2027\/","title":{"rendered":"\ud83d\udcda Inici del curs 2026-2027"},"content":{"rendered":"<p class=\"isSelectedEnd\">El <strong>dimarts 8 de setembre<\/strong> comen\u00e7ar\u00e0 el primer dia lectiu del curs <strong>2026-2027<\/strong> a l\u2019Institut Tur\u00f3 d\u2019en Baldiri.<\/p>\n<p class=\"isSelectedEnd\">Per facilitar l\u2019organitzaci\u00f3 de la jornada, el centre enviar\u00e0 <strong>a trav\u00e9s del correu electr\u00f2nic<\/strong> la informaci\u00f3 concreta corresponent a cada curs, amb els horaris i les indicacions de l\u2019organitzaci\u00f3 del primer dia.<\/p>\n<p class=\"isSelectedEnd\">De moment, cal tenir presents els horaris de <strong>l\u2019acollida i presentaci\u00f3 del curs<\/strong>:<\/p>\n<ul data-spread=\"false\">\n<li><strong>1r d\u2019ESO:<\/strong> 9.30 h<\/li>\n<li><strong>2n d\u2019ESO:<\/strong> 10.00 h<\/li>\n<li><strong>4t d\u2019ESO:<\/strong> 11.30 h<\/li>\n<li><strong>3r d\u2019ESO:<\/strong> 12.00 h<\/li>\n<\/ul>\n<p class=\"isSelectedEnd\">La resta d\u2019informaci\u00f3 sobre el desenvolupament de la jornada es far\u00e0 arribar directament a les fam\u00edlies i a l\u2019alumnat per correu electr\u00f2nic.<\/p>\n<p><strong>Ens retrobem el 8 de setembre!<\/strong><br \/>\nUs desitgem a tothom un molt bon inici de curs. \ud83c\udf31<\/p>\n","protected":false},"excerpt":{"rendered":"<p>El dimarts 8 de setembre comen\u00e7ar\u00e0 el primer dia lectiu del curs 2026-2027 a l\u2019Institut Tur\u00f3 d\u2019en Baldiri.<br \/>\nPer facilitar l\u2019organitzaci\u00f3 de la jornada, el centre enviar\u00e0 a trav\u00e9s del correu electr\u00f2nic la informaci\u00f3 concreta corresponent a cada curs, amb els horaris i les indicacions de&hellip;  <a href=\"https:\/\/agora.xtec.cat\/sesteia\/general\/%f0%9f%93%9a-inici-del-curs-2026-2027\/\" title=\"Read \ud83d\udcda Inici del curs 2026-2027\">Llegeix m\u00e9s\u00bb<\/a><\/p>\n","protected":false},"author":4,"featured_media":0,"comment_status":"closed","ping_status":"open","sticky":false,"template":"","format":"standard","meta":{"_bbp_topic_count":0,"_bbp_reply_count":0,"_bbp_total_topic_count":0,"_bbp_total_reply_count":0,"_bbp_voice_count":0,"_bbp_anonymous_reply_count":0,"_bbp_topic_count_hidden":0,"_bbp_reply_count_hidden":0,"_bbp_forum_subforum_count":0,"footnotes":""},"categories":[31,3,1,29],"tags":[],"class_list":["post-6957","post","type-post","status-publish","format-standard","hentry","category-afa","category-eso","category-general","category-portada"],"post_mailing_queue_ids":[],"_links":{"self":[{"href":"https:\/\/agora.xtec.cat\/sesteia\/wp-json\/wp\/v2\/posts\/6957","targetHints":{"allow":["GET"]}}],"collection":[{"href":"https:\/\/agora.xtec.cat\/sesteia\/wp-json\/wp\/v2\/posts"}],"about":[{"href":"https:\/\/agora.xtec.cat\/sesteia\/wp-json\/wp\/v2\/types\/post"}],"author":[{"embeddable":true,"href":"https:\/\/agora.xtec.cat\/sesteia\/wp-json\/wp\/v2\/users\/4"}],"replies":[{"embeddable":true,"href":"https:\/\/agora.xtec.cat\/sesteia\/wp-json\/wp\/v2\/comments?post=6957"}],"version-history":[{"count":3,"href":"https:\/\/agora.xtec.cat\/sesteia\/wp-json\/wp\/v2\/posts\/6957\/revisions"}],"predecessor-version":[{"id":6960,"href":"https:\/\/agora.xtec.cat\/sesteia\/wp-json\/wp\/v2\/posts\/6957\/revisions\/6960"}],"wp:attachment":[{"href":"https:\/\/agora.xtec.cat\/sesteia\/wp-json\/wp\/v2\/media?parent=6957"}],"wp:term":[{"taxonomy":"category","embeddable":true,"href":"https:\/\/agora.xtec.cat\/sesteia\/wp-json\/wp\/v2\/categories?post=6957"},{"taxonomy":"post_tag","embeddable":true,"href":"https:\/\/agora.xtec.cat\/sesteia\/wp-json\/wp\/v2\/tags?post=6957"}],"curies":[{"name":"wp","href":"https:\/\/api.w.org\/{rel}","templated":true}]}}