{"id":6239,"date":"2026-02-12T21:04:17","date_gmt":"2026-02-12T20:04:17","guid":{"rendered":"https:\/\/agora.xtec.cat\/sesmcarrascoformiguera-sfc\/?p=6239"},"modified":"2026-02-12T23:10:58","modified_gmt":"2026-02-12T22:10:58","slug":"la-bona-convivencia","status":"publish","type":"post","link":"https:\/\/agora.xtec.cat\/sesmcarrascoformiguera-sfc\/general\/la-bona-convivencia\/","title":{"rendered":"La bona conviv\u00e8ncia"},"content":{"rendered":"<p style=\"text-align: justify;\">A trav\u00e9s del nostre <strong>Pla d\u2019Acci\u00f3 Tutorial<\/strong>, el <strong>Projecte de Conviv\u00e8ncia<\/strong> i la <strong>Dinamitzaci\u00f3 de Patis<\/strong>, treballem cada dia per crear un espai de <strong>respecte, igualtat i participaci\u00f3<\/strong>.<\/p>\n<p style=\"text-align: justify;\">Perqu\u00e8 una bona educaci\u00f3 comen\u00e7a amb una bona conviv\u00e8ncia!<\/p>\n<div style=\"width: 1080px;\" class=\"wp-video\"><!--[if lt IE 9]><script>document.createElement('video');<\/script><![endif]-->\n<video class=\"wp-video-shortcode\" id=\"video-6239-1\" width=\"1080\" height=\"1350\" autoplay=\"1\" preload=\"none\" controls=\"controls\"><source type=\"video\/mp4\" src=\"https:\/\/agora.xtec.cat\/sesmcarrascoformiguera-sfc\/wp-content\/uploads\/usu981\/2026\/02\/EDUCANT-en-VALORS-Copia-de-ELS-NOSTRES-PROJECTES-Post-de-Instagram-45.mp4?_=1\" \/><a href=\"https:\/\/agora.xtec.cat\/sesmcarrascoformiguera-sfc\/wp-content\/uploads\/usu981\/2026\/02\/EDUCANT-en-VALORS-Copia-de-ELS-NOSTRES-PROJECTES-Post-de-Instagram-45.mp4\">https:\/\/agora.xtec.cat\/sesmcarrascoformiguera-sfc\/wp-content\/uploads\/usu981\/2026\/02\/EDUCANT-en-VALORS-Copia-de-ELS-NOSTRES-PROJECTES-Post-de-Instagram-45.mp4<\/a><\/video><\/div>\n<p><a class=\"x1i10hfl xjbqb8w x1ejq31n x18oe1m7 x1sy0etr xstzfhl x972fbf x10w94by x1qhh985 x14e42zd x9f619 x1ypdohk xt0psk2 x3ct3a4 xdj266r x14z9mp xat24cr x1lziwak xexx8yu xyri2b x18d9i69 x1c1uobl x16tdsg8 x1hl2dhg xggy1nq x1a2a7pz _aa9_ _a6hd\" tabindex=\"0\" role=\"link\" href=\"https:\/\/www.instagram.com\/explore\/tags\/tutoria\/\">#Tutoria<\/a>\u00a0<a class=\"x1i10hfl xjbqb8w x1ejq31n x18oe1m7 x1sy0etr xstzfhl x972fbf x10w94by x1qhh985 x14e42zd x9f619 x1ypdohk xt0psk2 x3ct3a4 xdj266r x14z9mp xat24cr x1lziwak xexx8yu xyri2b x18d9i69 x1c1uobl x16tdsg8 x1hl2dhg xggy1nq x1a2a7pz _aa9_ _a6hd\" tabindex=\"0\" role=\"link\" href=\"https:\/\/www.instagram.com\/explore\/tags\/conviv%C3%A8ncia\/\">#Conviv\u00e8ncia<\/a>\u00a0<a class=\"x1i10hfl xjbqb8w x1ejq31n x18oe1m7 x1sy0etr xstzfhl x972fbf x10w94by x1qhh985 x14e42zd x9f619 x1ypdohk xt0psk2 x3ct3a4 xdj266r x14z9mp xat24cr x1lziwak xexx8yu xyri2b x18d9i69 x1c1uobl x16tdsg8 x1hl2dhg xggy1nq x1a2a7pz _aa9_ _a6hd\" tabindex=\"0\" role=\"link\" href=\"https:\/\/www.instagram.com\/explore\/tags\/dinamitzaci%C3%B3depatis\/\">#Dinamitzaci\u00f3depatis<\/a>\u00a0<a class=\"x1i10hfl xjbqb8w x1ejq31n x18oe1m7 x1sy0etr xstzfhl x972fbf x10w94by x1qhh985 x14e42zd x9f619 x1ypdohk xt0psk2 x3ct3a4 xdj266r x14z9mp xat24cr x1lziwak xexx8yu xyri2b x18d9i69 x1c1uobl x16tdsg8 x1hl2dhg xggy1nq x1a2a7pz _aa9_ _a6hd\" tabindex=\"0\" role=\"link\" href=\"https:\/\/www.instagram.com\/explore\/tags\/valors\/\">#Valors<\/a>\u00a0<a class=\"x1i10hfl xjbqb8w x1ejq31n x18oe1m7 x1sy0etr xstzfhl x972fbf x10w94by x1qhh985 x14e42zd x9f619 x1ypdohk xt0psk2 x3ct3a4 xdj266r x14z9mp xat24cr x1lziwak xexx8yu xyri2b x18d9i69 x1c1uobl x16tdsg8 x1hl2dhg xggy1nq x1a2a7pz _aa9_ _a6hd\" tabindex=\"0\" role=\"link\" href=\"https:\/\/www.instagram.com\/explore\/tags\/fempoble\/\">#fempoble<\/a><\/p>\n","protected":false},"excerpt":{"rendered":"<p>A trav\u00e9s del nostre Pla d\u2019Acci\u00f3 Tutorial, el Projecte de Conviv\u00e8ncia i la Dinamitzaci\u00f3 de Patis, treballem cada dia per crear un espai de respecte, igualtat i participaci\u00f3.<br \/>\nPerqu\u00e8 una bona educaci\u00f3 comen\u00e7a amb una bona conviv\u00e8ncia!<br \/>\n<a href=\"https:\/\/agora.xtec.cat\/sesmcarrascoformiguera-sfc\/wp-content\/uploads\/usu981\/2026\/02\/EDUCANT-en-VALORS-Copia-de-ELS-NOSTRES-PROJECTES-Post-de-Instagram-45.mp4\">https:\/\/agora.xtec.cat\/sesmcarrascoformiguera-sfc\/wp-content\/uploads\/usu981\/2026\/02\/EDUCANT-en-VALORS-Copia-de-ELS-NOSTRES-PROJECTES-Post-de-Instagram-45.mp4<\/a><br \/>\n<a class=\"x1i10hfl xjbqb8w x1ejq31n x18oe1m7 x1sy0etr xstzfhl x972fbf x10w94by&hellip;  <a href=\"https:\/\/agora.xtec.cat\/sesmcarrascoformiguera-sfc\/general\/la-bona-convivencia\/\" title=\"Read La bona conviv\u00e8ncia\">Llegeix m\u00e9s\u00bb<\/a><\/p>\n","protected":false},"author":1,"featured_media":0,"comment_status":"open","ping_status":"open","sticky":false,"template":"","format":"standard","meta":{"_bbp_topic_count":0,"_bbp_reply_count":0,"_bbp_total_topic_count":0,"_bbp_total_reply_count":0,"_bbp_voice_count":0,"_bbp_anonymous_reply_count":0,"_bbp_topic_count_hidden":0,"_bbp_reply_count_hidden":0,"_bbp_forum_subforum_count":0,"footnotes":""},"categories":[1,29],"tags":[561,563,564,560,376,559,562,172],"class_list":["post-6239","post","type-post","status-publish","format-standard","hentry","category-general","category-portada","tag-dinamitzacio-de-patis","tag-igualtat","tag-participacio","tag-pat","tag-pati","tag-pla-daccio-tutorial","tag-projecte-de-convivencia","tag-respecte"],"post_mailing_queue_ids":[],"_links":{"self":[{"href":"https:\/\/agora.xtec.cat\/sesmcarrascoformiguera-sfc\/wp-json\/wp\/v2\/posts\/6239","targetHints":{"allow":["GET"]}}],"collection":[{"href":"https:\/\/agora.xtec.cat\/sesmcarrascoformiguera-sfc\/wp-json\/wp\/v2\/posts"}],"about":[{"href":"https:\/\/agora.xtec.cat\/sesmcarrascoformiguera-sfc\/wp-json\/wp\/v2\/types\/post"}],"author":[{"embeddable":true,"href":"https:\/\/agora.xtec.cat\/sesmcarrascoformiguera-sfc\/wp-json\/wp\/v2\/users\/1"}],"replies":[{"embeddable":true,"href":"https:\/\/agora.xtec.cat\/sesmcarrascoformiguera-sfc\/wp-json\/wp\/v2\/comments?post=6239"}],"version-history":[{"count":3,"href":"https:\/\/agora.xtec.cat\/sesmcarrascoformiguera-sfc\/wp-json\/wp\/v2\/posts\/6239\/revisions"}],"predecessor-version":[{"id":6243,"href":"https:\/\/agora.xtec.cat\/sesmcarrascoformiguera-sfc\/wp-json\/wp\/v2\/posts\/6239\/revisions\/6243"}],"wp:attachment":[{"href":"https:\/\/agora.xtec.cat\/sesmcarrascoformiguera-sfc\/wp-json\/wp\/v2\/media?parent=6239"}],"wp:term":[{"taxonomy":"category","embeddable":true,"href":"https:\/\/agora.xtec.cat\/sesmcarrascoformiguera-sfc\/wp-json\/wp\/v2\/categories?post=6239"},{"taxonomy":"post_tag","embeddable":true,"href":"https:\/\/agora.xtec.cat\/sesmcarrascoformiguera-sfc\/wp-json\/wp\/v2\/tags?post=6239"}],"curies":[{"name":"wp","href":"https:\/\/api.w.org\/{rel}","templated":true}]}}