{"id":6075,"date":"2025-09-09T16:38:44","date_gmt":"2025-09-09T14:38:44","guid":{"rendered":"https:\/\/agora.xtec.cat\/sesmcarrascoformiguera-sfc\/?p=6075"},"modified":"2025-09-09T16:38:44","modified_gmt":"2025-09-09T14:38:44","slug":"stop-genocidi-a-gaza","status":"publish","type":"post","link":"https:\/\/agora.xtec.cat\/sesmcarrascoformiguera-sfc\/general\/stop-genocidi-a-gaza\/","title":{"rendered":"Stop genocidi a Gaza"},"content":{"rendered":"\r\n\t<div class=\"slideshow_container slideshow_container_style-light\" style=\" \" data-slideshow-id=\"6071\" data-style-name=\"style-light\" data-style-version=\"2.3.1\" >\r\n\r\n\t\t\t\t\t<div class=\"slideshow_loading_icon\"><\/div>\r\n\t\t\r\n\t\t<div class=\"slideshow_content\" style=\"display: none;\">\r\n\r\n\t\t\t<div class=\"slideshow_view\">\r\n\t\t\t\t<div class=\"slideshow_slide slideshow_slide_image\">\r\n\t\t\t\t\t\t\t\t\t\t\t<img src=\"https:\/\/agora.xtec.cat\/sesmcarrascoformiguera-sfc\/wp-content\/uploads\/usu981\/2025\/09\/images-9813f.jpg\" alt=\"images-9813f\" width=\"400\" height=\"506\" \/>\r\n\t\t\t\t\t\t\t\t\t\t<div class=\"slideshow_description_box slideshow_transparent\">\r\n\t\t\t\t\t\t<div class=\"slideshow_title\">images-9813f<\/div>\t\t\t\t\t\t\t\t\t\t\t<\/div>\r\n\t\t\t\t<\/div>\r\n\r\n\t\t\t\t\t\t<div style=\"clear: both;\"><\/div><\/div><div class=\"slideshow_view\">\r\n\t\t\t\t<div class=\"slideshow_slide slideshow_slide_image\">\r\n\t\t\t\t\t\t\t\t\t\t\t<img src=\"https:\/\/agora.xtec.cat\/sesmcarrascoformiguera-sfc\/wp-content\/uploads\/usu981\/2025\/09\/Screenshot_20250909-1058532.jpg\" alt=\"Screenshot_20250909-105853~2\" width=\"1063\" height=\"1286\" \/>\r\n\t\t\t\t\t\t\t\t\t\t<div class=\"slideshow_description_box slideshow_transparent\">\r\n\t\t\t\t\t\t<div class=\"slideshow_title\">Screenshot_20250909-105853~2<\/div>\t\t\t\t\t\t\t\t\t\t\t<\/div>\r\n\t\t\t\t<\/div>\r\n\r\n\t\t\t\t\t\t<div style=\"clear: both;\"><\/div><\/div><div class=\"slideshow_view\">\r\n\t\t\t\t<div class=\"slideshow_slide slideshow_slide_image\">\r\n\t\t\t\t\t\t\t\t\t\t\t<img src=\"https:\/\/agora.xtec.cat\/sesmcarrascoformiguera-sfc\/wp-content\/uploads\/usu981\/2025\/09\/Screenshot_20250909-161233.png\" alt=\"Screenshot_20250909-161233\" width=\"1080\" height=\"2520\" \/>\r\n\t\t\t\t\t\t\t\t\t\t<div class=\"slideshow_description_box slideshow_transparent\">\r\n\t\t\t\t\t\t<div class=\"slideshow_title\">Screenshot_20250909-161233<\/div>\t\t\t\t\t\t\t\t\t\t\t<\/div>\r\n\t\t\t\t<\/div>\r\n\r\n\t\t\t\t\t\t<div style=\"clear: both;\"><\/div><\/div>\r\n\t\t<\/div>\r\n\r\n\t\t<div class=\"slideshow_controlPanel slideshow_transparent\" style=\"display: none;\"><ul><li class=\"slideshow_togglePlay\" data-play-text=\"Visualitza\" data-pause-text=\"Pausa\"><\/li><\/ul><\/div>\r\n\r\n\t\t<div class=\"slideshow_button slideshow_previous slideshow_transparent\" role=\"button\" data-previous-text=\"Anterior\" style=\"display: none;\"><\/div>\r\n\t\t<div class=\"slideshow_button slideshow_next slideshow_transparent\" role=\"button\" data-next-text=\"Seg\u00fcent\" style=\"display: none;\"><\/div>\r\n\r\n\t\t<div class=\"slideshow_pagination\" style=\"display: none;\" data-go-to-text=\"V\u00e9s a la diapositiva\"><div class=\"slideshow_pagination_center\"><\/div><\/div>\r\n\r\n\t\t<!-- WordPress Slideshow Version 2.3.1 -->\r\n\r\n\t\t\t<\/div>\r\n\r\n\n<p>Alcem la veu contra la injust\u00edcia, la barb\u00e0rie i la impunitat i fem un crit pels drets humans, la conviv\u00e8ncia i la humanitat!<\/p>\n<p>#stopgenocideingaza\ud83c\uddf5\ud83c\uddf8 #freepalesti\u0307ne #humanrights<\/p>\n<p>\u00c9s de llei. \u00c9s de just\u00edcia. \u00c9s per dignitat.<br \/>\n\u00c9s per la vida!<\/p>\n<p>Aturem el feixisme. Defensem la democr\u00e0cia real.<br \/>\nAturem el genocidi. Apostem per la vida.<\/p>\n<p>P.S.: podeu llegir fins a 100 poemes per Palestina a https:\/\/heyzine.com\/flip-book\/e8a9f661df.html#page\/1<\/p>\n","protected":false},"excerpt":{"rendered":"<p>\t\t\t\t\t\timages-9813f\t\t\t\t\t\t\t\t\t\t\t<\/p>\n<p>\t\t\t\t\t\tScreenshot_20250909-105853~2\t\t\t\t\t\t\t\t\t\t\t<\/p>\n<p>\t\t\t\t\t\tScreenshot_20250909-161233\t\t\t\t\t\t\t\t\t\t\t<\/p>\n<ul>\n<li class=\"slideshow_togglePlay\" data-play-text=\"Visualitza\" data-pause-text=\"Pausa\"><\/li>\n<\/ul>\n<p>Alcem la veu contra la injust\u00edcia, la barb\u00e0rie i la impunitat i fem un crit pels drets humans, la conviv\u00e8ncia i la humanitat!<br \/>\n#stopgenocideingaza\ud83c\uddf5\ud83c\uddf8 #freepalesti\u0307ne #humanrights<br \/>\n\u00c9s de llei. \u00c9s de just\u00edcia. \u00c9s per dignitat.<br \/>\n\u00c9s per la vida!<br \/>\nAturem el feixisme. Defensem la democr\u00e0cia real.<br \/>\nAturem&hellip;  <a href=\"https:\/\/agora.xtec.cat\/sesmcarrascoformiguera-sfc\/general\/stop-genocidi-a-gaza\/\" title=\"Read Stop genocidi a Gaza\">Llegeix m\u00e9s\u00bb<\/a><\/p>\n","protected":false},"author":1,"featured_media":6072,"comment_status":"open","ping_status":"open","sticky":false,"template":"","format":"standard","meta":{"_bbp_topic_count":0,"_bbp_reply_count":0,"_bbp_total_topic_count":0,"_bbp_total_reply_count":0,"_bbp_voice_count":0,"_bbp_anonymous_reply_count":0,"_bbp_topic_count_hidden":0,"_bbp_reply_count_hidden":0,"_bbp_forum_subforum_count":0,"footnotes":""},"categories":[1,29],"tags":[534,536,533,532,535,537,387],"class_list":["post-6075","post","type-post","status-publish","format-standard","has-post-thumbnail","hentry","category-general","category-portada","tag-consciencia","tag-dignitat","tag-drets-humans","tag-humanitat","tag-llei-internacional","tag-palestina","tag-solidaritat"],"post_mailing_queue_ids":[],"_links":{"self":[{"href":"https:\/\/agora.xtec.cat\/sesmcarrascoformiguera-sfc\/wp-json\/wp\/v2\/posts\/6075","targetHints":{"allow":["GET"]}}],"collection":[{"href":"https:\/\/agora.xtec.cat\/sesmcarrascoformiguera-sfc\/wp-json\/wp\/v2\/posts"}],"about":[{"href":"https:\/\/agora.xtec.cat\/sesmcarrascoformiguera-sfc\/wp-json\/wp\/v2\/types\/post"}],"author":[{"embeddable":true,"href":"https:\/\/agora.xtec.cat\/sesmcarrascoformiguera-sfc\/wp-json\/wp\/v2\/users\/1"}],"replies":[{"embeddable":true,"href":"https:\/\/agora.xtec.cat\/sesmcarrascoformiguera-sfc\/wp-json\/wp\/v2\/comments?post=6075"}],"version-history":[{"count":1,"href":"https:\/\/agora.xtec.cat\/sesmcarrascoformiguera-sfc\/wp-json\/wp\/v2\/posts\/6075\/revisions"}],"predecessor-version":[{"id":6076,"href":"https:\/\/agora.xtec.cat\/sesmcarrascoformiguera-sfc\/wp-json\/wp\/v2\/posts\/6075\/revisions\/6076"}],"wp:featuredmedia":[{"embeddable":true,"href":"https:\/\/agora.xtec.cat\/sesmcarrascoformiguera-sfc\/wp-json\/wp\/v2\/media\/6072"}],"wp:attachment":[{"href":"https:\/\/agora.xtec.cat\/sesmcarrascoformiguera-sfc\/wp-json\/wp\/v2\/media?parent=6075"}],"wp:term":[{"taxonomy":"category","embeddable":true,"href":"https:\/\/agora.xtec.cat\/sesmcarrascoformiguera-sfc\/wp-json\/wp\/v2\/categories?post=6075"},{"taxonomy":"post_tag","embeddable":true,"href":"https:\/\/agora.xtec.cat\/sesmcarrascoformiguera-sfc\/wp-json\/wp\/v2\/tags?post=6075"}],"curies":[{"name":"wp","href":"https:\/\/api.w.org\/{rel}","templated":true}]}}