{"id":5927,"date":"2024-12-16T11:42:52","date_gmt":"2024-12-16T10:42:52","guid":{"rendered":"https:\/\/agora.xtec.cat\/sesmcarrascoformiguera-sfc\/?p=5927"},"modified":"2024-12-16T11:43:59","modified_gmt":"2024-12-16T10:43:59","slug":"la-bustia-per-millorar","status":"publish","type":"post","link":"https:\/\/agora.xtec.cat\/sesmcarrascoformiguera-sfc\/eso\/eso-1\/la-bustia-per-millorar\/","title":{"rendered":"La b\u00fastia per millorar"},"content":{"rendered":"<p style=\"text-align: justify;\"><span style=\"font-weight: 400;\">La <strong>b\u00fastia de l\u2019alumnat<\/strong> \u00e9s un espai de comunicaci\u00f3 que els <\/span><span style=\"font-weight: 400;\">facilita enviar consultes i suggeriments garantint-ne la confidencialitat.<\/span><\/p>\n<p style=\"text-align: justify;\"><span style=\"font-weight: 400;\">Des de <strong>tutoria<\/strong> donem a con\u00e8ixer el recurs a l\u2019alumnat, alhora que des d\u2019<strong>Educaci\u00f3 Visual, Pl\u00e0stica i Audiovisual<\/strong> convoquem un concurs per a la realitzaci\u00f3 d\u2019un cartell que ens permet treballar el cartell publicitari i promoure el bon \u00fas de la b\u00fastia.<\/span><\/p>\n<p style=\"text-align: justify;\"><span style=\"font-weight: 400;\">El tema treballat ha estat com\u00fa, per\u00f2 la t\u00e8cnica i el suport han estat lliures.<\/span><\/p>\n<p style=\"text-align: justify;\"><span style=\"font-weight: 400;\">Les composicions han estat sorprenents amb unes produccions han estat molt originals i diverses. I els guanyadors del concurs aquest curs s\u00f3n l\u2019Aminata, la Ruth, el Guillem i el Jos\u00e9.\u00a0<\/span><\/p>\n<p style=\"text-align: justify;\"><span style=\"font-weight: 400;\">Bona feina!<\/span><\/p>\n<p><a href=\"https:\/\/agora.xtec.cat\/sesmcarrascoformiguera-sfc\/wp-content\/uploads\/usu981\/2024\/12\/IMG-20241113-WA0000.jpg\"><img loading=\"lazy\" decoding=\"async\" class=\"aligncenter size-large wp-image-5929\" src=\"https:\/\/agora.xtec.cat\/sesmcarrascoformiguera-sfc\/wp-content\/uploads\/usu981\/2024\/12\/IMG-20241113-WA0000-1024x768.jpg\" alt=\"\" width=\"1024\" height=\"768\" srcset=\"https:\/\/agora.xtec.cat\/sesmcarrascoformiguera-sfc\/wp-content\/uploads\/usu981\/2024\/12\/IMG-20241113-WA0000-1024x768.jpg 1024w, https:\/\/agora.xtec.cat\/sesmcarrascoformiguera-sfc\/wp-content\/uploads\/usu981\/2024\/12\/IMG-20241113-WA0000-300x225.jpg 300w, https:\/\/agora.xtec.cat\/sesmcarrascoformiguera-sfc\/wp-content\/uploads\/usu981\/2024\/12\/IMG-20241113-WA0000-768x576.jpg 768w, https:\/\/agora.xtec.cat\/sesmcarrascoformiguera-sfc\/wp-content\/uploads\/usu981\/2024\/12\/IMG-20241113-WA0000-1536x1152.jpg 1536w, https:\/\/agora.xtec.cat\/sesmcarrascoformiguera-sfc\/wp-content\/uploads\/usu981\/2024\/12\/IMG-20241113-WA0000-200x150.jpg 200w, https:\/\/agora.xtec.cat\/sesmcarrascoformiguera-sfc\/wp-content\/uploads\/usu981\/2024\/12\/IMG-20241113-WA0000.jpg 2048w\" sizes=\"auto, (max-width: 1024px) 100vw, 1024px\" \/><\/a><\/p>\n","protected":false},"excerpt":{"rendered":"<p>La b\u00fastia de l\u2019alumnat \u00e9s un espai de comunicaci\u00f3 que els facilita enviar consultes i suggeriments garantint-ne la confidencialitat.<br \/>\nDes de tutoria donem a con\u00e8ixer el recurs a l\u2019alumnat, alhora que des d\u2019Educaci\u00f3 Visual, Pl\u00e0stica i Audiovisual convoquem un concurs per a la realitzaci\u00f3 d\u2019un cartell&hellip;  <a href=\"https:\/\/agora.xtec.cat\/sesmcarrascoformiguera-sfc\/eso\/eso-1\/la-bustia-per-millorar\/\" title=\"Read La b\u00fastia per millorar\">Llegeix m\u00e9s\u00bb<\/a><\/p>\n","protected":false},"author":1,"featured_media":0,"comment_status":"open","ping_status":"closed","sticky":false,"template":"","format":"standard","meta":{"_bbp_topic_count":0,"_bbp_reply_count":0,"_bbp_total_topic_count":0,"_bbp_total_reply_count":0,"_bbp_voice_count":0,"_bbp_anonymous_reply_count":0,"_bbp_topic_count_hidden":0,"_bbp_reply_count_hidden":0,"_bbp_forum_subforum_count":0,"footnotes":""},"categories":[4,29],"tags":[491,496,493,492,498,478,497,495,494,490],"class_list":["post-5927","post","type-post","status-publish","format-standard","hentry","category-eso-1","category-portada","tag-bustia","tag-cartell","tag-confidencialitat","tag-consultes","tag-creativitat","tag-disseny","tag-publicitat","tag-queixes","tag-suggeriments","tag-tutoria"],"post_mailing_queue_ids":[],"_links":{"self":[{"href":"https:\/\/agora.xtec.cat\/sesmcarrascoformiguera-sfc\/wp-json\/wp\/v2\/posts\/5927","targetHints":{"allow":["GET"]}}],"collection":[{"href":"https:\/\/agora.xtec.cat\/sesmcarrascoformiguera-sfc\/wp-json\/wp\/v2\/posts"}],"about":[{"href":"https:\/\/agora.xtec.cat\/sesmcarrascoformiguera-sfc\/wp-json\/wp\/v2\/types\/post"}],"author":[{"embeddable":true,"href":"https:\/\/agora.xtec.cat\/sesmcarrascoformiguera-sfc\/wp-json\/wp\/v2\/users\/1"}],"replies":[{"embeddable":true,"href":"https:\/\/agora.xtec.cat\/sesmcarrascoformiguera-sfc\/wp-json\/wp\/v2\/comments?post=5927"}],"version-history":[{"count":2,"href":"https:\/\/agora.xtec.cat\/sesmcarrascoformiguera-sfc\/wp-json\/wp\/v2\/posts\/5927\/revisions"}],"predecessor-version":[{"id":5930,"href":"https:\/\/agora.xtec.cat\/sesmcarrascoformiguera-sfc\/wp-json\/wp\/v2\/posts\/5927\/revisions\/5930"}],"wp:attachment":[{"href":"https:\/\/agora.xtec.cat\/sesmcarrascoformiguera-sfc\/wp-json\/wp\/v2\/media?parent=5927"}],"wp:term":[{"taxonomy":"category","embeddable":true,"href":"https:\/\/agora.xtec.cat\/sesmcarrascoformiguera-sfc\/wp-json\/wp\/v2\/categories?post=5927"},{"taxonomy":"post_tag","embeddable":true,"href":"https:\/\/agora.xtec.cat\/sesmcarrascoformiguera-sfc\/wp-json\/wp\/v2\/tags?post=5927"}],"curies":[{"name":"wp","href":"https:\/\/api.w.org\/{rel}","templated":true}]}}