{"id":5923,"date":"2024-12-16T11:35:11","date_gmt":"2024-12-16T10:35:11","guid":{"rendered":"https:\/\/agora.xtec.cat\/sesmcarrascoformiguera-sfc\/?p=5923"},"modified":"2024-12-16T11:35:11","modified_gmt":"2024-12-16T10:35:11","slug":"segon-deso-de-disseny","status":"publish","type":"post","link":"https:\/\/agora.xtec.cat\/sesmcarrascoformiguera-sfc\/eso\/eso-2\/segon-deso-de-disseny\/","title":{"rendered":"Segon d&#8217;ESO de Disseny"},"content":{"rendered":"<p style=\"text-align: justify;\">Els i les alumnes de 2n hem visitat el <em><strong>Museu del Disseny de Barcelona<\/strong><\/em> (el &#8216;<em><strong>DHub<\/strong><\/em>&#8216;), amb una visita guiada a l\u2019exposici\u00f3 \u201c<strong>Objectes comuns, hist\u00f2ries locals, debats globals<\/strong>\u201c, i un taller sobre el disseny d\u2019objectes.<br \/>\nL\u2019objectiu ha estat el de \u201cllegir\u201d algunes de les peces de l\u2019exposici\u00f3 posant especial \u00e8mfasi en quines s\u00f3n les caracter\u00edstiques que ha de complir un \u201cbon disseny\u201d de producte, perqu\u00e8 si som capa\u00e7os d\u2019identificar-les, podrem ser consumidors m\u00e9s responsables.<\/p>\n<p><a href=\"https:\/\/agora.xtec.cat\/sesmcarrascoformiguera-sfc\/wp-content\/uploads\/usu981\/2024\/12\/WhatsApp-Image-2024-12-04-at-15.19.24.jpeg\"><img loading=\"lazy\" decoding=\"async\" class=\"aligncenter size-large wp-image-5924\" src=\"https:\/\/agora.xtec.cat\/sesmcarrascoformiguera-sfc\/wp-content\/uploads\/usu981\/2024\/12\/WhatsApp-Image-2024-12-04-at-15.19.24-1024x576.jpeg\" alt=\"\" width=\"1024\" height=\"576\" srcset=\"https:\/\/agora.xtec.cat\/sesmcarrascoformiguera-sfc\/wp-content\/uploads\/usu981\/2024\/12\/WhatsApp-Image-2024-12-04-at-15.19.24-1024x576.jpeg 1024w, https:\/\/agora.xtec.cat\/sesmcarrascoformiguera-sfc\/wp-content\/uploads\/usu981\/2024\/12\/WhatsApp-Image-2024-12-04-at-15.19.24-300x169.jpeg 300w, https:\/\/agora.xtec.cat\/sesmcarrascoformiguera-sfc\/wp-content\/uploads\/usu981\/2024\/12\/WhatsApp-Image-2024-12-04-at-15.19.24-768x432.jpeg 768w, https:\/\/agora.xtec.cat\/sesmcarrascoformiguera-sfc\/wp-content\/uploads\/usu981\/2024\/12\/WhatsApp-Image-2024-12-04-at-15.19.24-1536x864.jpeg 1536w, https:\/\/agora.xtec.cat\/sesmcarrascoformiguera-sfc\/wp-content\/uploads\/usu981\/2024\/12\/WhatsApp-Image-2024-12-04-at-15.19.24.jpeg 2000w\" sizes=\"auto, (max-width: 1024px) 100vw, 1024px\" \/><\/a><\/p>\n<p><a href=\"https:\/\/agora.xtec.cat\/sesmcarrascoformiguera-sfc\/wp-content\/uploads\/usu981\/2024\/12\/WhatsApp-Image-2024-12-04-at-18.53.25.jpeg\"><img loading=\"lazy\" decoding=\"async\" class=\"aligncenter size-large wp-image-5925\" src=\"https:\/\/agora.xtec.cat\/sesmcarrascoformiguera-sfc\/wp-content\/uploads\/usu981\/2024\/12\/WhatsApp-Image-2024-12-04-at-18.53.25-1024x768.jpeg\" alt=\"\" width=\"1024\" height=\"768\" srcset=\"https:\/\/agora.xtec.cat\/sesmcarrascoformiguera-sfc\/wp-content\/uploads\/usu981\/2024\/12\/WhatsApp-Image-2024-12-04-at-18.53.25-1024x768.jpeg 1024w, https:\/\/agora.xtec.cat\/sesmcarrascoformiguera-sfc\/wp-content\/uploads\/usu981\/2024\/12\/WhatsApp-Image-2024-12-04-at-18.53.25-300x225.jpeg 300w, https:\/\/agora.xtec.cat\/sesmcarrascoformiguera-sfc\/wp-content\/uploads\/usu981\/2024\/12\/WhatsApp-Image-2024-12-04-at-18.53.25-768x576.jpeg 768w, https:\/\/agora.xtec.cat\/sesmcarrascoformiguera-sfc\/wp-content\/uploads\/usu981\/2024\/12\/WhatsApp-Image-2024-12-04-at-18.53.25-1536x1152.jpeg 1536w, https:\/\/agora.xtec.cat\/sesmcarrascoformiguera-sfc\/wp-content\/uploads\/usu981\/2024\/12\/WhatsApp-Image-2024-12-04-at-18.53.25-200x150.jpeg 200w, https:\/\/agora.xtec.cat\/sesmcarrascoformiguera-sfc\/wp-content\/uploads\/usu981\/2024\/12\/WhatsApp-Image-2024-12-04-at-18.53.25.jpeg 2040w\" sizes=\"auto, (max-width: 1024px) 100vw, 1024px\" \/><\/a><\/p>\n<p style=\"text-align: justify;\"><!--more--><br \/>\nAl taller, l\u2019alumnat ha analitzat algunes de les peces de l\u2019exposici\u00f3 mitjan\u00e7ant l\u2019observaci\u00f3 i l\u2019experimentaci\u00f3. Finalment, hem exposat i compartit la seva an\u00e0lisi amb la resta del grup classe.<\/p>\n<p style=\"text-align: justify;\">\nEn acabar, hem disposat de temps per a visitar dues exposicions m\u00e9s:<br \/>\n&#8220;<strong>El cos vestit<\/strong>&#8220;, que ens explica com el vestit modifica l\u2019aparen\u00e7a del cos mitjan\u00e7ant unes accions que tendeixen a comprimir-lo i alliberar-lo alternativament, des del segle XVI fins avui dia; i &#8220;<strong>Dissenyes o treballes?<\/strong>&#8221; que ens ofereix una mostra del <em>boom<\/em> del disseny gr\u00e0fic que es va produir en el nostre pa\u00eds entre el 1980 fins al 2003.<\/p>\n","protected":false},"excerpt":{"rendered":"<p>Els i les alumnes de 2n hem visitat el Museu del Disseny de Barcelona (el &#8216;DHub&#8216;), amb una visita guiada a l\u2019exposici\u00f3 \u201cObjectes comuns, hist\u00f2ries locals, debats globals\u201c, i un taller sobre el disseny d\u2019objectes.<br \/>\nL\u2019objectiu ha estat el de \u201cllegir\u201d algunes de les peces de&hellip;  <a href=\"https:\/\/agora.xtec.cat\/sesmcarrascoformiguera-sfc\/eso\/eso-2\/segon-deso-de-disseny\/\" title=\"Read Segon d&#8217;ESO de Disseny\">Llegeix m\u00e9s\u00bb<\/a><\/p>\n","protected":false},"author":1,"featured_media":0,"comment_status":"open","ping_status":"closed","sticky":false,"template":"","format":"standard","meta":{"_bbp_topic_count":0,"_bbp_reply_count":0,"_bbp_total_topic_count":0,"_bbp_total_reply_count":0,"_bbp_voice_count":0,"_bbp_anonymous_reply_count":0,"_bbp_topic_count_hidden":0,"_bbp_reply_count_hidden":0,"_bbp_forum_subforum_count":0,"footnotes":""},"categories":[5,29],"tags":[386,487,483,478,489,488,486,484,479,394,485],"class_list":["post-5923","post","type-post","status-publish","format-standard","hentry","category-eso-2","category-portada","tag-consum-responsable","tag-debats-globals","tag-dhub","tag-disseny","tag-disseny-grafic","tag-el-cos-vestit","tag-histories-locals","tag-museu-del-disseny-de-barcelona","tag-objectes-comuns","tag-vip","tag-visual-i-plastica"],"post_mailing_queue_ids":[],"_links":{"self":[{"href":"https:\/\/agora.xtec.cat\/sesmcarrascoformiguera-sfc\/wp-json\/wp\/v2\/posts\/5923","targetHints":{"allow":["GET"]}}],"collection":[{"href":"https:\/\/agora.xtec.cat\/sesmcarrascoformiguera-sfc\/wp-json\/wp\/v2\/posts"}],"about":[{"href":"https:\/\/agora.xtec.cat\/sesmcarrascoformiguera-sfc\/wp-json\/wp\/v2\/types\/post"}],"author":[{"embeddable":true,"href":"https:\/\/agora.xtec.cat\/sesmcarrascoformiguera-sfc\/wp-json\/wp\/v2\/users\/1"}],"replies":[{"embeddable":true,"href":"https:\/\/agora.xtec.cat\/sesmcarrascoformiguera-sfc\/wp-json\/wp\/v2\/comments?post=5923"}],"version-history":[{"count":1,"href":"https:\/\/agora.xtec.cat\/sesmcarrascoformiguera-sfc\/wp-json\/wp\/v2\/posts\/5923\/revisions"}],"predecessor-version":[{"id":5926,"href":"https:\/\/agora.xtec.cat\/sesmcarrascoformiguera-sfc\/wp-json\/wp\/v2\/posts\/5923\/revisions\/5926"}],"wp:attachment":[{"href":"https:\/\/agora.xtec.cat\/sesmcarrascoformiguera-sfc\/wp-json\/wp\/v2\/media?parent=5923"}],"wp:term":[{"taxonomy":"category","embeddable":true,"href":"https:\/\/agora.xtec.cat\/sesmcarrascoformiguera-sfc\/wp-json\/wp\/v2\/categories?post=5923"},{"taxonomy":"post_tag","embeddable":true,"href":"https:\/\/agora.xtec.cat\/sesmcarrascoformiguera-sfc\/wp-json\/wp\/v2\/tags?post=5923"}],"curies":[{"name":"wp","href":"https:\/\/api.w.org\/{rel}","templated":true}]}}