{"id":5913,"date":"2024-12-16T10:38:38","date_gmt":"2024-12-16T09:38:38","guid":{"rendered":"https:\/\/agora.xtec.cat\/sesmcarrascoformiguera-sfc\/?p=5913"},"modified":"2024-12-16T11:23:25","modified_gmt":"2024-12-16T10:23:25","slug":"lalumnat-de-3r-deso-al-parlament","status":"publish","type":"post","link":"https:\/\/agora.xtec.cat\/sesmcarrascoformiguera-sfc\/general\/lalumnat-de-3r-deso-al-parlament\/","title":{"rendered":"L&#8217;alumnat de 3r d&#8217;ESO al Parlament"},"content":{"rendered":"<p style=\"text-align: justify;\"><span style=\"color: #000000;\"><span style=\"font-family: apple-system, BlinkMacSystemFont, Segoe UI, Roboto, Oxygen-Sans, Ubuntu, Cantarell, Helvetica Neue, sans-serif;\"><span style=\"font-size: small;\">Els i les alumnes de 3r d\u2019ESO vam anar al <\/span><\/span><\/span><span style=\"color: #000000;\"><span style=\"font-family: apple-system, BlinkMacSystemFont, Segoe UI, Roboto, Oxygen-Sans, Ubuntu, Cantarell, Helvetica Neue, sans-serif;\"><span style=\"font-size: small;\"><strong>Parlament de Catalunya<\/strong><\/span><\/span><\/span><span style=\"color: #000000;\"><span style=\"font-family: apple-system, BlinkMacSystemFont, Segoe UI, Roboto, Oxygen-Sans, Ubuntu, Cantarell, Helvetica Neue, sans-serif;\"><span style=\"font-size: small;\">\u00a0el passat 23 d&#8217;octubre, per con\u00e8ixer <\/span><\/span><\/span><span style=\"color: #000000;\"><span style=\"font-family: apple-system, BlinkMacSystemFont, Segoe UI, Roboto, Oxygen-Sans, Ubuntu, Cantarell, Helvetica Neue, sans-serif;\"><span style=\"font-size: small;\"><em>in situ<\/em><\/span><\/span><\/span><span style=\"color: #000000;\"><span style=\"font-family: apple-system, BlinkMacSystemFont, Segoe UI, Roboto, Oxygen-Sans, Ubuntu, Cantarell, Helvetica Neue, sans-serif;\"><span style=\"font-size: small;\"> el que hem apr\u00e8s a classe sobre els principis i els processos electoral i parlamentari, i aprendre la hist\u00f2ria d&#8217;aquesta seu i del <\/span><\/span><\/span><span style=\"color: #000000;\"><span style=\"font-family: apple-system, BlinkMacSystemFont, Segoe UI, Roboto, Oxygen-Sans, Ubuntu, Cantarell, Helvetica Neue, sans-serif;\"><span style=\"font-size: small;\"><strong>parc de la Ciutadella<\/strong><\/span><\/span><\/span><span style=\"color: #000000;\"><span style=\"font-family: apple-system, BlinkMacSystemFont, Segoe UI, Roboto, Oxygen-Sans, Ubuntu, Cantarell, Helvetica Neue, sans-serif;\"><span style=\"font-size: small;\">. Val a dir que el Parlament \u00e9s on resideix el poder legislatiu. I \u00e9s la primera instituci\u00f3 de Catalunya ja que \u00e9s la deposit\u00e0ria directa de la <\/span><\/span><\/span><span style=\"color: #000000;\"><span style=\"font-family: apple-system, BlinkMacSystemFont, Segoe UI, Roboto, Oxygen-Sans, Ubuntu, Cantarell, Helvetica Neue, sans-serif;\"><span style=\"font-size: small;\"><strong>sobirania popular<\/strong><\/span><\/span><\/span><span style=\"color: #000000;\"><span style=\"font-family: apple-system, BlinkMacSystemFont, Segoe UI, Roboto, Oxygen-Sans, Ubuntu, Cantarell, Helvetica Neue, sans-serif;\"><span style=\"font-size: small;\">.<\/span><\/span><\/span><\/p>\n<p style=\"text-align: justify;\">A m\u00e9s, vam aprofitar per fer una <strong>gimkana<\/strong> al parc.\u00a0I si l&#8217;any passat ens va saludar i conversar la presidenta del Parlament de Catalunya, la M.H. Sra. Anna Serra i Sol\u00e0, la segona autoritat de Catalunya, i l&#8217;anterior vam veure casualment el president de la Generalitat de Catalunya, el M.H. Sr. Pere Aragon\u00e8s i Garcia, la primera autoritat de Catalunya, enguany tamb\u00e9 ens ha saludat i conversat el president actual del Parlament de Catalunya, el M.H. Sr. Josep Rull i Andreu. Devem tenir una estrella especial!<\/p>\n\r\n\t<div class=\"slideshow_container slideshow_container_style-light\" style=\"height: 300px; \" data-slideshow-id=\"5914\" data-style-name=\"style-light\" data-style-version=\"2.3.1\" >\r\n\r\n\t\t\t\t\t<div class=\"slideshow_loading_icon\"><\/div>\r\n\t\t\r\n\t\t<div class=\"slideshow_content\" style=\"display: none;\">\r\n\r\n\t\t\t<div class=\"slideshow_view\">\r\n\t\t\t\t<div class=\"slideshow_slide slideshow_slide_image\">\r\n\t\t\t\t\t\t\t\t\t\t\t<img src=\"https:\/\/agora.xtec.cat\/sesmcarrascoformiguera-sfc\/wp-content\/uploads\/usu981\/2024\/12\/20241023_101207-2-scaled.jpg\" alt=\"20241023_101207 (2)\" width=\"2560\" height=\"1920\" \/>\r\n\t\t\t\t\t\t\t\t\t\t<div class=\"slideshow_description_box slideshow_transparent\">\r\n\t\t\t\t\t\t<div class=\"slideshow_title\">20241023_101207 (2)<\/div>\t\t\t\t\t\t\t\t\t\t\t<\/div>\r\n\t\t\t\t<\/div>\r\n\r\n\t\t\t\t\t\t<div style=\"clear: both;\"><\/div><\/div><div class=\"slideshow_view\">\r\n\t\t\t\t<div class=\"slideshow_slide slideshow_slide_image\">\r\n\t\t\t\t\t\t\t\t\t\t\t<img src=\"https:\/\/agora.xtec.cat\/sesmcarrascoformiguera-sfc\/wp-content\/uploads\/usu981\/2024\/12\/IMG_6891-2-scaled.jpg\" alt=\"IMG_6891 (2)\" width=\"2560\" height=\"1920\" \/>\r\n\t\t\t\t\t\t\t\t\t\t<div class=\"slideshow_description_box slideshow_transparent\">\r\n\t\t\t\t\t\t<div class=\"slideshow_title\">IMG_6891 (2)<\/div>\t\t\t\t\t\t\t\t\t\t\t<\/div>\r\n\t\t\t\t<\/div>\r\n\r\n\t\t\t\t\t\t<div style=\"clear: both;\"><\/div><\/div><div class=\"slideshow_view\">\r\n\t\t\t\t<div class=\"slideshow_slide slideshow_slide_image\">\r\n\t\t\t\t\t\t\t\t\t\t\t<img src=\"https:\/\/agora.xtec.cat\/sesmcarrascoformiguera-sfc\/wp-content\/uploads\/usu981\/2024\/12\/20241023_102702-2-scaled.jpg\" alt=\"20241023_102702 (2)\" width=\"2560\" height=\"1920\" \/>\r\n\t\t\t\t\t\t\t\t\t\t<div class=\"slideshow_description_box slideshow_transparent\">\r\n\t\t\t\t\t\t<div class=\"slideshow_title\">20241023_102702 (2)<\/div>\t\t\t\t\t\t\t\t\t\t\t<\/div>\r\n\t\t\t\t<\/div>\r\n\r\n\t\t\t\t\t\t<div style=\"clear: both;\"><\/div><\/div>\r\n\t\t<\/div>\r\n\r\n\t\t<div class=\"slideshow_controlPanel slideshow_transparent\" style=\"display: none;\"><ul><li class=\"slideshow_togglePlay\" data-play-text=\"Visualitza\" data-pause-text=\"Pausa\"><\/li><\/ul><\/div>\r\n\r\n\t\t<div class=\"slideshow_button slideshow_previous slideshow_transparent\" role=\"button\" data-previous-text=\"Anterior\" style=\"display: none;\"><\/div>\r\n\t\t<div class=\"slideshow_button slideshow_next slideshow_transparent\" role=\"button\" data-next-text=\"Seg\u00fcent\" style=\"display: none;\"><\/div>\r\n\r\n\t\t<div class=\"slideshow_pagination\" style=\"display: none;\" data-go-to-text=\"V\u00e9s a la diapositiva\"><div class=\"slideshow_pagination_center\"><\/div><\/div>\r\n\r\n\t\t<!-- WordPress Slideshow Version 2.3.1 -->\r\n\r\n\t\t\t<\/div>\r\n\r\n\n","protected":false},"excerpt":{"rendered":"<p>Els i les alumnes de 3r d\u2019ESO vam anar al Parlament de Catalunya\u00a0el passat 23 d&#8217;octubre, per con\u00e8ixer in situ el que hem apr\u00e8s a classe sobre els principis i els processos electoral i parlamentari, i aprendre la hist\u00f2ria d&#8217;aquesta seu i del parc de&hellip;  <a href=\"https:\/\/agora.xtec.cat\/sesmcarrascoformiguera-sfc\/general\/lalumnat-de-3r-deso-al-parlament\/\" title=\"Read L&#8217;alumnat de 3r d&#8217;ESO al Parlament\">Llegeix m\u00e9s\u00bb<\/a><\/p>\n","protected":false},"author":1,"featured_media":0,"comment_status":"open","ping_status":"closed","sticky":false,"template":"","format":"standard","meta":{"_bbp_topic_count":0,"_bbp_reply_count":0,"_bbp_total_topic_count":0,"_bbp_total_reply_count":0,"_bbp_voice_count":0,"_bbp_anonymous_reply_count":0,"_bbp_topic_count_hidden":0,"_bbp_reply_count_hidden":0,"_bbp_forum_subforum_count":0,"footnotes":""},"categories":[1,29],"tags":[363,358,145,362,141,138,137,142,361,359,360,144],"class_list":["post-5913","post","type-post","status-publish","format-standard","hentry","category-general","category-portada","tag-el-parlament","tag-eleccions","tag-funcionament-parlamentari","tag-la-ciutadella","tag-palau-de-la-generalitat","tag-parc-de-la-ciutadella","tag-parlament-de-catalunya","tag-placa-de-sant-jaume","tag-poder-executiu","tag-poder-legislatiu","tag-presidenta-del-parlament","tag-proces-electoral"],"post_mailing_queue_ids":[],"_links":{"self":[{"href":"https:\/\/agora.xtec.cat\/sesmcarrascoformiguera-sfc\/wp-json\/wp\/v2\/posts\/5913","targetHints":{"allow":["GET"]}}],"collection":[{"href":"https:\/\/agora.xtec.cat\/sesmcarrascoformiguera-sfc\/wp-json\/wp\/v2\/posts"}],"about":[{"href":"https:\/\/agora.xtec.cat\/sesmcarrascoformiguera-sfc\/wp-json\/wp\/v2\/types\/post"}],"author":[{"embeddable":true,"href":"https:\/\/agora.xtec.cat\/sesmcarrascoformiguera-sfc\/wp-json\/wp\/v2\/users\/1"}],"replies":[{"embeddable":true,"href":"https:\/\/agora.xtec.cat\/sesmcarrascoformiguera-sfc\/wp-json\/wp\/v2\/comments?post=5913"}],"version-history":[{"count":5,"href":"https:\/\/agora.xtec.cat\/sesmcarrascoformiguera-sfc\/wp-json\/wp\/v2\/posts\/5913\/revisions"}],"predecessor-version":[{"id":5922,"href":"https:\/\/agora.xtec.cat\/sesmcarrascoformiguera-sfc\/wp-json\/wp\/v2\/posts\/5913\/revisions\/5922"}],"wp:attachment":[{"href":"https:\/\/agora.xtec.cat\/sesmcarrascoformiguera-sfc\/wp-json\/wp\/v2\/media?parent=5913"}],"wp:term":[{"taxonomy":"category","embeddable":true,"href":"https:\/\/agora.xtec.cat\/sesmcarrascoformiguera-sfc\/wp-json\/wp\/v2\/categories?post=5913"},{"taxonomy":"post_tag","embeddable":true,"href":"https:\/\/agora.xtec.cat\/sesmcarrascoformiguera-sfc\/wp-json\/wp\/v2\/tags?post=5913"}],"curies":[{"name":"wp","href":"https:\/\/api.w.org\/{rel}","templated":true}]}}