{"id":5642,"date":"2024-05-22T20:38:51","date_gmt":"2024-05-22T18:38:51","guid":{"rendered":"https:\/\/agora.xtec.cat\/sesmcarrascoformiguera-sfc\/?p=5642"},"modified":"2024-06-03T08:30:59","modified_gmt":"2024-06-03T06:30:59","slug":"disseny-al-museu-del-disseny","status":"publish","type":"post","link":"https:\/\/agora.xtec.cat\/sesmcarrascoformiguera-sfc\/general\/disseny-al-museu-del-disseny\/","title":{"rendered":"Disseny al Museu del Disseny"},"content":{"rendered":"<p style=\"text-align: justify;\"><span style=\"font-weight: 400;\">Els i les alumnes de segon hem visitat el <strong>Museu del Disseny<\/strong> de Barcelona, amb <\/span><span style=\"font-weight: 400;\">una visita guiada a l\u2019exposici\u00f3 &#8220;<\/span><strong><a href=\"https:\/\/ajuntament.barcelona.cat\/museudeldisseny\/ca\/exposicio\/objectes-comuns-histories-locals-debats-globals\">Objectes comuns, hist\u00f2ries locals, debats globals<\/a><\/strong><span style=\"font-weight: 400;\">&#8220;, i un taller sobre el disseny d\u2019objectes.<\/span><\/p>\n\r\n\t<div class=\"slideshow_container slideshow_container_style-light\" style=\"height: 300px; \" data-slideshow-id=\"5643\" data-style-name=\"style-light\" data-style-version=\"2.3.1\" >\r\n\r\n\t\t\t\t\t<div class=\"slideshow_loading_icon\"><\/div>\r\n\t\t\r\n\t\t<div class=\"slideshow_content\" style=\"display: none;\">\r\n\r\n\t\t\t<div class=\"slideshow_view\">\r\n\t\t\t\t<div class=\"slideshow_slide slideshow_slide_image\">\r\n\t\t\t\t\t\t\t\t\t\t\t<img src=\"https:\/\/agora.xtec.cat\/sesmcarrascoformiguera-sfc\/wp-content\/uploads\/usu981\/2024\/05\/20240515_113136-scaled.jpg\" alt=\"20240515_113136\" width=\"1920\" height=\"2560\" \/>\r\n\t\t\t\t\t\t\t\t\t\t<div class=\"slideshow_description_box slideshow_transparent\">\r\n\t\t\t\t\t\t<div class=\"slideshow_title\">20240515_113136<\/div>\t\t\t\t\t\t\t\t\t\t\t<\/div>\r\n\t\t\t\t<\/div>\r\n\r\n\t\t\t\t\t\t<div style=\"clear: both;\"><\/div><\/div><div class=\"slideshow_view\">\r\n\t\t\t\t<div class=\"slideshow_slide slideshow_slide_image\">\r\n\t\t\t\t\t\t\t\t\t\t\t<img src=\"https:\/\/agora.xtec.cat\/sesmcarrascoformiguera-sfc\/wp-content\/uploads\/usu981\/2024\/05\/20240515_113020-scaled.jpg\" alt=\"20240515_113020\" width=\"2560\" height=\"1920\" \/>\r\n\t\t\t\t\t\t\t\t\t\t<div class=\"slideshow_description_box slideshow_transparent\">\r\n\t\t\t\t\t\t<div class=\"slideshow_title\">20240515_113020<\/div>\t\t\t\t\t\t\t\t\t\t\t<\/div>\r\n\t\t\t\t<\/div>\r\n\r\n\t\t\t\t\t\t<div style=\"clear: both;\"><\/div><\/div><div class=\"slideshow_view\">\r\n\t\t\t\t<div class=\"slideshow_slide slideshow_slide_image\">\r\n\t\t\t\t\t\t\t\t\t\t\t<img src=\"https:\/\/agora.xtec.cat\/sesmcarrascoformiguera-sfc\/wp-content\/uploads\/usu981\/2024\/05\/20240515_113009-scaled.jpg\" alt=\"20240515_113009\" width=\"2560\" height=\"1920\" \/>\r\n\t\t\t\t\t\t\t\t\t\t<div class=\"slideshow_description_box slideshow_transparent\">\r\n\t\t\t\t\t\t<div class=\"slideshow_title\">20240515_113009<\/div>\t\t\t\t\t\t\t\t\t\t\t<\/div>\r\n\t\t\t\t<\/div>\r\n\r\n\t\t\t\t\t\t<div style=\"clear: both;\"><\/div><\/div><div class=\"slideshow_view\">\r\n\t\t\t\t<div class=\"slideshow_slide slideshow_slide_image\">\r\n\t\t\t\t\t\t\t\t\t\t\t<img src=\"https:\/\/agora.xtec.cat\/sesmcarrascoformiguera-sfc\/wp-content\/uploads\/usu981\/2024\/05\/20240515_110935-scaled.jpg\" alt=\"20240515_110935\" width=\"2560\" height=\"1920\" \/>\r\n\t\t\t\t\t\t\t\t\t\t<div class=\"slideshow_description_box slideshow_transparent\">\r\n\t\t\t\t\t\t<div class=\"slideshow_title\">20240515_110935<\/div>\t\t\t\t\t\t\t\t\t\t\t<\/div>\r\n\t\t\t\t<\/div>\r\n\r\n\t\t\t\t\t\t<div style=\"clear: both;\"><\/div><\/div><div class=\"slideshow_view\">\r\n\t\t\t\t<div class=\"slideshow_slide slideshow_slide_image\">\r\n\t\t\t\t\t\t\t\t\t\t\t<img src=\"https:\/\/agora.xtec.cat\/sesmcarrascoformiguera-sfc\/wp-content\/uploads\/usu981\/2024\/05\/20240515_113040-scaled.jpg\" alt=\"20240515_113040\" width=\"2560\" height=\"1920\" \/>\r\n\t\t\t\t\t\t\t\t\t\t<div class=\"slideshow_description_box slideshow_transparent\">\r\n\t\t\t\t\t\t<div class=\"slideshow_title\">20240515_113040<\/div>\t\t\t\t\t\t\t\t\t\t\t<\/div>\r\n\t\t\t\t<\/div>\r\n\r\n\t\t\t\t\t\t<div style=\"clear: both;\"><\/div><\/div>\r\n\t\t<\/div>\r\n\r\n\t\t<div class=\"slideshow_controlPanel slideshow_transparent\" style=\"display: none;\"><ul><li class=\"slideshow_togglePlay\" data-play-text=\"Visualitza\" data-pause-text=\"Pausa\"><\/li><\/ul><\/div>\r\n\r\n\t\t<div class=\"slideshow_button slideshow_previous slideshow_transparent\" role=\"button\" data-previous-text=\"Anterior\" style=\"display: none;\"><\/div>\r\n\t\t<div class=\"slideshow_button slideshow_next slideshow_transparent\" role=\"button\" data-next-text=\"Seg\u00fcent\" style=\"display: none;\"><\/div>\r\n\r\n\t\t<div class=\"slideshow_pagination\" style=\"display: none;\" data-go-to-text=\"V\u00e9s a la diapositiva\"><div class=\"slideshow_pagination_center\"><\/div><\/div>\r\n\r\n\t\t<!-- WordPress Slideshow Version 2.3.1 -->\r\n\r\n\t\t\t<\/div>\r\n\r\n\n<p style=\"text-align: justify;\"><span style=\"font-weight: 400;\">L\u2019objectiu ha estat el de \u201cllegir\u201d algunes de les peces de l\u2019exposici\u00f3 posant especial \u00e8mfasi en quines s\u00f3n les caracter\u00edstiques que ha de complir un \u201cbon disseny\u201d de producte, perqu\u00e8 si som capa\u00e7os d\u2019identificar-les, podrem ser <strong>consumidors m\u00e9s responsables<\/strong>.<\/span><\/p>\n<p style=\"text-align: justify;\"><span style=\"font-weight: 400;\">Al taller, l&#8217;alumnat ha analitzat algunes de les peces de l\u2019exposici\u00f3 mitjan\u00e7ant l\u2019observaci\u00f3 i l\u2019experimentaci\u00f3. Finalment, hem exposat i compartit la seva an\u00e0lisi amb la resta del grup classe.<\/span><\/p>\n","protected":false},"excerpt":{"rendered":"<p>Els i les alumnes de segon hem visitat el Museu del Disseny de Barcelona, amb una visita guiada a l\u2019exposici\u00f3 &#8220;<a href=\"https:\/\/ajuntament.barcelona.cat\/museudeldisseny\/ca\/exposicio\/objectes-comuns-histories-locals-debats-globals\">Objectes comuns, hist\u00f2ries locals, debats globals<\/a>&#8220;, i un taller sobre el disseny d\u2019objectes.<\/p>\n<p>\t\t\t\t\t\t20240515_113136\t\t\t\t\t\t\t\t\t\t\t<\/p>\n<p>\t\t\t\t\t\t20240515_113020\t\t\t\t\t\t\t\t\t\t\t<\/p>\n<p>\t\t\t\t\t\t20240515_113009\t\t\t\t\t\t\t\t\t\t\t<\/p>\n<p>\t\t\t\t\t\t20240515_110935\t\t\t\t\t\t\t\t\t\t\t<\/p>\n<p>\t\t\t\t\t\t20240515_113040\t\t\t\t\t\t\t\t\t\t\t<\/p>\n<ul>\n<li class=\"slideshow_togglePlay\" data-play-text=\"Visualitza\" data-pause-text=\"Pausa\"><\/li>\n<\/ul>\n<p>L\u2019objectiu ha estat el de \u201cllegir\u201d algunes de les&hellip;  <a href=\"https:\/\/agora.xtec.cat\/sesmcarrascoformiguera-sfc\/general\/disseny-al-museu-del-disseny\/\" title=\"Read Disseny al Museu del Disseny\">Llegeix m\u00e9s\u00bb<\/a><\/p>\n","protected":false},"author":1,"featured_media":0,"comment_status":"open","ping_status":"closed","sticky":false,"template":"","format":"standard","meta":{"_bbp_topic_count":0,"_bbp_reply_count":0,"_bbp_total_topic_count":0,"_bbp_total_reply_count":0,"_bbp_voice_count":0,"_bbp_anonymous_reply_count":0,"_bbp_topic_count_hidden":0,"_bbp_reply_count_hidden":0,"_bbp_forum_subforum_count":0,"footnotes":""},"categories":[5,1,29],"tags":[386,478,480,479],"class_list":["post-5642","post","type-post","status-publish","format-standard","hentry","category-eso-2","category-general","category-portada","tag-consum-responsable","tag-disseny","tag-museu-del-disseny","tag-objectes-comuns"],"post_mailing_queue_ids":[],"_links":{"self":[{"href":"https:\/\/agora.xtec.cat\/sesmcarrascoformiguera-sfc\/wp-json\/wp\/v2\/posts\/5642","targetHints":{"allow":["GET"]}}],"collection":[{"href":"https:\/\/agora.xtec.cat\/sesmcarrascoformiguera-sfc\/wp-json\/wp\/v2\/posts"}],"about":[{"href":"https:\/\/agora.xtec.cat\/sesmcarrascoformiguera-sfc\/wp-json\/wp\/v2\/types\/post"}],"author":[{"embeddable":true,"href":"https:\/\/agora.xtec.cat\/sesmcarrascoformiguera-sfc\/wp-json\/wp\/v2\/users\/1"}],"replies":[{"embeddable":true,"href":"https:\/\/agora.xtec.cat\/sesmcarrascoformiguera-sfc\/wp-json\/wp\/v2\/comments?post=5642"}],"version-history":[{"count":4,"href":"https:\/\/agora.xtec.cat\/sesmcarrascoformiguera-sfc\/wp-json\/wp\/v2\/posts\/5642\/revisions"}],"predecessor-version":[{"id":5685,"href":"https:\/\/agora.xtec.cat\/sesmcarrascoformiguera-sfc\/wp-json\/wp\/v2\/posts\/5642\/revisions\/5685"}],"wp:attachment":[{"href":"https:\/\/agora.xtec.cat\/sesmcarrascoformiguera-sfc\/wp-json\/wp\/v2\/media?parent=5642"}],"wp:term":[{"taxonomy":"category","embeddable":true,"href":"https:\/\/agora.xtec.cat\/sesmcarrascoformiguera-sfc\/wp-json\/wp\/v2\/categories?post=5642"},{"taxonomy":"post_tag","embeddable":true,"href":"https:\/\/agora.xtec.cat\/sesmcarrascoformiguera-sfc\/wp-json\/wp\/v2\/tags?post=5642"}],"curies":[{"name":"wp","href":"https:\/\/api.w.org\/{rel}","templated":true}]}}