{"id":5586,"date":"2024-05-22T20:21:56","date_gmt":"2024-05-22T18:21:56","guid":{"rendered":"https:\/\/agora.xtec.cat\/sesmcarrascoformiguera-sfc\/?p=5586"},"modified":"2024-05-22T20:26:25","modified_gmt":"2024-05-22T18:26:25","slug":"petanca-intergeneracional-a-sant-feliu","status":"publish","type":"post","link":"https:\/\/agora.xtec.cat\/sesmcarrascoformiguera-sfc\/general\/petanca-intergeneracional-a-sant-feliu\/","title":{"rendered":"Petanca intergeneracional a Sant Feliu"},"content":{"rendered":"<p style=\"text-align: justify;\"><span style=\"color: #000000;\"><span style=\"font-family: Arial, Helvetica, sans-serif;\"><span style=\"font-size: medium;\"><a href=\"https:\/\/agora.xtec.cat\/sesmcarrascoformiguera-sfc\/wp-content\/uploads\/usu981\/2024\/05\/PETANCA-1.jpg\"><img loading=\"lazy\" decoding=\"async\" class=\"aligncenter size-large wp-image-5629\" src=\"https:\/\/agora.xtec.cat\/sesmcarrascoformiguera-sfc\/wp-content\/uploads\/usu981\/2024\/05\/PETANCA-1-1024x576.jpg\" alt=\"\" width=\"1024\" height=\"576\" srcset=\"https:\/\/agora.xtec.cat\/sesmcarrascoformiguera-sfc\/wp-content\/uploads\/usu981\/2024\/05\/PETANCA-1-1024x576.jpg 1024w, https:\/\/agora.xtec.cat\/sesmcarrascoformiguera-sfc\/wp-content\/uploads\/usu981\/2024\/05\/PETANCA-1-300x169.jpg 300w, https:\/\/agora.xtec.cat\/sesmcarrascoformiguera-sfc\/wp-content\/uploads\/usu981\/2024\/05\/PETANCA-1-768x432.jpg 768w, https:\/\/agora.xtec.cat\/sesmcarrascoformiguera-sfc\/wp-content\/uploads\/usu981\/2024\/05\/PETANCA-1-1536x864.jpg 1536w, https:\/\/agora.xtec.cat\/sesmcarrascoformiguera-sfc\/wp-content\/uploads\/usu981\/2024\/05\/PETANCA-1.jpg 2016w\" sizes=\"auto, (max-width: 1024px) 100vw, 1024px\" \/><\/a><\/span><\/span><\/span><\/p>\n<p style=\"text-align: justify;\"><span style=\"color: #000000;\"><span style=\"font-family: Arial, Helvetica, sans-serif;\"><span style=\"font-size: medium;\">El passat dimarts 7 de maig, alumnes de 3r i 4t d&#8217;ESO van fer volunt\u00e0riament una competici\u00f3 de <strong>petanca<\/strong> fent equips barrejats amb alumnes de la mateixa edat del centre FEDAC. Els i les alumnes, sense excepci\u00f3, van jugar amb esportivitat, companyerisme i amb un comportament exemplar, sempre atents a les indicacions dels organitzadors.<\/span><\/span><\/span><\/p>\n<p style=\"text-align: justify;\"><span style=\"color: #000000;\"><span style=\"font-family: Arial, Helvetica, sans-serif;\"><span style=\"font-size: medium;\">Tot l&#8217;alumnat va gaudir de l&#8217;experi\u00e8ncia.<\/span><\/span><\/span><\/p>\n<p><!--more--><\/p>\n\r\n\t<div class=\"slideshow_container slideshow_container_style-light\" style=\"height: 300px; \" data-slideshow-id=\"5630\" data-style-name=\"style-light\" data-style-version=\"2.3.1\" >\r\n\r\n\t\t\t\t\t<div class=\"slideshow_loading_icon\"><\/div>\r\n\t\t\r\n\t\t<div class=\"slideshow_content\" style=\"display: none;\">\r\n\r\n\t\t\t<div class=\"slideshow_view\">\r\n\t\t\t\t<div class=\"slideshow_slide slideshow_slide_image\">\r\n\t\t\t\t\t\t\t\t\t\t\t<img src=\"https:\/\/agora.xtec.cat\/sesmcarrascoformiguera-sfc\/wp-content\/uploads\/usu981\/2024\/05\/IMG-20240507-WA0025.jpg\" alt=\"IMG-20240507-WA0025\" width=\"809\" height=\"881\" \/>\r\n\t\t\t\t\t\t\t\t\t\t<div class=\"slideshow_description_box slideshow_transparent\">\r\n\t\t\t\t\t\t<div class=\"slideshow_title\">IMG-20240507-WA0025<\/div>\t\t\t\t\t\t\t\t\t\t\t<\/div>\r\n\t\t\t\t<\/div>\r\n\r\n\t\t\t\t\t\t<div style=\"clear: both;\"><\/div><\/div><div class=\"slideshow_view\">\r\n\t\t\t\t<div class=\"slideshow_slide slideshow_slide_image\">\r\n\t\t\t\t\t\t\t\t\t\t\t<img src=\"https:\/\/agora.xtec.cat\/sesmcarrascoformiguera-sfc\/wp-content\/uploads\/usu981\/2024\/05\/20240507_175459-scaled.jpg\" alt=\"20240507_175459\" width=\"2560\" height=\"2169\" \/>\r\n\t\t\t\t\t\t\t\t\t\t<div class=\"slideshow_description_box slideshow_transparent\">\r\n\t\t\t\t\t\t<div class=\"slideshow_title\">20240507_175459<\/div>\t\t\t\t\t\t\t\t\t\t\t<\/div>\r\n\t\t\t\t<\/div>\r\n\r\n\t\t\t\t\t\t<div style=\"clear: both;\"><\/div><\/div><div class=\"slideshow_view\">\r\n\t\t\t\t<div class=\"slideshow_slide slideshow_slide_image\">\r\n\t\t\t\t\t\t\t\t\t\t\t<img src=\"https:\/\/agora.xtec.cat\/sesmcarrascoformiguera-sfc\/wp-content\/uploads\/usu981\/2024\/05\/20240507_175456-scaled.jpg\" alt=\"20240507_175456\" width=\"2560\" height=\"1777\" \/>\r\n\t\t\t\t\t\t\t\t\t\t<div class=\"slideshow_description_box slideshow_transparent\">\r\n\t\t\t\t\t\t<div class=\"slideshow_title\">20240507_175456<\/div>\t\t\t\t\t\t\t\t\t\t\t<\/div>\r\n\t\t\t\t<\/div>\r\n\r\n\t\t\t\t\t\t<div style=\"clear: both;\"><\/div><\/div><div class=\"slideshow_view\">\r\n\t\t\t\t<div class=\"slideshow_slide slideshow_slide_image\">\r\n\t\t\t\t\t\t\t\t\t\t\t<img src=\"https:\/\/agora.xtec.cat\/sesmcarrascoformiguera-sfc\/wp-content\/uploads\/usu981\/2024\/05\/IMG-20240507-WA0021.jpg\" alt=\"IMG-20240507-WA0021\" width=\"1309\" height=\"851\" \/>\r\n\t\t\t\t\t\t\t\t\t\t<div class=\"slideshow_description_box slideshow_transparent\">\r\n\t\t\t\t\t\t<div class=\"slideshow_title\">IMG-20240507-WA0021<\/div>\t\t\t\t\t\t\t\t\t\t\t<\/div>\r\n\t\t\t\t<\/div>\r\n\r\n\t\t\t\t\t\t<div style=\"clear: both;\"><\/div><\/div><div class=\"slideshow_view\">\r\n\t\t\t\t<div class=\"slideshow_slide slideshow_slide_image\">\r\n\t\t\t\t\t\t\t\t\t\t\t<img src=\"https:\/\/agora.xtec.cat\/sesmcarrascoformiguera-sfc\/wp-content\/uploads\/usu981\/2024\/05\/IMG-20240507-WA0029.jpg\" alt=\"IMG-20240507-WA0029\" width=\"738\" height=\"705\" \/>\r\n\t\t\t\t\t\t\t\t\t\t<div class=\"slideshow_description_box slideshow_transparent\">\r\n\t\t\t\t\t\t<div class=\"slideshow_title\">IMG-20240507-WA0029<\/div>\t\t\t\t\t\t\t\t\t\t\t<\/div>\r\n\t\t\t\t<\/div>\r\n\r\n\t\t\t\t\t\t<div style=\"clear: both;\"><\/div><\/div><div class=\"slideshow_view\">\r\n\t\t\t\t<div class=\"slideshow_slide slideshow_slide_image\">\r\n\t\t\t\t\t\t\t\t\t\t\t<img src=\"https:\/\/agora.xtec.cat\/sesmcarrascoformiguera-sfc\/wp-content\/uploads\/usu981\/2024\/05\/IMG-20240507-WA0014.jpg\" alt=\"IMG-20240507-WA0014\" width=\"1432\" height=\"714\" \/>\r\n\t\t\t\t\t\t\t\t\t\t<div class=\"slideshow_description_box slideshow_transparent\">\r\n\t\t\t\t\t\t<div class=\"slideshow_title\">IMG-20240507-WA0014<\/div>\t\t\t\t\t\t\t\t\t\t\t<\/div>\r\n\t\t\t\t<\/div>\r\n\r\n\t\t\t\t\t\t<div style=\"clear: both;\"><\/div><\/div>\r\n\t\t<\/div>\r\n\r\n\t\t<div class=\"slideshow_controlPanel slideshow_transparent\" style=\"display: none;\"><ul><li class=\"slideshow_togglePlay\" data-play-text=\"Visualitza\" data-pause-text=\"Pausa\"><\/li><\/ul><\/div>\r\n\r\n\t\t<div class=\"slideshow_button slideshow_previous slideshow_transparent\" role=\"button\" data-previous-text=\"Anterior\" style=\"display: none;\"><\/div>\r\n\t\t<div class=\"slideshow_button slideshow_next slideshow_transparent\" role=\"button\" data-next-text=\"Seg\u00fcent\" style=\"display: none;\"><\/div>\r\n\r\n\t\t<div class=\"slideshow_pagination\" style=\"display: none;\" data-go-to-text=\"V\u00e9s a la diapositiva\"><div class=\"slideshow_pagination_center\"><\/div><\/div>\r\n\r\n\t\t<!-- WordPress Slideshow Version 2.3.1 -->\r\n\r\n\t\t\t<\/div>\r\n\r\n\n<p>&nbsp;<\/p>\n","protected":false},"excerpt":{"rendered":"<p><a href=\"https:\/\/agora.xtec.cat\/sesmcarrascoformiguera-sfc\/wp-content\/uploads\/usu981\/2024\/05\/PETANCA-1.jpg\"><\/a><br \/>\nEl passat dimarts 7 de maig, alumnes de 3r i 4t d&#8217;ESO van fer volunt\u00e0riament una competici\u00f3 de petanca fent equips barrejats amb alumnes de la mateixa edat del centre FEDAC. Els i les alumnes, sense excepci\u00f3, van jugar amb esportivitat, companyerisme i amb&hellip;  <a href=\"https:\/\/agora.xtec.cat\/sesmcarrascoformiguera-sfc\/general\/petanca-intergeneracional-a-sant-feliu\/\" title=\"Read Petanca intergeneracional a Sant Feliu\">Llegeix m\u00e9s\u00bb<\/a><\/p>\n","protected":false},"author":1,"featured_media":0,"comment_status":"open","ping_status":"closed","sticky":false,"template":"","format":"standard","meta":{"_bbp_topic_count":0,"_bbp_reply_count":0,"_bbp_total_topic_count":0,"_bbp_total_reply_count":0,"_bbp_voice_count":0,"_bbp_anonymous_reply_count":0,"_bbp_topic_count_hidden":0,"_bbp_reply_count_hidden":0,"_bbp_forum_subforum_count":0,"footnotes":""},"categories":[6,7,1,29],"tags":[418,268,181,183,477,476],"class_list":["post-5586","post","type-post","status-publish","format-standard","hentry","category-eso-3","category-eso-4","category-general","category-portada","tag-competicio","tag-diversio","tag-educacio-fisica","tag-esport","tag-gaudi","tag-petanca"],"post_mailing_queue_ids":[],"_links":{"self":[{"href":"https:\/\/agora.xtec.cat\/sesmcarrascoformiguera-sfc\/wp-json\/wp\/v2\/posts\/5586","targetHints":{"allow":["GET"]}}],"collection":[{"href":"https:\/\/agora.xtec.cat\/sesmcarrascoformiguera-sfc\/wp-json\/wp\/v2\/posts"}],"about":[{"href":"https:\/\/agora.xtec.cat\/sesmcarrascoformiguera-sfc\/wp-json\/wp\/v2\/types\/post"}],"author":[{"embeddable":true,"href":"https:\/\/agora.xtec.cat\/sesmcarrascoformiguera-sfc\/wp-json\/wp\/v2\/users\/1"}],"replies":[{"embeddable":true,"href":"https:\/\/agora.xtec.cat\/sesmcarrascoformiguera-sfc\/wp-json\/wp\/v2\/comments?post=5586"}],"version-history":[{"count":6,"href":"https:\/\/agora.xtec.cat\/sesmcarrascoformiguera-sfc\/wp-json\/wp\/v2\/posts\/5586\/revisions"}],"predecessor-version":[{"id":5641,"href":"https:\/\/agora.xtec.cat\/sesmcarrascoformiguera-sfc\/wp-json\/wp\/v2\/posts\/5586\/revisions\/5641"}],"wp:attachment":[{"href":"https:\/\/agora.xtec.cat\/sesmcarrascoformiguera-sfc\/wp-json\/wp\/v2\/media?parent=5586"}],"wp:term":[{"taxonomy":"category","embeddable":true,"href":"https:\/\/agora.xtec.cat\/sesmcarrascoformiguera-sfc\/wp-json\/wp\/v2\/categories?post=5586"},{"taxonomy":"post_tag","embeddable":true,"href":"https:\/\/agora.xtec.cat\/sesmcarrascoformiguera-sfc\/wp-json\/wp\/v2\/tags?post=5586"}],"curies":[{"name":"wp","href":"https:\/\/api.w.org\/{rel}","templated":true}]}}