{"id":5498,"date":"2024-03-17T18:43:11","date_gmt":"2024-03-17T17:43:11","guid":{"rendered":"https:\/\/agora.xtec.cat\/sesmcarrascoformiguera-sfc\/?p=5498"},"modified":"2024-06-25T10:05:50","modified_gmt":"2024-06-25T08:05:50","slug":"i-despres-de-leso-que-al-salo-delensenyament","status":"publish","type":"post","link":"https:\/\/agora.xtec.cat\/sesmcarrascoformiguera-sfc\/general\/i-despres-de-leso-que-al-salo-delensenyament\/","title":{"rendered":"&#8220;I despr\u00e9s de l&#8217;ESO, qu\u00e8?&#8221;. El projecte al Sal\u00f3 del&#8217;Ensenyament"},"content":{"rendered":"<p style=\"text-align: justify;\">El dijous 14 de mar\u00e7 l&#8217;alumnat de 4t d&#8217;ESO va anar a Barcelona al <strong>Sal\u00f3 de l&#8217;Ensenyament<\/strong> <strong>2024<\/strong> dins de les activitats del Projecte <strong><em>I despr\u00e9s de l&#8217;ESO, qu\u00e8?<\/em><\/strong>. L&#8217;ambient ha estat molt agradable i els i les alumnes han tingut l&#8217;oportunitat de preguntar i aclarir-se sobre el seu futur acad\u00e8mic.<\/p>\n<p style=\"text-align: justify;\"><a href=\"https:\/\/agora.xtec.cat\/sesmcarrascoformiguera-sfc\/wp-content\/uploads\/usu981\/2024\/03\/20240314_120437-scaled.jpg\"><img loading=\"lazy\" decoding=\"async\" class=\"aligncenter wp-image-5499 size-large\" src=\"https:\/\/agora.xtec.cat\/sesmcarrascoformiguera-sfc\/wp-content\/uploads\/usu981\/2024\/03\/20240314_120437-1024x654.jpg\" alt=\"\" width=\"1024\" height=\"654\" srcset=\"https:\/\/agora.xtec.cat\/sesmcarrascoformiguera-sfc\/wp-content\/uploads\/usu981\/2024\/03\/20240314_120437-1024x654.jpg 1024w, https:\/\/agora.xtec.cat\/sesmcarrascoformiguera-sfc\/wp-content\/uploads\/usu981\/2024\/03\/20240314_120437-300x192.jpg 300w, https:\/\/agora.xtec.cat\/sesmcarrascoformiguera-sfc\/wp-content\/uploads\/usu981\/2024\/03\/20240314_120437-768x490.jpg 768w, https:\/\/agora.xtec.cat\/sesmcarrascoformiguera-sfc\/wp-content\/uploads\/usu981\/2024\/03\/20240314_120437-1536x981.jpg 1536w, https:\/\/agora.xtec.cat\/sesmcarrascoformiguera-sfc\/wp-content\/uploads\/usu981\/2024\/03\/20240314_120437-2048x1308.jpg 2048w\" sizes=\"auto, (max-width: 1024px) 100vw, 1024px\" \/><\/a><\/p>\n<p><!--more--><\/p>\n<p style=\"text-align: justify;\"><a href=\"https:\/\/agora.xtec.cat\/sesmcarrascoformiguera-sfc\/wp-content\/uploads\/usu981\/2024\/03\/20240314_101920-scaled.jpg\"><img loading=\"lazy\" decoding=\"async\" class=\"aligncenter size-large wp-image-5500\" src=\"https:\/\/agora.xtec.cat\/sesmcarrascoformiguera-sfc\/wp-content\/uploads\/usu981\/2024\/03\/20240314_101920-1024x858.jpg\" alt=\"\" width=\"1024\" height=\"858\" srcset=\"https:\/\/agora.xtec.cat\/sesmcarrascoformiguera-sfc\/wp-content\/uploads\/usu981\/2024\/03\/20240314_101920-1024x858.jpg 1024w, https:\/\/agora.xtec.cat\/sesmcarrascoformiguera-sfc\/wp-content\/uploads\/usu981\/2024\/03\/20240314_101920-300x250.jpg 300w, https:\/\/agora.xtec.cat\/sesmcarrascoformiguera-sfc\/wp-content\/uploads\/usu981\/2024\/03\/20240314_101920-768x643.jpg 768w, https:\/\/agora.xtec.cat\/sesmcarrascoformiguera-sfc\/wp-content\/uploads\/usu981\/2024\/03\/20240314_101920-1536x1286.jpg 1536w, https:\/\/agora.xtec.cat\/sesmcarrascoformiguera-sfc\/wp-content\/uploads\/usu981\/2024\/03\/20240314_101920-2048x1715.jpg 2048w\" sizes=\"auto, (max-width: 1024px) 100vw, 1024px\" \/><\/a><\/p>\n","protected":false},"excerpt":{"rendered":"<p>El dijous 14 de mar\u00e7 l&#8217;alumnat de 4t d&#8217;ESO va anar a Barcelona al Sal\u00f3 de l&#8217;Ensenyament 2024 dins de les activitats del Projecte I despr\u00e9s de l&#8217;ESO, qu\u00e8?. L&#8217;ambient ha estat molt agradable i els i les alumnes han tingut l&#8217;oportunitat de preguntar i&hellip;  <a href=\"https:\/\/agora.xtec.cat\/sesmcarrascoformiguera-sfc\/general\/i-despres-de-leso-que-al-salo-delensenyament\/\" title=\"Read &#8220;I despr\u00e9s de l&#8217;ESO, qu\u00e8?&#8221;. El projecte al Sal\u00f3 del&#8217;Ensenyament\">Llegeix m\u00e9s\u00bb<\/a><\/p>\n","protected":false},"author":1,"featured_media":0,"comment_status":"open","ping_status":"closed","sticky":false,"template":"","format":"standard","meta":{"_bbp_topic_count":0,"_bbp_reply_count":0,"_bbp_total_topic_count":0,"_bbp_total_reply_count":0,"_bbp_voice_count":0,"_bbp_anonymous_reply_count":0,"_bbp_topic_count_hidden":0,"_bbp_reply_count_hidden":0,"_bbp_forum_subforum_count":0,"footnotes":""},"categories":[7,1,29],"tags":[449,461,240,226,290,234],"class_list":["post-5498","post","type-post","status-publish","format-standard","hentry","category-eso-4","category-general","category-portada","tag-educacio","tag-emancipacio","tag-futur","tag-postobligatoria","tag-projectes","tag-salo-de-lensenyament"],"post_mailing_queue_ids":[],"_links":{"self":[{"href":"https:\/\/agora.xtec.cat\/sesmcarrascoformiguera-sfc\/wp-json\/wp\/v2\/posts\/5498","targetHints":{"allow":["GET"]}}],"collection":[{"href":"https:\/\/agora.xtec.cat\/sesmcarrascoformiguera-sfc\/wp-json\/wp\/v2\/posts"}],"about":[{"href":"https:\/\/agora.xtec.cat\/sesmcarrascoformiguera-sfc\/wp-json\/wp\/v2\/types\/post"}],"author":[{"embeddable":true,"href":"https:\/\/agora.xtec.cat\/sesmcarrascoformiguera-sfc\/wp-json\/wp\/v2\/users\/1"}],"replies":[{"embeddable":true,"href":"https:\/\/agora.xtec.cat\/sesmcarrascoformiguera-sfc\/wp-json\/wp\/v2\/comments?post=5498"}],"version-history":[{"count":6,"href":"https:\/\/agora.xtec.cat\/sesmcarrascoformiguera-sfc\/wp-json\/wp\/v2\/posts\/5498\/revisions"}],"predecessor-version":[{"id":5726,"href":"https:\/\/agora.xtec.cat\/sesmcarrascoformiguera-sfc\/wp-json\/wp\/v2\/posts\/5498\/revisions\/5726"}],"wp:attachment":[{"href":"https:\/\/agora.xtec.cat\/sesmcarrascoformiguera-sfc\/wp-json\/wp\/v2\/media?parent=5498"}],"wp:term":[{"taxonomy":"category","embeddable":true,"href":"https:\/\/agora.xtec.cat\/sesmcarrascoformiguera-sfc\/wp-json\/wp\/v2\/categories?post=5498"},{"taxonomy":"post_tag","embeddable":true,"href":"https:\/\/agora.xtec.cat\/sesmcarrascoformiguera-sfc\/wp-json\/wp\/v2\/tags?post=5498"}],"curies":[{"name":"wp","href":"https:\/\/api.w.org\/{rel}","templated":true}]}}