{"id":5445,"date":"2024-02-13T12:47:17","date_gmt":"2024-02-13T11:47:17","guid":{"rendered":"https:\/\/agora.xtec.cat\/sesmcarrascoformiguera-sfc\/?p=5445"},"modified":"2024-06-25T10:07:44","modified_gmt":"2024-06-25T08:07:44","slug":"teatre-debat-per-reflexionar-sobre-la-moda","status":"publish","type":"post","link":"https:\/\/agora.xtec.cat\/sesmcarrascoformiguera-sfc\/general\/teatre-debat-per-reflexionar-sobre-la-moda\/","title":{"rendered":"Teatre-Debat: reflexi\u00f3 sobre la moda"},"content":{"rendered":"<p style=\"text-align: justify;\">El dia 7 de febrer tot l&#8217;alumnat de 3r d&#8217;ESO vam baixar al Centre C\u00edvic &#8220;La Fonteta&#8221; per gaudir d&#8217;una posada en escena d&#8217;una nova tem\u00e0tica de &#8216;Teatre Debat&#8217; a c\u00e0rrec de la <strong>Fundaci\u00f3 Associaci\u00f3 Cultural de Granollers<\/strong>.<\/p>\n<p style=\"text-align: justify;\">Aquesta vegada hem anat a veure l&#8217;obra <em>Jess<\/em>, on ens parlen d&#8217;\u00e8xits i de fracassos personals i socials i ens fan reflexionar sobre la influ\u00e8ncia de la moda, de l&#8217;est\u00e8tica i dels exig\u00e8ncies que comporta sentir-nos &#8220;acceptats&#8221;.<\/p>\n<p style=\"text-align: justify;\">Com cada any, aquestes activitats s&#8217;ofereixen a tots els nivells.<\/p>\n<p><a href=\"https:\/\/agora.xtec.cat\/sesmcarrascoformiguera-sfc\/wp-content\/uploads\/usu981\/2024\/02\/IMG20240207091235-scaled.jpg\"><img loading=\"lazy\" decoding=\"async\" class=\"aligncenter size-medium wp-image-5446\" src=\"https:\/\/agora.xtec.cat\/sesmcarrascoformiguera-sfc\/wp-content\/uploads\/usu981\/2024\/02\/IMG20240207091235-300x225.jpg\" alt=\"\" width=\"300\" height=\"225\" srcset=\"https:\/\/agora.xtec.cat\/sesmcarrascoformiguera-sfc\/wp-content\/uploads\/usu981\/2024\/02\/IMG20240207091235-300x225.jpg 300w, https:\/\/agora.xtec.cat\/sesmcarrascoformiguera-sfc\/wp-content\/uploads\/usu981\/2024\/02\/IMG20240207091235-1024x768.jpg 1024w, https:\/\/agora.xtec.cat\/sesmcarrascoformiguera-sfc\/wp-content\/uploads\/usu981\/2024\/02\/IMG20240207091235-768x576.jpg 768w, https:\/\/agora.xtec.cat\/sesmcarrascoformiguera-sfc\/wp-content\/uploads\/usu981\/2024\/02\/IMG20240207091235-1536x1152.jpg 1536w, https:\/\/agora.xtec.cat\/sesmcarrascoformiguera-sfc\/wp-content\/uploads\/usu981\/2024\/02\/IMG20240207091235-2048x1536.jpg 2048w, https:\/\/agora.xtec.cat\/sesmcarrascoformiguera-sfc\/wp-content\/uploads\/usu981\/2024\/02\/IMG20240207091235-200x150.jpg 200w\" sizes=\"auto, (max-width: 300px) 100vw, 300px\" \/><\/a><\/p>\n","protected":false},"excerpt":{"rendered":"<p>El dia 7 de febrer tot l&#8217;alumnat de 3r d&#8217;ESO vam baixar al Centre C\u00edvic &#8220;La Fonteta&#8221; per gaudir d&#8217;una posada en escena d&#8217;una nova tem\u00e0tica de &#8216;Teatre Debat&#8217; a c\u00e0rrec de la Fundaci\u00f3 Associaci\u00f3 Cultural de Granollers.<br \/>\nAquesta vegada hem anat a veure l&#8217;obra Jess,&hellip;  <a href=\"https:\/\/agora.xtec.cat\/sesmcarrascoformiguera-sfc\/general\/teatre-debat-per-reflexionar-sobre-la-moda\/\" title=\"Read Teatre-Debat: reflexi\u00f3 sobre la moda\">Llegeix m\u00e9s\u00bb<\/a><\/p>\n","protected":false},"author":1,"featured_media":0,"comment_status":"open","ping_status":"closed","sticky":false,"template":"","format":"standard","meta":{"_bbp_topic_count":0,"_bbp_reply_count":0,"_bbp_total_topic_count":0,"_bbp_total_reply_count":0,"_bbp_voice_count":0,"_bbp_anonymous_reply_count":0,"_bbp_topic_count_hidden":0,"_bbp_reply_count_hidden":0,"_bbp_forum_subforum_count":0,"footnotes":""},"categories":[6,1,29],"tags":[445,446,235,441,448,334,442,236,444,447,401,210,443,40],"class_list":["post-5445","post","type-post","status-publish","format-standard","hentry","category-eso-3","category-general","category-portada","tag-acceptacio","tag-autoconfianca","tag-centre-civic","tag-debat","tag-estetica","tag-formacio","tag-fundacio-associacio-cultural-de-granollers","tag-la-fonteta","tag-maduracio","tag-moda","tag-reflexio","tag-sant-feliu-de-codines","tag-socialitzacio","tag-teatre"],"post_mailing_queue_ids":[],"_links":{"self":[{"href":"https:\/\/agora.xtec.cat\/sesmcarrascoformiguera-sfc\/wp-json\/wp\/v2\/posts\/5445","targetHints":{"allow":["GET"]}}],"collection":[{"href":"https:\/\/agora.xtec.cat\/sesmcarrascoformiguera-sfc\/wp-json\/wp\/v2\/posts"}],"about":[{"href":"https:\/\/agora.xtec.cat\/sesmcarrascoformiguera-sfc\/wp-json\/wp\/v2\/types\/post"}],"author":[{"embeddable":true,"href":"https:\/\/agora.xtec.cat\/sesmcarrascoformiguera-sfc\/wp-json\/wp\/v2\/users\/1"}],"replies":[{"embeddable":true,"href":"https:\/\/agora.xtec.cat\/sesmcarrascoformiguera-sfc\/wp-json\/wp\/v2\/comments?post=5445"}],"version-history":[{"count":3,"href":"https:\/\/agora.xtec.cat\/sesmcarrascoformiguera-sfc\/wp-json\/wp\/v2\/posts\/5445\/revisions"}],"predecessor-version":[{"id":5728,"href":"https:\/\/agora.xtec.cat\/sesmcarrascoformiguera-sfc\/wp-json\/wp\/v2\/posts\/5445\/revisions\/5728"}],"wp:attachment":[{"href":"https:\/\/agora.xtec.cat\/sesmcarrascoformiguera-sfc\/wp-json\/wp\/v2\/media?parent=5445"}],"wp:term":[{"taxonomy":"category","embeddable":true,"href":"https:\/\/agora.xtec.cat\/sesmcarrascoformiguera-sfc\/wp-json\/wp\/v2\/categories?post=5445"},{"taxonomy":"post_tag","embeddable":true,"href":"https:\/\/agora.xtec.cat\/sesmcarrascoformiguera-sfc\/wp-json\/wp\/v2\/tags?post=5445"}],"curies":[{"name":"wp","href":"https:\/\/api.w.org\/{rel}","templated":true}]}}