{"id":5429,"date":"2024-02-05T14:29:39","date_gmt":"2024-02-05T13:29:39","guid":{"rendered":"https:\/\/agora.xtec.cat\/sesmcarrascoformiguera-sfc\/?p=5429"},"modified":"2024-02-05T14:30:40","modified_gmt":"2024-02-05T13:30:40","slug":"cros-comarcal-i-escolar","status":"publish","type":"post","link":"https:\/\/agora.xtec.cat\/sesmcarrascoformiguera-sfc\/general\/cros-comarcal-i-escolar\/","title":{"rendered":"Cros comarcal i escolar"},"content":{"rendered":"<p style=\"text-align: justify;\">Aquest 10 de febrer torna el <strong>Cros Comarcal i Escolar<\/strong>. Ja \u00e9s el 7\u00e8 cros que es fa i molts alumnes ja s&#8217;hi han apuntat per participar-hi. Ser\u00e0 una jornada bonica on els corredors gaudiran de c\u00f3rrer a la natura i els voluntaris coneixeran de prop com s&#8217;organitza un esdeveniment d&#8217;aquest tipus.<\/p>\n<p><a href=\"https:\/\/agora.xtec.cat\/sesmcarrascoformiguera-sfc\/wp-content\/uploads\/usu981\/2024\/02\/cartell-cros-24.jpg\"><img loading=\"lazy\" decoding=\"async\" class=\"aligncenter wp-image-5430 size-large\" src=\"https:\/\/agora.xtec.cat\/sesmcarrascoformiguera-sfc\/wp-content\/uploads\/usu981\/2024\/02\/cartell-cros-24-724x1024.jpg\" alt=\"\" width=\"724\" height=\"1024\" srcset=\"https:\/\/agora.xtec.cat\/sesmcarrascoformiguera-sfc\/wp-content\/uploads\/usu981\/2024\/02\/cartell-cros-24-724x1024.jpg 724w, https:\/\/agora.xtec.cat\/sesmcarrascoformiguera-sfc\/wp-content\/uploads\/usu981\/2024\/02\/cartell-cros-24-212x300.jpg 212w, https:\/\/agora.xtec.cat\/sesmcarrascoformiguera-sfc\/wp-content\/uploads\/usu981\/2024\/02\/cartell-cros-24-768x1086.jpg 768w, https:\/\/agora.xtec.cat\/sesmcarrascoformiguera-sfc\/wp-content\/uploads\/usu981\/2024\/02\/cartell-cros-24-1086x1536.jpg 1086w, https:\/\/agora.xtec.cat\/sesmcarrascoformiguera-sfc\/wp-content\/uploads\/usu981\/2024\/02\/cartell-cros-24-1448x2048.jpg 1448w, https:\/\/agora.xtec.cat\/sesmcarrascoformiguera-sfc\/wp-content\/uploads\/usu981\/2024\/02\/cartell-cros-24.jpg 1654w\" sizes=\"auto, (max-width: 724px) 100vw, 724px\" \/><\/a><\/p>\n<p><a href=\"https:\/\/agora.xtec.cat\/sesmcarrascoformiguera-sfc\/wp-content\/uploads\/usu981\/2024\/02\/normativa-cros-comarcal-escolar-2024.pdf\">Normativa cros comarcal-escolar 2024<\/a><\/p>\n<p>&nbsp;<\/p>\n","protected":false},"excerpt":{"rendered":"<p>Aquest 10 de febrer torna el Cros Comarcal i Escolar. Ja \u00e9s el 7\u00e8 cros que es fa i molts alumnes ja s&#8217;hi han apuntat per participar-hi. Ser\u00e0 una jornada bonica on els corredors gaudiran de c\u00f3rrer a la natura i els voluntaris coneixeran de&hellip;  <a href=\"https:\/\/agora.xtec.cat\/sesmcarrascoformiguera-sfc\/general\/cros-comarcal-i-escolar\/\" title=\"Read Cros comarcal i escolar\">Llegeix m\u00e9s\u00bb<\/a><\/p>\n","protected":false},"author":1,"featured_media":0,"comment_status":"open","ping_status":"closed","sticky":false,"template":"","format":"standard","meta":{"_bbp_topic_count":0,"_bbp_reply_count":0,"_bbp_total_topic_count":0,"_bbp_total_reply_count":0,"_bbp_voice_count":0,"_bbp_anonymous_reply_count":0,"_bbp_topic_count_hidden":0,"_bbp_reply_count_hidden":0,"_bbp_forum_subforum_count":0,"footnotes":""},"categories":[1,29],"tags":[182,439,178,181,440,168,45,204],"class_list":["post-5429","post","type-post","status-publish","format-standard","hentry","category-general","category-portada","tag-atletisme","tag-cros-comarcal-i-escolar","tag-cursa","tag-educacio-fisica","tag-exercici","tag-natura","tag-salut","tag-voluntariat"],"post_mailing_queue_ids":[],"_links":{"self":[{"href":"https:\/\/agora.xtec.cat\/sesmcarrascoformiguera-sfc\/wp-json\/wp\/v2\/posts\/5429","targetHints":{"allow":["GET"]}}],"collection":[{"href":"https:\/\/agora.xtec.cat\/sesmcarrascoformiguera-sfc\/wp-json\/wp\/v2\/posts"}],"about":[{"href":"https:\/\/agora.xtec.cat\/sesmcarrascoformiguera-sfc\/wp-json\/wp\/v2\/types\/post"}],"author":[{"embeddable":true,"href":"https:\/\/agora.xtec.cat\/sesmcarrascoformiguera-sfc\/wp-json\/wp\/v2\/users\/1"}],"replies":[{"embeddable":true,"href":"https:\/\/agora.xtec.cat\/sesmcarrascoformiguera-sfc\/wp-json\/wp\/v2\/comments?post=5429"}],"version-history":[{"count":2,"href":"https:\/\/agora.xtec.cat\/sesmcarrascoformiguera-sfc\/wp-json\/wp\/v2\/posts\/5429\/revisions"}],"predecessor-version":[{"id":5433,"href":"https:\/\/agora.xtec.cat\/sesmcarrascoformiguera-sfc\/wp-json\/wp\/v2\/posts\/5429\/revisions\/5433"}],"wp:attachment":[{"href":"https:\/\/agora.xtec.cat\/sesmcarrascoformiguera-sfc\/wp-json\/wp\/v2\/media?parent=5429"}],"wp:term":[{"taxonomy":"category","embeddable":true,"href":"https:\/\/agora.xtec.cat\/sesmcarrascoformiguera-sfc\/wp-json\/wp\/v2\/categories?post=5429"},{"taxonomy":"post_tag","embeddable":true,"href":"https:\/\/agora.xtec.cat\/sesmcarrascoformiguera-sfc\/wp-json\/wp\/v2\/tags?post=5429"}],"curies":[{"name":"wp","href":"https:\/\/api.w.org\/{rel}","templated":true}]}}