{"id":5418,"date":"2024-02-05T12:22:50","date_gmt":"2024-02-05T11:22:50","guid":{"rendered":"https:\/\/agora.xtec.cat\/sesmcarrascoformiguera-sfc\/?p=5418"},"modified":"2024-02-05T14:03:16","modified_gmt":"2024-02-05T13:03:16","slug":"el-manuel-carrasco-a-les-jornades-pompeu-fabra","status":"publish","type":"post","link":"https:\/\/agora.xtec.cat\/sesmcarrascoformiguera-sfc\/general\/el-manuel-carrasco-a-les-jornades-pompeu-fabra\/","title":{"rendered":"El Manuel Carrasco a les jornades Pompeu Fabra"},"content":{"rendered":"<p style=\"text-align: justify;\">Alumnes de 3r i 4t d&#8217;ESO van participar en el recital de poemes i proses d&#8217;autors tan significatius com <strong>Clementina Arderiu<\/strong>, <strong>Josep Carner<\/strong>, <strong>Salvador Espriu<\/strong>, etc., en homenatge a <strong>Pompeu Fabra<\/strong>, al Centre C\u00edvic &#8216;La Fonteta&#8217;, de Sant Feliu de Codines, en la celebraci\u00f3 de les <strong><em>Terceres Jornades Pompeu Fabra<\/em><\/strong>, acte al qual van assistir-hi diverses personalitats dels \u00e0mbits de la pol\u00edtica i la cultura, com ara Teresa Cabr\u00e9, presidenta de l\u2019IEC, o el fil\u00f2leg Jordi Mir, entre molts altres.<\/p>\n<p><a href=\"https:\/\/agora.xtec.cat\/sesmcarrascoformiguera-sfc\/wp-content\/uploads\/usu981\/2024\/02\/IMG_0222-scaled.jpg\"><img loading=\"lazy\" decoding=\"async\" class=\"aligncenter wp-image-5419 size-large\" src=\"https:\/\/agora.xtec.cat\/sesmcarrascoformiguera-sfc\/wp-content\/uploads\/usu981\/2024\/02\/IMG_0222-1024x768.jpg\" alt=\"\" width=\"1024\" height=\"768\" srcset=\"https:\/\/agora.xtec.cat\/sesmcarrascoformiguera-sfc\/wp-content\/uploads\/usu981\/2024\/02\/IMG_0222-1024x768.jpg 1024w, https:\/\/agora.xtec.cat\/sesmcarrascoformiguera-sfc\/wp-content\/uploads\/usu981\/2024\/02\/IMG_0222-300x225.jpg 300w, https:\/\/agora.xtec.cat\/sesmcarrascoformiguera-sfc\/wp-content\/uploads\/usu981\/2024\/02\/IMG_0222-768x576.jpg 768w, https:\/\/agora.xtec.cat\/sesmcarrascoformiguera-sfc\/wp-content\/uploads\/usu981\/2024\/02\/IMG_0222-1536x1152.jpg 1536w, https:\/\/agora.xtec.cat\/sesmcarrascoformiguera-sfc\/wp-content\/uploads\/usu981\/2024\/02\/IMG_0222-2048x1536.jpg 2048w, https:\/\/agora.xtec.cat\/sesmcarrascoformiguera-sfc\/wp-content\/uploads\/usu981\/2024\/02\/IMG_0222-200x150.jpg 200w\" sizes=\"auto, (max-width: 1024px) 100vw, 1024px\" \/><\/a><\/p>\n<p><!--more--><\/p>\n<p style=\"text-align: justify;\">Al llarg de l\u2019esdeveniment del dia 24 de gener, l\u2019Ariadna, la Gabriela i la Luc\u00eda, de 3r d\u2019ESO, i la Luciana, la Candela i la Maria, de 4t d\u2019ESO, de l\u2019Institut Manuel Carrasco i Formiguera, van procedir a la lectura de diversos textos dedicats a lloar els m\u00e8rits del que ha estat uns dels grans intel\u00b7lectuals catalans de la nostra \u00e8poca, en vers i en prosa, d\u2019aquests autors d\u2019una manera molt reeixida. L\u2019acte va cloure amb l\u2019emotiva actuaci\u00f3 del cor juvenil de la Societat Coral &#8216;La Poncella&#8217;, composta majorit\u00e0riament per alumnes del centre.<\/p>\n<p style=\"text-align: justify;\">Des d\u2019aquest mitj\u00e0, manifestem el nostre agra\u00efment a la Gemma Corderas, que va col\u00b7laborar d\u2019all\u00f2 m\u00e9s en la preparaci\u00f3 de la lectura dels textos, i al Marc Barrob\u00e9s i al Jordi Arum\u00ed, que ens han cedit algunes de les imatges que acompanyen aquest article.<\/p>\n","protected":false},"excerpt":{"rendered":"<p>Alumnes de 3r i 4t d&#8217;ESO van participar en el recital de poemes i proses d&#8217;autors tan significatius com Clementina Arderiu, Josep Carner, Salvador Espriu, etc., en homenatge a Pompeu Fabra, al Centre C\u00edvic &#8216;La Fonteta&#8217;, de Sant Feliu de Codines, en la celebraci\u00f3 de&hellip;  <a href=\"https:\/\/agora.xtec.cat\/sesmcarrascoformiguera-sfc\/general\/el-manuel-carrasco-a-les-jornades-pompeu-fabra\/\" title=\"Read El Manuel Carrasco a les jornades Pompeu Fabra\">Llegeix m\u00e9s\u00bb<\/a><\/p>\n","protected":false},"author":1,"featured_media":0,"comment_status":"open","ping_status":"closed","sticky":false,"template":"","format":"standard","meta":{"_bbp_topic_count":0,"_bbp_reply_count":0,"_bbp_total_topic_count":0,"_bbp_total_reply_count":0,"_bbp_voice_count":0,"_bbp_anonymous_reply_count":0,"_bbp_topic_count_hidden":0,"_bbp_reply_count_hidden":0,"_bbp_forum_subforum_count":0,"footnotes":""},"categories":[1,29],"tags":[235,430,236,207,429,431,428,433,434,435,432],"class_list":["post-5418","post","type-post","status-publish","format-standard","hentry","category-general","category-portada","tag-centre-civic","tag-jornades-pompeu-fabra","tag-la-fonteta","tag-lectura","tag-llengua-catalana","tag-poemes","tag-pompeu-fabra","tag-prosa","tag-recital","tag-societat-coral-la-poncella","tag-vers"],"post_mailing_queue_ids":[],"_links":{"self":[{"href":"https:\/\/agora.xtec.cat\/sesmcarrascoformiguera-sfc\/wp-json\/wp\/v2\/posts\/5418","targetHints":{"allow":["GET"]}}],"collection":[{"href":"https:\/\/agora.xtec.cat\/sesmcarrascoformiguera-sfc\/wp-json\/wp\/v2\/posts"}],"about":[{"href":"https:\/\/agora.xtec.cat\/sesmcarrascoformiguera-sfc\/wp-json\/wp\/v2\/types\/post"}],"author":[{"embeddable":true,"href":"https:\/\/agora.xtec.cat\/sesmcarrascoformiguera-sfc\/wp-json\/wp\/v2\/users\/1"}],"replies":[{"embeddable":true,"href":"https:\/\/agora.xtec.cat\/sesmcarrascoformiguera-sfc\/wp-json\/wp\/v2\/comments?post=5418"}],"version-history":[{"count":3,"href":"https:\/\/agora.xtec.cat\/sesmcarrascoformiguera-sfc\/wp-json\/wp\/v2\/posts\/5418\/revisions"}],"predecessor-version":[{"id":5428,"href":"https:\/\/agora.xtec.cat\/sesmcarrascoformiguera-sfc\/wp-json\/wp\/v2\/posts\/5418\/revisions\/5428"}],"wp:attachment":[{"href":"https:\/\/agora.xtec.cat\/sesmcarrascoformiguera-sfc\/wp-json\/wp\/v2\/media?parent=5418"}],"wp:term":[{"taxonomy":"category","embeddable":true,"href":"https:\/\/agora.xtec.cat\/sesmcarrascoformiguera-sfc\/wp-json\/wp\/v2\/categories?post=5418"},{"taxonomy":"post_tag","embeddable":true,"href":"https:\/\/agora.xtec.cat\/sesmcarrascoformiguera-sfc\/wp-json\/wp\/v2\/tags?post=5418"}],"curies":[{"name":"wp","href":"https:\/\/api.w.org\/{rel}","templated":true}]}}