{"id":5404,"date":"2024-01-07T18:48:04","date_gmt":"2024-01-07T17:48:04","guid":{"rendered":"https:\/\/agora.xtec.cat\/sesmcarrascoformiguera-sfc\/?p=5404"},"modified":"2024-01-07T18:48:43","modified_gmt":"2024-01-07T17:48:43","slug":"servei-comunitari-tambe-al-nadal","status":"publish","type":"post","link":"https:\/\/agora.xtec.cat\/sesmcarrascoformiguera-sfc\/general\/servei-comunitari-tambe-al-nadal\/","title":{"rendered":"Servei Comunitari tamb\u00e9 al Nadal"},"content":{"rendered":"<p style=\"text-align: justify;\">Aquests dies de Nadal tamb\u00e9 hem fet <strong>SERVEI COMUNITARI<\/strong>.<\/p>\n<p style=\"text-align: justify;\">L&#8217;alumnat de 3r d&#8217;ESO ha col\u00b7laborat amb:<\/p>\n<p style=\"text-align: justify;\">&#8211; <strong>CREU ROJA<\/strong>: Com cada any, Creu Roja organitza una campanya de <strong>recollida de joguines<\/strong> a Sant Feliu, i els instituts del poble participem en la preparaci\u00f3 d&#8217;aquesta campanya: fent difusi\u00f3, recollida i organitzaci\u00f3 dels lots de joguines.<\/p>\n<p style=\"text-align: justify;\">&#8211; <strong>CENTRE EXCURSIONISTA SANT FELIU<\/strong>:\u00a0I concretament el dia de Sant Esteve, vam anar a donar suport a la <strong>Cursa del Canel\u00f3<\/strong> que organitza cada any, en aquesta data, el Centre Excursionista de Sant Feliu. Una cursa feta per a valents i valentes.<\/p>\n","protected":false},"excerpt":{"rendered":"<p>Aquests dies de Nadal tamb\u00e9 hem fet SERVEI COMUNITARI.<br \/>\nL&#8217;alumnat de 3r d&#8217;ESO ha col\u00b7laborat amb:<br \/>\n&#8211; CREU ROJA: Com cada any, Creu Roja organitza una campanya de recollida de joguines a Sant Feliu, i els instituts del poble participem en la preparaci\u00f3 d&#8217;aquesta campanya: fent difusi\u00f3,&hellip;  <a href=\"https:\/\/agora.xtec.cat\/sesmcarrascoformiguera-sfc\/general\/servei-comunitari-tambe-al-nadal\/\" title=\"Read Servei Comunitari tamb\u00e9 al Nadal\">Llegeix m\u00e9s\u00bb<\/a><\/p>\n","protected":false},"author":1,"featured_media":0,"comment_status":"open","ping_status":"closed","sticky":false,"template":"","format":"standard","meta":{"_bbp_topic_count":0,"_bbp_reply_count":0,"_bbp_total_topic_count":0,"_bbp_total_reply_count":0,"_bbp_voice_count":0,"_bbp_anonymous_reply_count":0,"_bbp_topic_count_hidden":0,"_bbp_reply_count_hidden":0,"_bbp_forum_subforum_count":0,"footnotes":""},"categories":[6,1,29],"tags":[161,425,159,178,423,183,421,422,424,157,387],"class_list":["post-5404","post","type-post","status-publish","format-standard","hentry","category-eso-3","category-general","category-portada","tag-centre-excursionista-cesf","tag-civisme","tag-creu-roja","tag-cursa","tag-cursa-del-canelo","tag-esport","tag-joguines","tag-recollida","tag-sant-esteve","tag-servei-comunitari","tag-solidaritat"],"post_mailing_queue_ids":[],"_links":{"self":[{"href":"https:\/\/agora.xtec.cat\/sesmcarrascoformiguera-sfc\/wp-json\/wp\/v2\/posts\/5404","targetHints":{"allow":["GET"]}}],"collection":[{"href":"https:\/\/agora.xtec.cat\/sesmcarrascoformiguera-sfc\/wp-json\/wp\/v2\/posts"}],"about":[{"href":"https:\/\/agora.xtec.cat\/sesmcarrascoformiguera-sfc\/wp-json\/wp\/v2\/types\/post"}],"author":[{"embeddable":true,"href":"https:\/\/agora.xtec.cat\/sesmcarrascoformiguera-sfc\/wp-json\/wp\/v2\/users\/1"}],"replies":[{"embeddable":true,"href":"https:\/\/agora.xtec.cat\/sesmcarrascoformiguera-sfc\/wp-json\/wp\/v2\/comments?post=5404"}],"version-history":[{"count":2,"href":"https:\/\/agora.xtec.cat\/sesmcarrascoformiguera-sfc\/wp-json\/wp\/v2\/posts\/5404\/revisions"}],"predecessor-version":[{"id":5406,"href":"https:\/\/agora.xtec.cat\/sesmcarrascoformiguera-sfc\/wp-json\/wp\/v2\/posts\/5404\/revisions\/5406"}],"wp:attachment":[{"href":"https:\/\/agora.xtec.cat\/sesmcarrascoformiguera-sfc\/wp-json\/wp\/v2\/media?parent=5404"}],"wp:term":[{"taxonomy":"category","embeddable":true,"href":"https:\/\/agora.xtec.cat\/sesmcarrascoformiguera-sfc\/wp-json\/wp\/v2\/categories?post=5404"},{"taxonomy":"post_tag","embeddable":true,"href":"https:\/\/agora.xtec.cat\/sesmcarrascoformiguera-sfc\/wp-json\/wp\/v2\/tags?post=5404"}],"curies":[{"name":"wp","href":"https:\/\/api.w.org\/{rel}","templated":true}]}}