{"id":5381,"date":"2023-12-11T09:26:55","date_gmt":"2023-12-11T08:26:55","guid":{"rendered":"https:\/\/agora.xtec.cat\/sesmcarrascoformiguera-sfc\/?p=5381"},"modified":"2023-12-18T13:22:38","modified_gmt":"2023-12-18T12:22:38","slug":"ens-solidaritzem-amb-els-origamis-la-marato-de-tv3","status":"publish","type":"post","link":"https:\/\/agora.xtec.cat\/sesmcarrascoformiguera-sfc\/general\/ens-solidaritzem-amb-els-origamis-la-marato-de-tv3\/","title":{"rendered":"Ens solidaritzem amb l&#8217;art dels origamis (La Marat\u00f3 de TV3)"},"content":{"rendered":"<p dir=\"ltr\" style=\"text-align: justify;\"><span style=\"font-family: arial, sans-serif;\">Els alumnes de l\u2019institut hem estat treballant de valent en la <strong>campanya solid\u00e0ria<\/strong>\u00a0 \u201c<strong>1 origami, 1 euro<\/strong>\u201d, que promociona la Fundaci\u00f3 MGC.<\/span><\/p>\n<p dir=\"ltr\" style=\"text-align: justify;\"><span style=\"font-family: arial, sans-serif;\">Amb la nostra feina hem aconseguit fer 200 grues de paper i, aix\u00ed, hem pogut col\u00b7laborar amb un bon donatiu per a <strong><em>La Marat\u00f3 de TV3<\/em><\/strong>, que aquest any 2023 est\u00e0 dedicada a la salut sexual i reproductiva.<\/span><\/p>\n<p dir=\"ltr\"><a href=\"https:\/\/agora.xtec.cat\/sesmcarrascoformiguera-sfc\/wp-content\/uploads\/usu981\/2023\/12\/IMG_0025-scaled.jpg\"><img loading=\"lazy\" decoding=\"async\" class=\"aligncenter wp-image-5382 size-large\" src=\"https:\/\/agora.xtec.cat\/sesmcarrascoformiguera-sfc\/wp-content\/uploads\/usu981\/2023\/12\/IMG_0025-1024x768.jpg\" alt=\"\" width=\"1024\" height=\"768\" srcset=\"https:\/\/agora.xtec.cat\/sesmcarrascoformiguera-sfc\/wp-content\/uploads\/usu981\/2023\/12\/IMG_0025-1024x768.jpg 1024w, https:\/\/agora.xtec.cat\/sesmcarrascoformiguera-sfc\/wp-content\/uploads\/usu981\/2023\/12\/IMG_0025-300x225.jpg 300w, https:\/\/agora.xtec.cat\/sesmcarrascoformiguera-sfc\/wp-content\/uploads\/usu981\/2023\/12\/IMG_0025-768x576.jpg 768w, https:\/\/agora.xtec.cat\/sesmcarrascoformiguera-sfc\/wp-content\/uploads\/usu981\/2023\/12\/IMG_0025-1536x1152.jpg 1536w, https:\/\/agora.xtec.cat\/sesmcarrascoformiguera-sfc\/wp-content\/uploads\/usu981\/2023\/12\/IMG_0025-2048x1536.jpg 2048w, https:\/\/agora.xtec.cat\/sesmcarrascoformiguera-sfc\/wp-content\/uploads\/usu981\/2023\/12\/IMG_0025-200x150.jpg 200w\" sizes=\"auto, (max-width: 1024px) 100vw, 1024px\" \/><\/a><\/p>\n<p dir=\"ltr\"><!--more--><\/p>\n<p dir=\"ltr\"><a href=\"https:\/\/agora.xtec.cat\/sesmcarrascoformiguera-sfc\/wp-content\/uploads\/usu981\/2023\/12\/IMG_0026-scaled.jpg\"><img loading=\"lazy\" decoding=\"async\" class=\"aligncenter wp-image-5383 size-large\" src=\"https:\/\/agora.xtec.cat\/sesmcarrascoformiguera-sfc\/wp-content\/uploads\/usu981\/2023\/12\/IMG_0026-1024x768.jpg\" alt=\"\" width=\"1024\" height=\"768\" srcset=\"https:\/\/agora.xtec.cat\/sesmcarrascoformiguera-sfc\/wp-content\/uploads\/usu981\/2023\/12\/IMG_0026-1024x768.jpg 1024w, https:\/\/agora.xtec.cat\/sesmcarrascoformiguera-sfc\/wp-content\/uploads\/usu981\/2023\/12\/IMG_0026-300x225.jpg 300w, https:\/\/agora.xtec.cat\/sesmcarrascoformiguera-sfc\/wp-content\/uploads\/usu981\/2023\/12\/IMG_0026-768x576.jpg 768w, https:\/\/agora.xtec.cat\/sesmcarrascoformiguera-sfc\/wp-content\/uploads\/usu981\/2023\/12\/IMG_0026-1536x1152.jpg 1536w, https:\/\/agora.xtec.cat\/sesmcarrascoformiguera-sfc\/wp-content\/uploads\/usu981\/2023\/12\/IMG_0026-2048x1536.jpg 2048w, https:\/\/agora.xtec.cat\/sesmcarrascoformiguera-sfc\/wp-content\/uploads\/usu981\/2023\/12\/IMG_0026-200x150.jpg 200w\" sizes=\"auto, (max-width: 1024px) 100vw, 1024px\" \/><\/a><\/p>\n<p dir=\"ltr\" style=\"text-align: justify;\"><span style=\"font-family: arial, sans-serif;\">Hem apr\u00e8s la llegenda de les 1.000 grues, una antiga i bonica llegenda japonesa, <em>senbazuru<\/em>, que diu que a qui faci 1.000 grues de paper (<em>tsuru<\/em>, en japon\u00e8s) li ser\u00e0 concedit un desig.<\/span><\/p>\n<p dir=\"ltr\" style=\"text-align: justify;\"><span style=\"font-family: arial, sans-serif;\">Alhora, hem treballat l\u2019origami, un art tradicional del Jap\u00f3 que t\u00e9, com un dels seus m\u00e9s nobles atractius, la versatilitat per crear i recrear el m\u00f3n tal i com el concep l\u2019\u00e9sser hum\u00e0.<\/span><\/p>\n<p dir=\"ltr\" style=\"text-align: justify;\"><span style=\"font-family: arial, sans-serif;\">Tradicionalment, regalar grues de paper s\u2019associa amb el fet de voler desitjar salut, benestar, felicitat i prosperitat. Se\u2019n regalen per celebrar un aniversari, un naixement, un casament\u2026 <\/span><span style=\"font-family: arial, sans-serif;\">Se\u2019n fan per desitjar-li salut a alg\u00fa que est\u00e0 malalt, per desitjar sort a un company o a una companya que ha de passar una prova&#8230; o senzillament les ofereixes a alg\u00fa que t\u2019estimes o que \u00e9s important per a tu.<\/span><\/p>\n","protected":false},"excerpt":{"rendered":"<p>Els alumnes de l\u2019institut hem estat treballant de valent en la campanya solid\u00e0ria\u00a0 \u201c1 origami, 1 euro\u201d, que promociona la Fundaci\u00f3 MGC.<br \/>\nAmb la nostra feina hem aconseguit fer 200 grues de paper i, aix\u00ed, hem pogut col\u00b7laborar amb un bon donatiu per a La Marat\u00f3&hellip;  <a href=\"https:\/\/agora.xtec.cat\/sesmcarrascoformiguera-sfc\/general\/ens-solidaritzem-amb-els-origamis-la-marato-de-tv3\/\" title=\"Read Ens solidaritzem amb l&#8217;art dels origamis (La Marat\u00f3 de TV3)\">Llegeix m\u00e9s\u00bb<\/a><\/p>\n","protected":false},"author":1,"featured_media":0,"comment_status":"open","ping_status":"closed","sticky":false,"template":"","format":"standard","meta":{"_bbp_topic_count":0,"_bbp_reply_count":0,"_bbp_total_topic_count":0,"_bbp_total_reply_count":0,"_bbp_voice_count":0,"_bbp_anonymous_reply_count":0,"_bbp_topic_count_hidden":0,"_bbp_reply_count_hidden":0,"_bbp_forum_subforum_count":0,"footnotes":""},"categories":[1,29],"tags":[411,406,412,408,396,410,409,45,405,387,407],"class_list":["post-5381","post","type-post","status-publish","format-standard","hentry","category-general","category-portada","tag-amor","tag-campanya-solidaria","tag-estima","tag-fundacio-mgc","tag-la-marato","tag-llegenda","tag-origami","tag-salut","tag-salut-sexual-i-reproductiva","tag-solidaritat","tag-tv3"],"post_mailing_queue_ids":[],"_links":{"self":[{"href":"https:\/\/agora.xtec.cat\/sesmcarrascoformiguera-sfc\/wp-json\/wp\/v2\/posts\/5381","targetHints":{"allow":["GET"]}}],"collection":[{"href":"https:\/\/agora.xtec.cat\/sesmcarrascoformiguera-sfc\/wp-json\/wp\/v2\/posts"}],"about":[{"href":"https:\/\/agora.xtec.cat\/sesmcarrascoformiguera-sfc\/wp-json\/wp\/v2\/types\/post"}],"author":[{"embeddable":true,"href":"https:\/\/agora.xtec.cat\/sesmcarrascoformiguera-sfc\/wp-json\/wp\/v2\/users\/1"}],"replies":[{"embeddable":true,"href":"https:\/\/agora.xtec.cat\/sesmcarrascoformiguera-sfc\/wp-json\/wp\/v2\/comments?post=5381"}],"version-history":[{"count":4,"href":"https:\/\/agora.xtec.cat\/sesmcarrascoformiguera-sfc\/wp-json\/wp\/v2\/posts\/5381\/revisions"}],"predecessor-version":[{"id":5393,"href":"https:\/\/agora.xtec.cat\/sesmcarrascoformiguera-sfc\/wp-json\/wp\/v2\/posts\/5381\/revisions\/5393"}],"wp:attachment":[{"href":"https:\/\/agora.xtec.cat\/sesmcarrascoformiguera-sfc\/wp-json\/wp\/v2\/media?parent=5381"}],"wp:term":[{"taxonomy":"category","embeddable":true,"href":"https:\/\/agora.xtec.cat\/sesmcarrascoformiguera-sfc\/wp-json\/wp\/v2\/categories?post=5381"},{"taxonomy":"post_tag","embeddable":true,"href":"https:\/\/agora.xtec.cat\/sesmcarrascoformiguera-sfc\/wp-json\/wp\/v2\/tags?post=5381"}],"curies":[{"name":"wp","href":"https:\/\/api.w.org\/{rel}","templated":true}]}}