{"id":5374,"date":"2023-12-03T18:58:40","date_gmt":"2023-12-03T17:58:40","guid":{"rendered":"https:\/\/agora.xtec.cat\/sesmcarrascoformiguera-sfc\/?p=5374"},"modified":"2023-12-19T18:13:57","modified_gmt":"2023-12-19T17:13:57","slug":"pinta-la-marato-2","status":"publish","type":"post","link":"https:\/\/agora.xtec.cat\/sesmcarrascoformiguera-sfc\/general\/pinta-la-marato-2\/","title":{"rendered":"Pinta &#8220;La Marat\u00f3&#8221;"},"content":{"rendered":"<p style=\"text-align: justify;\">L&#8217;alumnat d\u2019educaci\u00f3 visual, pl\u00e0stica i audiovisual de l\u2019Institut, de segon i de quart, ens hem presentat al concurs \u201c<strong>Pinta <em>La Marat\u00f3<\/em><\/strong>\u201d.<\/p>\n<p style=\"text-align: justify;\">Cada classe, a partir d\u2019un curtmetratge que ha visualitzat, ha fet un exercici de reflexi\u00f3 i expressi\u00f3 art\u00edstica al voltant de conceptes relacionats amb la salut sexual i reproductiva, tema central de <em>La Marat\u00f3<\/em> d\u2019enguany.<\/p>\n<p style=\"text-align: justify;\"><a href=\"https:\/\/agora.xtec.cat\/sesmcarrascoformiguera-sfc\/wp-content\/uploads\/usu981\/2023\/12\/2n-B-scaled.jpg\"><img loading=\"lazy\" decoding=\"async\" class=\"aligncenter wp-image-5375 size-large\" src=\"https:\/\/agora.xtec.cat\/sesmcarrascoformiguera-sfc\/wp-content\/uploads\/usu981\/2023\/12\/2n-B-1024x768.jpg\" alt=\"\" width=\"1024\" height=\"768\" srcset=\"https:\/\/agora.xtec.cat\/sesmcarrascoformiguera-sfc\/wp-content\/uploads\/usu981\/2023\/12\/2n-B-1024x768.jpg 1024w, https:\/\/agora.xtec.cat\/sesmcarrascoformiguera-sfc\/wp-content\/uploads\/usu981\/2023\/12\/2n-B-300x225.jpg 300w, https:\/\/agora.xtec.cat\/sesmcarrascoformiguera-sfc\/wp-content\/uploads\/usu981\/2023\/12\/2n-B-768x576.jpg 768w, https:\/\/agora.xtec.cat\/sesmcarrascoformiguera-sfc\/wp-content\/uploads\/usu981\/2023\/12\/2n-B-1536x1152.jpg 1536w, https:\/\/agora.xtec.cat\/sesmcarrascoformiguera-sfc\/wp-content\/uploads\/usu981\/2023\/12\/2n-B-2048x1536.jpg 2048w, https:\/\/agora.xtec.cat\/sesmcarrascoformiguera-sfc\/wp-content\/uploads\/usu981\/2023\/12\/2n-B-200x150.jpg 200w\" sizes=\"auto, (max-width: 1024px) 100vw, 1024px\" \/><\/a><\/p>\n<p><!--more--><\/p>\n<p style=\"text-align: justify;\"><a href=\"https:\/\/agora.xtec.cat\/sesmcarrascoformiguera-sfc\/wp-content\/uploads\/usu981\/2023\/12\/2nA-scaled.jpg\"><img loading=\"lazy\" decoding=\"async\" class=\"aligncenter wp-image-5376 size-large\" src=\"https:\/\/agora.xtec.cat\/sesmcarrascoformiguera-sfc\/wp-content\/uploads\/usu981\/2023\/12\/2nA-1024x768.jpg\" alt=\"\" width=\"1024\" height=\"768\" srcset=\"https:\/\/agora.xtec.cat\/sesmcarrascoformiguera-sfc\/wp-content\/uploads\/usu981\/2023\/12\/2nA-1024x768.jpg 1024w, https:\/\/agora.xtec.cat\/sesmcarrascoformiguera-sfc\/wp-content\/uploads\/usu981\/2023\/12\/2nA-300x225.jpg 300w, https:\/\/agora.xtec.cat\/sesmcarrascoformiguera-sfc\/wp-content\/uploads\/usu981\/2023\/12\/2nA-768x576.jpg 768w, https:\/\/agora.xtec.cat\/sesmcarrascoformiguera-sfc\/wp-content\/uploads\/usu981\/2023\/12\/2nA-1536x1152.jpg 1536w, https:\/\/agora.xtec.cat\/sesmcarrascoformiguera-sfc\/wp-content\/uploads\/usu981\/2023\/12\/2nA-2048x1536.jpg 2048w, https:\/\/agora.xtec.cat\/sesmcarrascoformiguera-sfc\/wp-content\/uploads\/usu981\/2023\/12\/2nA-200x150.jpg 200w\" sizes=\"auto, (max-width: 1024px) 100vw, 1024px\" \/><\/a><\/p>\n<p style=\"text-align: justify;\">Hem executat els cartell utilitzant una combinaci\u00f3 de t\u00e8cniques seques.<\/p>\n<p style=\"text-align: justify;\">El premi per a la classe autora del cartell guanyador i dels finalistes consisteix en un cap de setmana en un dels albergs de la Xarxa Jove d\u2019Albergs de Catalunya, finan\u00e7at pel Departament de Drets Socials.<\/p>\n<p style=\"text-align: justify;\">Desitgeu-nos sort!<\/p>\n<p><a href=\"https:\/\/agora.xtec.cat\/sesmcarrascoformiguera-sfc\/wp-content\/uploads\/usu981\/2023\/12\/4t-ESO-scaled.jpg\"><img loading=\"lazy\" decoding=\"async\" class=\"aligncenter size-medium wp-image-5377\" src=\"https:\/\/agora.xtec.cat\/sesmcarrascoformiguera-sfc\/wp-content\/uploads\/usu981\/2023\/12\/4t-ESO-300x225.jpg\" alt=\"\" width=\"300\" height=\"225\" srcset=\"https:\/\/agora.xtec.cat\/sesmcarrascoformiguera-sfc\/wp-content\/uploads\/usu981\/2023\/12\/4t-ESO-300x225.jpg 300w, https:\/\/agora.xtec.cat\/sesmcarrascoformiguera-sfc\/wp-content\/uploads\/usu981\/2023\/12\/4t-ESO-1024x768.jpg 1024w, https:\/\/agora.xtec.cat\/sesmcarrascoformiguera-sfc\/wp-content\/uploads\/usu981\/2023\/12\/4t-ESO-768x576.jpg 768w, https:\/\/agora.xtec.cat\/sesmcarrascoformiguera-sfc\/wp-content\/uploads\/usu981\/2023\/12\/4t-ESO-1536x1152.jpg 1536w, https:\/\/agora.xtec.cat\/sesmcarrascoformiguera-sfc\/wp-content\/uploads\/usu981\/2023\/12\/4t-ESO-2048x1536.jpg 2048w, https:\/\/agora.xtec.cat\/sesmcarrascoformiguera-sfc\/wp-content\/uploads\/usu981\/2023\/12\/4t-ESO-200x150.jpg 200w\" sizes=\"auto, (max-width: 300px) 100vw, 300px\" \/><\/a><\/p>\n","protected":false},"excerpt":{"rendered":"<p>L&#8217;alumnat d\u2019educaci\u00f3 visual, pl\u00e0stica i audiovisual de l\u2019Institut, de segon i de quart, ens hem presentat al concurs \u201cPinta La Marat\u00f3\u201d.<br \/>\nCada classe, a partir d\u2019un curtmetratge que ha visualitzat, ha fet un exercici de reflexi\u00f3 i expressi\u00f3 art\u00edstica al voltant de conceptes relacionats amb la&hellip;  <a href=\"https:\/\/agora.xtec.cat\/sesmcarrascoformiguera-sfc\/general\/pinta-la-marato-2\/\" title=\"Read Pinta &#8220;La Marat\u00f3&#8221;\">Llegeix m\u00e9s\u00bb<\/a><\/p>\n","protected":false},"author":1,"featured_media":0,"comment_status":"open","ping_status":"closed","sticky":false,"template":"","format":"standard","meta":{"_bbp_topic_count":0,"_bbp_reply_count":0,"_bbp_total_topic_count":0,"_bbp_total_reply_count":0,"_bbp_voice_count":0,"_bbp_anonymous_reply_count":0,"_bbp_topic_count_hidden":0,"_bbp_reply_count_hidden":0,"_bbp_forum_subforum_count":0,"footnotes":""},"categories":[5,7,1,29],"tags":[300,398,403,395,400,404,396,397,399,401,405,394,402],"class_list":["post-5374","post","type-post","status-publish","format-standard","hentry","category-eso-2","category-eso-4","category-general","category-portada","tag-art","tag-concurs","tag-departament-de-drets-socials","tag-educacio-visual-i-plastica","tag-expressio-artistica","tag-generalitat-de-catalunya","tag-la-marato","tag-pinta-la-marato","tag-pintura","tag-reflexio","tag-salut-sexual-i-reproductiva","tag-vip","tag-xarxa-jove-dalbergs-de-catalunya"],"post_mailing_queue_ids":[],"_links":{"self":[{"href":"https:\/\/agora.xtec.cat\/sesmcarrascoformiguera-sfc\/wp-json\/wp\/v2\/posts\/5374","targetHints":{"allow":["GET"]}}],"collection":[{"href":"https:\/\/agora.xtec.cat\/sesmcarrascoformiguera-sfc\/wp-json\/wp\/v2\/posts"}],"about":[{"href":"https:\/\/agora.xtec.cat\/sesmcarrascoformiguera-sfc\/wp-json\/wp\/v2\/types\/post"}],"author":[{"embeddable":true,"href":"https:\/\/agora.xtec.cat\/sesmcarrascoformiguera-sfc\/wp-json\/wp\/v2\/users\/1"}],"replies":[{"embeddable":true,"href":"https:\/\/agora.xtec.cat\/sesmcarrascoformiguera-sfc\/wp-json\/wp\/v2\/comments?post=5374"}],"version-history":[{"count":5,"href":"https:\/\/agora.xtec.cat\/sesmcarrascoformiguera-sfc\/wp-json\/wp\/v2\/posts\/5374\/revisions"}],"predecessor-version":[{"id":5403,"href":"https:\/\/agora.xtec.cat\/sesmcarrascoformiguera-sfc\/wp-json\/wp\/v2\/posts\/5374\/revisions\/5403"}],"wp:attachment":[{"href":"https:\/\/agora.xtec.cat\/sesmcarrascoformiguera-sfc\/wp-json\/wp\/v2\/media?parent=5374"}],"wp:term":[{"taxonomy":"category","embeddable":true,"href":"https:\/\/agora.xtec.cat\/sesmcarrascoformiguera-sfc\/wp-json\/wp\/v2\/categories?post=5374"},{"taxonomy":"post_tag","embeddable":true,"href":"https:\/\/agora.xtec.cat\/sesmcarrascoformiguera-sfc\/wp-json\/wp\/v2\/tags?post=5374"}],"curies":[{"name":"wp","href":"https:\/\/api.w.org\/{rel}","templated":true}]}}