{"id":5352,"date":"2023-11-26T18:38:20","date_gmt":"2023-11-26T17:38:20","guid":{"rendered":"https:\/\/agora.xtec.cat\/sesmcarrascoformiguera-sfc\/?p=5352"},"modified":"2023-11-26T18:38:20","modified_gmt":"2023-11-26T17:38:20","slug":"roba-amiga","status":"publish","type":"post","link":"https:\/\/agora.xtec.cat\/sesmcarrascoformiguera-sfc\/general\/roba-amiga\/","title":{"rendered":"Roba amiga"},"content":{"rendered":"<div>\n<p style=\"text-align: justify;\">El dilluns 20 de novembre, tot l&#8217;alumnat de 3r de l&#8217;ESO de l&#8217;Institut vam anar al centre c\u00edvic a fer el taller: &#8220;<strong>Roba amiga<\/strong>&#8220;.<\/p>\n<p style=\"text-align: justify;\">Aquest taller est\u00e0 organitzat per l&#8217;ajuntament de Sant Feliu dins la <strong>setmana europea de prevenci\u00f3 de residus<\/strong>.<\/p>\n<p style=\"text-align: justify;\">En el taller ens han explicat qu\u00e8 comporta comprar-usar-llen\u00e7ar i, sobretot, la petjada ecol\u00f2gica que deixa la producci\u00f3 de roba.<\/p>\n<\/div>\n<p style=\"text-align: justify;\">I tu, qu\u00e8 fas al respecte?!<\/p>\n<p><a href=\"https:\/\/agora.xtec.cat\/sesmcarrascoformiguera-sfc\/wp-content\/uploads\/usu981\/2023\/11\/IMG_20231120_112553-scaled.jpg\"><img loading=\"lazy\" decoding=\"async\" class=\"aligncenter wp-image-5353 size-large\" src=\"https:\/\/agora.xtec.cat\/sesmcarrascoformiguera-sfc\/wp-content\/uploads\/usu981\/2023\/11\/IMG_20231120_112553-1024x576.jpg\" alt=\"\" width=\"1024\" height=\"576\" srcset=\"https:\/\/agora.xtec.cat\/sesmcarrascoformiguera-sfc\/wp-content\/uploads\/usu981\/2023\/11\/IMG_20231120_112553-1024x576.jpg 1024w, https:\/\/agora.xtec.cat\/sesmcarrascoformiguera-sfc\/wp-content\/uploads\/usu981\/2023\/11\/IMG_20231120_112553-300x169.jpg 300w, https:\/\/agora.xtec.cat\/sesmcarrascoformiguera-sfc\/wp-content\/uploads\/usu981\/2023\/11\/IMG_20231120_112553-768x432.jpg 768w, https:\/\/agora.xtec.cat\/sesmcarrascoformiguera-sfc\/wp-content\/uploads\/usu981\/2023\/11\/IMG_20231120_112553-1536x864.jpg 1536w, https:\/\/agora.xtec.cat\/sesmcarrascoformiguera-sfc\/wp-content\/uploads\/usu981\/2023\/11\/IMG_20231120_112553-2048x1152.jpg 2048w\" sizes=\"auto, (max-width: 1024px) 100vw, 1024px\" \/><\/a><\/p>\n","protected":false},"excerpt":{"rendered":"<p>El dilluns 20 de novembre, tot l&#8217;alumnat de 3r de l&#8217;ESO de l&#8217;Institut vam anar al centre c\u00edvic a fer el taller: &#8220;Roba amiga&#8220;.<br \/>\nAquest taller est\u00e0 organitzat per l&#8217;ajuntament de Sant Feliu dins la setmana europea de prevenci\u00f3 de residus.<br \/>\nEn el taller ens han explicat&hellip;  <a href=\"https:\/\/agora.xtec.cat\/sesmcarrascoformiguera-sfc\/general\/roba-amiga\/\" title=\"Read Roba amiga\">Llegeix m\u00e9s\u00bb<\/a><\/p>\n","protected":false},"author":1,"featured_media":0,"comment_status":"open","ping_status":"closed","sticky":false,"template":"","format":"standard","meta":{"_bbp_topic_count":0,"_bbp_reply_count":0,"_bbp_total_topic_count":0,"_bbp_total_reply_count":0,"_bbp_voice_count":0,"_bbp_anonymous_reply_count":0,"_bbp_topic_count_hidden":0,"_bbp_reply_count_hidden":0,"_bbp_forum_subforum_count":0,"footnotes":""},"categories":[6,1,29],"tags":[235,379,378,386,171,385,384,381,380,383,377,382],"class_list":["post-5352","post","type-post","status-publish","format-standard","hentry","category-eso-3","category-general","category-portada","tag-centre-civic","tag-consciencia-ecologica","tag-conscienciacio","tag-consum-responsable","tag-ecologia","tag-petjada-ecologica","tag-prevencio","tag-residus","tag-roba","tag-roba-amiga","tag-sostenibilitat","tag-taller"],"post_mailing_queue_ids":[],"_links":{"self":[{"href":"https:\/\/agora.xtec.cat\/sesmcarrascoformiguera-sfc\/wp-json\/wp\/v2\/posts\/5352","targetHints":{"allow":["GET"]}}],"collection":[{"href":"https:\/\/agora.xtec.cat\/sesmcarrascoformiguera-sfc\/wp-json\/wp\/v2\/posts"}],"about":[{"href":"https:\/\/agora.xtec.cat\/sesmcarrascoformiguera-sfc\/wp-json\/wp\/v2\/types\/post"}],"author":[{"embeddable":true,"href":"https:\/\/agora.xtec.cat\/sesmcarrascoformiguera-sfc\/wp-json\/wp\/v2\/users\/1"}],"replies":[{"embeddable":true,"href":"https:\/\/agora.xtec.cat\/sesmcarrascoformiguera-sfc\/wp-json\/wp\/v2\/comments?post=5352"}],"version-history":[{"count":1,"href":"https:\/\/agora.xtec.cat\/sesmcarrascoformiguera-sfc\/wp-json\/wp\/v2\/posts\/5352\/revisions"}],"predecessor-version":[{"id":5354,"href":"https:\/\/agora.xtec.cat\/sesmcarrascoformiguera-sfc\/wp-json\/wp\/v2\/posts\/5352\/revisions\/5354"}],"wp:attachment":[{"href":"https:\/\/agora.xtec.cat\/sesmcarrascoformiguera-sfc\/wp-json\/wp\/v2\/media?parent=5352"}],"wp:term":[{"taxonomy":"category","embeddable":true,"href":"https:\/\/agora.xtec.cat\/sesmcarrascoformiguera-sfc\/wp-json\/wp\/v2\/categories?post=5352"},{"taxonomy":"post_tag","embeddable":true,"href":"https:\/\/agora.xtec.cat\/sesmcarrascoformiguera-sfc\/wp-json\/wp\/v2\/tags?post=5352"}],"curies":[{"name":"wp","href":"https:\/\/api.w.org\/{rel}","templated":true}]}}