{"id":5343,"date":"2023-11-03T09:57:57","date_gmt":"2023-11-03T08:57:57","guid":{"rendered":"https:\/\/agora.xtec.cat\/sesmcarrascoformiguera-sfc\/?p=5343"},"modified":"2024-06-25T10:05:19","modified_gmt":"2024-06-25T08:05:19","slug":"dinamitzacio-de-patis-i-camp-de-futbol","status":"publish","type":"post","link":"https:\/\/agora.xtec.cat\/sesmcarrascoformiguera-sfc\/general\/dinamitzacio-de-patis-i-camp-de-futbol\/","title":{"rendered":"Dinamitzaci\u00f3 de patis i camp de futbol"},"content":{"rendered":"<p><a href=\"https:\/\/agora.xtec.cat\/sesmcarrascoformiguera-sfc\/wp-content\/uploads\/usu981\/2023\/11\/CARTELL-CONJUNT-ACTIVITATS-DIMANITZACIO-DE-PATI-OPCIO-1.jpg\"><img loading=\"lazy\" decoding=\"async\" class=\"aligncenter wp-image-5344 size-large\" src=\"https:\/\/agora.xtec.cat\/sesmcarrascoformiguera-sfc\/wp-content\/uploads\/usu981\/2023\/11\/CARTELL-CONJUNT-ACTIVITATS-DIMANITZACIO-DE-PATI-OPCIO-1-410x1024.jpg\" alt=\"\" width=\"410\" height=\"1024\" srcset=\"https:\/\/agora.xtec.cat\/sesmcarrascoformiguera-sfc\/wp-content\/uploads\/usu981\/2023\/11\/CARTELL-CONJUNT-ACTIVITATS-DIMANITZACIO-DE-PATI-OPCIO-1-410x1024.jpg 410w, https:\/\/agora.xtec.cat\/sesmcarrascoformiguera-sfc\/wp-content\/uploads\/usu981\/2023\/11\/CARTELL-CONJUNT-ACTIVITATS-DIMANITZACIO-DE-PATI-OPCIO-1-120x300.jpg 120w, https:\/\/agora.xtec.cat\/sesmcarrascoformiguera-sfc\/wp-content\/uploads\/usu981\/2023\/11\/CARTELL-CONJUNT-ACTIVITATS-DIMANITZACIO-DE-PATI-OPCIO-1-768x1920.jpg 768w, https:\/\/agora.xtec.cat\/sesmcarrascoformiguera-sfc\/wp-content\/uploads\/usu981\/2023\/11\/CARTELL-CONJUNT-ACTIVITATS-DIMANITZACIO-DE-PATI-OPCIO-1.jpg 800w\" sizes=\"auto, (max-width: 410px) 100vw, 410px\" \/><\/a><\/p>\n<p><!--more--><\/p>\n<p style=\"text-align: justify;\">Us informem que a partir d&#8217;avui mateix reprenem els patis a l&#8217;espai del camp de futbol municipal. Us recordem, tant a l&#8217;alumnat com a les fam\u00edlies, la import\u00e0ncia per al nostre centre de poder gaudir de l&#8217;\u00fas d&#8217;aquest espai d&#8217;esbarjo, i del comprom\u00eds que prenem amb l&#8217;Ajuntament i el municipi de poder fer-ne un bon \u00fas i de mantenir les instal\u00b7lacions netes i en bon estat per al gaudi de tothom.<\/p>\n<p style=\"text-align: justify;\">A partir de dilluns 6, engeguem tamb\u00e9 el projecte de dinamitzaci\u00f3 de patis amb diferents tipus d&#8217;activitats pensades per a donar alternatives d&#8217;esbarjo que puguin ser de l&#8217;inter\u00e8s de tot l&#8217;alumnat.<\/p>\n","protected":false},"excerpt":{"rendered":"<p><a href=\"https:\/\/agora.xtec.cat\/sesmcarrascoformiguera-sfc\/wp-content\/uploads\/usu981\/2023\/11\/CARTELL-CONJUNT-ACTIVITATS-DIMANITZACIO-DE-PATI-OPCIO-1.jpg\"><\/a><\/p>\n","protected":false},"author":1,"featured_media":0,"comment_status":"open","ping_status":"closed","sticky":false,"template":"","format":"standard","meta":{"_bbp_topic_count":0,"_bbp_reply_count":0,"_bbp_total_topic_count":0,"_bbp_total_reply_count":0,"_bbp_voice_count":0,"_bbp_anonymous_reply_count":0,"_bbp_topic_count_hidden":0,"_bbp_reply_count_hidden":0,"_bbp_forum_subforum_count":0,"footnotes":""},"categories":[1,29],"tags":[373,371,372,374,219,375,376],"class_list":["post-5343","post","type-post","status-publish","format-standard","hentry","category-general","category-portada","tag-ajuntament","tag-camp-de-futbol","tag-conveni","tag-dinamitzacio","tag-esbarjo","tag-jocs","tag-pati"],"post_mailing_queue_ids":[],"_links":{"self":[{"href":"https:\/\/agora.xtec.cat\/sesmcarrascoformiguera-sfc\/wp-json\/wp\/v2\/posts\/5343","targetHints":{"allow":["GET"]}}],"collection":[{"href":"https:\/\/agora.xtec.cat\/sesmcarrascoformiguera-sfc\/wp-json\/wp\/v2\/posts"}],"about":[{"href":"https:\/\/agora.xtec.cat\/sesmcarrascoformiguera-sfc\/wp-json\/wp\/v2\/types\/post"}],"author":[{"embeddable":true,"href":"https:\/\/agora.xtec.cat\/sesmcarrascoformiguera-sfc\/wp-json\/wp\/v2\/users\/1"}],"replies":[{"embeddable":true,"href":"https:\/\/agora.xtec.cat\/sesmcarrascoformiguera-sfc\/wp-json\/wp\/v2\/comments?post=5343"}],"version-history":[{"count":2,"href":"https:\/\/agora.xtec.cat\/sesmcarrascoformiguera-sfc\/wp-json\/wp\/v2\/posts\/5343\/revisions"}],"predecessor-version":[{"id":5725,"href":"https:\/\/agora.xtec.cat\/sesmcarrascoformiguera-sfc\/wp-json\/wp\/v2\/posts\/5343\/revisions\/5725"}],"wp:attachment":[{"href":"https:\/\/agora.xtec.cat\/sesmcarrascoformiguera-sfc\/wp-json\/wp\/v2\/media?parent=5343"}],"wp:term":[{"taxonomy":"category","embeddable":true,"href":"https:\/\/agora.xtec.cat\/sesmcarrascoformiguera-sfc\/wp-json\/wp\/v2\/categories?post=5343"},{"taxonomy":"post_tag","embeddable":true,"href":"https:\/\/agora.xtec.cat\/sesmcarrascoformiguera-sfc\/wp-json\/wp\/v2\/tags?post=5343"}],"curies":[{"name":"wp","href":"https:\/\/api.w.org\/{rel}","templated":true}]}}