{"id":4833,"date":"2023-06-02T08:23:08","date_gmt":"2023-06-02T06:23:08","guid":{"rendered":"https:\/\/agora.xtec.cat\/sesmcarrascoformiguera-sfc\/?p=4833"},"modified":"2023-06-03T12:11:14","modified_gmt":"2023-06-03T10:11:14","slug":"i-fira-de-mostres-de-robotica-i-projectes-steam","status":"publish","type":"post","link":"https:\/\/agora.xtec.cat\/sesmcarrascoformiguera-sfc\/general\/i-fira-de-mostres-de-robotica-i-projectes-steam\/","title":{"rendered":"I Fira de mostres de rob\u00f2tica i projectes STEAM"},"content":{"rendered":"<p style=\"text-align: justify;\">El dimarts 23 de maig, cinc alumnes de l&#8217;institut van assistir a la <em>I Fira de mostres de rob\u00f2tica i projectes STEAM<\/em> organitzada pel CRP de Bigues i Riells en representaci\u00f3 del nostre centre.<\/p>\n<p style=\"text-align: justify;\">Van presentar 3 projectes:<\/p>\n<p style=\"text-align: justify;\">1. M\u00e0quina\u00a0expenedora de &#8220;xuxes&#8221;.<\/p>\n<p style=\"text-align: justify;\">2. Canasta amb marcador autom\u00e0tic.<\/p>\n<p style=\"text-align: justify;\">3. Cotxe que evita obstacles.<\/p>\n<p style=\"text-align: justify;\">Va ser una jornada molt interessant i distesa, tant pel que fa a la resta d&#8217;expositors, que van mostrar projectes molt interessants fets per alumnes de prim\u00e0ria i secund\u00e0ria, compartits amb molta il\u00b7lusi\u00f3 i que ens van fer sortir amb idees renovades; com per part del p\u00fablic, que a m\u00e9s de la resta d&#8217;expositors, van ser diverses escoles dels pobles del voltant que van gaudir molt al nostre <em>stand<\/em> amb la m\u00e0quina de <em>xuxes<\/em> i jugant a encistellar i desviar al cotxe.<\/p>\n<p style=\"text-align: justify;\">A m\u00e9s a m\u00e9s, els nostres representants van fer una petita explicaci\u00f3 dels seus projectes a la r\u00e0dio.<\/p>\n<p><a href=\"https:\/\/agora.xtec.cat\/sesmcarrascoformiguera-sfc\/wp-content\/uploads\/usu981\/2023\/06\/STEAM-logo.png\"><img loading=\"lazy\" decoding=\"async\" class=\"aligncenter wp-image-4902 size-medium\" src=\"https:\/\/agora.xtec.cat\/sesmcarrascoformiguera-sfc\/wp-content\/uploads\/usu981\/2023\/06\/STEAM-logo-300x121.png\" alt=\"\" width=\"300\" height=\"121\" srcset=\"https:\/\/agora.xtec.cat\/sesmcarrascoformiguera-sfc\/wp-content\/uploads\/usu981\/2023\/06\/STEAM-logo-300x121.png 300w, https:\/\/agora.xtec.cat\/sesmcarrascoformiguera-sfc\/wp-content\/uploads\/usu981\/2023\/06\/STEAM-logo-768x310.png 768w, https:\/\/agora.xtec.cat\/sesmcarrascoformiguera-sfc\/wp-content\/uploads\/usu981\/2023\/06\/STEAM-logo.png 820w\" sizes=\"auto, (max-width: 300px) 100vw, 300px\" \/><\/a><\/p>\n","protected":false},"excerpt":{"rendered":"<p>El dimarts 23 de maig, cinc alumnes de l&#8217;institut van assistir a la I Fira de mostres de rob\u00f2tica i projectes STEAM organitzada pel CRP de Bigues i Riells en representaci\u00f3 del nostre centre.<br \/>\nVan presentar 3 projectes:<br \/>\n1. M\u00e0quina\u00a0expenedora de &#8220;xuxes&#8221;.<br \/>\n2. Canasta amb marcador autom\u00e0tic.<br \/>\n3. Cotxe&hellip;  <a href=\"https:\/\/agora.xtec.cat\/sesmcarrascoformiguera-sfc\/general\/i-fira-de-mostres-de-robotica-i-projectes-steam\/\" title=\"Read I Fira de mostres de rob\u00f2tica i projectes STEAM\">Llegeix m\u00e9s\u00bb<\/a><\/p>\n","protected":false},"author":1,"featured_media":0,"comment_status":"open","ping_status":"closed","sticky":false,"template":"","format":"standard","meta":{"_bbp_topic_count":0,"_bbp_reply_count":0,"_bbp_total_topic_count":0,"_bbp_total_reply_count":0,"_bbp_voice_count":0,"_bbp_anonymous_reply_count":0,"_bbp_topic_count_hidden":0,"_bbp_reply_count_hidden":0,"_bbp_forum_subforum_count":0,"footnotes":""},"categories":[1,29],"tags":[319,320,290,321,293,322,294,307],"class_list":["post-4833","post","type-post","status-publish","format-standard","hentry","category-general","category-portada","tag-enginy","tag-enginyeria","tag-projectes","tag-radio","tag-robotica","tag-robots","tag-steam","tag-tecnologia"],"post_mailing_queue_ids":[],"_links":{"self":[{"href":"https:\/\/agora.xtec.cat\/sesmcarrascoformiguera-sfc\/wp-json\/wp\/v2\/posts\/4833","targetHints":{"allow":["GET"]}}],"collection":[{"href":"https:\/\/agora.xtec.cat\/sesmcarrascoformiguera-sfc\/wp-json\/wp\/v2\/posts"}],"about":[{"href":"https:\/\/agora.xtec.cat\/sesmcarrascoformiguera-sfc\/wp-json\/wp\/v2\/types\/post"}],"author":[{"embeddable":true,"href":"https:\/\/agora.xtec.cat\/sesmcarrascoformiguera-sfc\/wp-json\/wp\/v2\/users\/1"}],"replies":[{"embeddable":true,"href":"https:\/\/agora.xtec.cat\/sesmcarrascoformiguera-sfc\/wp-json\/wp\/v2\/comments?post=4833"}],"version-history":[{"count":3,"href":"https:\/\/agora.xtec.cat\/sesmcarrascoformiguera-sfc\/wp-json\/wp\/v2\/posts\/4833\/revisions"}],"predecessor-version":[{"id":4904,"href":"https:\/\/agora.xtec.cat\/sesmcarrascoformiguera-sfc\/wp-json\/wp\/v2\/posts\/4833\/revisions\/4904"}],"wp:attachment":[{"href":"https:\/\/agora.xtec.cat\/sesmcarrascoformiguera-sfc\/wp-json\/wp\/v2\/media?parent=4833"}],"wp:term":[{"taxonomy":"category","embeddable":true,"href":"https:\/\/agora.xtec.cat\/sesmcarrascoformiguera-sfc\/wp-json\/wp\/v2\/categories?post=4833"},{"taxonomy":"post_tag","embeddable":true,"href":"https:\/\/agora.xtec.cat\/sesmcarrascoformiguera-sfc\/wp-json\/wp\/v2\/tags?post=4833"}],"curies":[{"name":"wp","href":"https:\/\/api.w.org\/{rel}","templated":true}]}}