{"id":4815,"date":"2023-05-12T11:11:13","date_gmt":"2023-05-12T09:11:13","guid":{"rendered":"https:\/\/agora.xtec.cat\/sesmcarrascoformiguera-sfc\/?p=4815"},"modified":"2023-05-12T11:14:28","modified_gmt":"2023-05-12T09:14:28","slug":"museu-egipci-de-barcelona","status":"publish","type":"post","link":"https:\/\/agora.xtec.cat\/sesmcarrascoformiguera-sfc\/general\/museu-egipci-de-barcelona\/","title":{"rendered":"Museu egipci de Barcelona"},"content":{"rendered":"<p style=\"text-align: justify;\">Dilluns passat, primer d&#8217;ESO hem fet una sortida al museu egipci de Barcelona, donant-li continu\u00eftat al projecte d&#8217;aquest tercer trimestre, el qual est\u00e0 enfocat a la cultura eg\u00edpcia.<\/p>\n<p style=\"text-align: justify;\">Al museu ens han fet una visita guiada on ens han explicat els seus costums i algunes curiositats, i hem vist m\u00f2mies, monuments i jerogl\u00edfics. Per completar la visita, tamb\u00e9 hem fet un taller de momificaci\u00f3 on l&#8217;alumnat ha simulat les fases del proc\u00e9s.<\/p>\n\r\n\t<div class=\"slideshow_container slideshow_container_style-light\" style=\"height: 300px; \" data-slideshow-id=\"4786\" data-style-name=\"style-light\" data-style-version=\"2.3.1\" >\r\n\r\n\t\t\t\t\t<div class=\"slideshow_loading_icon\"><\/div>\r\n\t\t\r\n\t\t<div class=\"slideshow_content\" style=\"display: none;\">\r\n\r\n\t\t\t<div class=\"slideshow_view\">\r\n\t\t\t\t<div class=\"slideshow_slide slideshow_slide_image\">\r\n\t\t\t\t\t\t\t\t\t\t\t<img src=\"https:\/\/agora.xtec.cat\/sesmcarrascoformiguera-sfc\/wp-content\/uploads\/usu981\/2023\/05\/IMG_20230508_111411web-1-scaled.jpg\" alt=\"IMG_20230508_111411web\" width=\"2560\" height=\"1920\" \/>\r\n\t\t\t\t\t\t\t\t\t\t<div class=\"slideshow_description_box slideshow_transparent\">\r\n\t\t\t\t\t\t<div class=\"slideshow_title\">IMG_20230508_111411web<\/div>\t\t\t\t\t\t\t\t\t\t\t<\/div>\r\n\t\t\t\t<\/div>\r\n\r\n\t\t\t\t\t\t<div style=\"clear: both;\"><\/div><\/div><div class=\"slideshow_view\">\r\n\t\t\t\t<div class=\"slideshow_slide slideshow_slide_image\">\r\n\t\t\t\t\t\t\t\t\t\t\t<img src=\"https:\/\/agora.xtec.cat\/sesmcarrascoformiguera-sfc\/wp-content\/uploads\/usu981\/2023\/05\/IMG_20230508_100725web-scaled.jpg\" alt=\"IMG_20230508_100725web\" width=\"2560\" height=\"1920\" \/>\r\n\t\t\t\t\t\t\t\t\t\t<div class=\"slideshow_description_box slideshow_transparent\">\r\n\t\t\t\t\t\t<div class=\"slideshow_title\">IMG_20230508_100725web<\/div>\t\t\t\t\t\t\t\t\t\t\t<\/div>\r\n\t\t\t\t<\/div>\r\n\r\n\t\t\t\t\t\t<div style=\"clear: both;\"><\/div><\/div><div class=\"slideshow_view\">\r\n\t\t\t\t<div class=\"slideshow_slide slideshow_slide_image\">\r\n\t\t\t\t\t\t\t\t\t\t\t<img src=\"https:\/\/agora.xtec.cat\/sesmcarrascoformiguera-sfc\/wp-content\/uploads\/usu981\/2023\/05\/IMG_20230508_103900web-scaled.jpg\" alt=\"IMG_20230508_103900web\" width=\"2560\" height=\"1920\" \/>\r\n\t\t\t\t\t\t\t\t\t\t<div class=\"slideshow_description_box slideshow_transparent\">\r\n\t\t\t\t\t\t<div class=\"slideshow_title\">IMG_20230508_103900web<\/div>\t\t\t\t\t\t\t\t\t\t\t<\/div>\r\n\t\t\t\t<\/div>\r\n\r\n\t\t\t\t\t\t<div style=\"clear: both;\"><\/div><\/div><div class=\"slideshow_view\">\r\n\t\t\t\t<div class=\"slideshow_slide slideshow_slide_image\">\r\n\t\t\t\t\t\t\t\t\t\t\t<img src=\"https:\/\/agora.xtec.cat\/sesmcarrascoformiguera-sfc\/wp-content\/uploads\/usu981\/2023\/05\/IMG_20230508_105505web-scaled.jpg\" alt=\"IMG_20230508_105505web\" width=\"2560\" height=\"1920\" \/>\r\n\t\t\t\t\t\t\t\t\t\t<div class=\"slideshow_description_box slideshow_transparent\">\r\n\t\t\t\t\t\t<div class=\"slideshow_title\">IMG_20230508_105505web<\/div>\t\t\t\t\t\t\t\t\t\t\t<\/div>\r\n\t\t\t\t<\/div>\r\n\r\n\t\t\t\t\t\t<div style=\"clear: both;\"><\/div><\/div><div class=\"slideshow_view\">\r\n\t\t\t\t<div class=\"slideshow_slide slideshow_slide_image\">\r\n\t\t\t\t\t\t\t\t\t\t\t<img src=\"https:\/\/agora.xtec.cat\/sesmcarrascoformiguera-sfc\/wp-content\/uploads\/usu981\/2023\/05\/IMG_20230508_104808web-scaled.jpg\" alt=\"IMG_20230508_104808web\" width=\"1920\" height=\"2560\" \/>\r\n\t\t\t\t\t\t\t\t\t\t<div class=\"slideshow_description_box slideshow_transparent\">\r\n\t\t\t\t\t\t<div class=\"slideshow_title\">IMG_20230508_104808web<\/div>\t\t\t\t\t\t\t\t\t\t\t<\/div>\r\n\t\t\t\t<\/div>\r\n\r\n\t\t\t\t\t\t<div style=\"clear: both;\"><\/div><\/div><div class=\"slideshow_view\">\r\n\t\t\t\t<div class=\"slideshow_slide slideshow_slide_image\">\r\n\t\t\t\t\t\t\t\t\t\t\t<img src=\"https:\/\/agora.xtec.cat\/sesmcarrascoformiguera-sfc\/wp-content\/uploads\/usu981\/2023\/05\/IMG_20230508_104901web-scaled.jpg\" alt=\"IMG_20230508_104901web\" width=\"1920\" height=\"2560\" \/>\r\n\t\t\t\t\t\t\t\t\t\t<div class=\"slideshow_description_box slideshow_transparent\">\r\n\t\t\t\t\t\t<div class=\"slideshow_title\">IMG_20230508_104901web<\/div>\t\t\t\t\t\t\t\t\t\t\t<\/div>\r\n\t\t\t\t<\/div>\r\n\r\n\t\t\t\t\t\t<div style=\"clear: both;\"><\/div><\/div><div class=\"slideshow_view\">\r\n\t\t\t\t<div class=\"slideshow_slide slideshow_slide_image\">\r\n\t\t\t\t\t\t\t\t\t\t\t<img src=\"https:\/\/agora.xtec.cat\/sesmcarrascoformiguera-sfc\/wp-content\/uploads\/usu981\/2023\/05\/IMG_20230508_104759web-scaled.jpg\" alt=\"IMG_20230508_104759web\" width=\"1920\" height=\"2560\" \/>\r\n\t\t\t\t\t\t\t\t\t\t<div class=\"slideshow_description_box slideshow_transparent\">\r\n\t\t\t\t\t\t<div class=\"slideshow_title\">IMG_20230508_104759web<\/div>\t\t\t\t\t\t\t\t\t\t\t<\/div>\r\n\t\t\t\t<\/div>\r\n\r\n\t\t\t\t\t\t<div style=\"clear: both;\"><\/div><\/div><div class=\"slideshow_view\">\r\n\t\t\t\t<div class=\"slideshow_slide slideshow_slide_image\">\r\n\t\t\t\t\t\t\t\t\t\t\t<img src=\"https:\/\/agora.xtec.cat\/sesmcarrascoformiguera-sfc\/wp-content\/uploads\/usu981\/2023\/05\/IMG_20230508_114830web-scaled.jpg\" alt=\"IMG_20230508_114830web\" width=\"2560\" height=\"1920\" \/>\r\n\t\t\t\t\t\t\t\t\t\t<div class=\"slideshow_description_box slideshow_transparent\">\r\n\t\t\t\t\t\t<div class=\"slideshow_title\">IMG_20230508_114830web<\/div>\t\t\t\t\t\t\t\t\t\t\t<\/div>\r\n\t\t\t\t<\/div>\r\n\r\n\t\t\t\t\t\t<div style=\"clear: both;\"><\/div><\/div><div class=\"slideshow_view\">\r\n\t\t\t\t<div class=\"slideshow_slide slideshow_slide_image\">\r\n\t\t\t\t\t\t\t\t\t\t\t<img src=\"https:\/\/agora.xtec.cat\/sesmcarrascoformiguera-sfc\/wp-content\/uploads\/usu981\/2023\/05\/IMG_20230508_114931web-scaled.jpg\" alt=\"IMG_20230508_114931web\" width=\"2560\" height=\"1920\" \/>\r\n\t\t\t\t\t\t\t\t\t\t<div class=\"slideshow_description_box slideshow_transparent\">\r\n\t\t\t\t\t\t<div class=\"slideshow_title\">IMG_20230508_114931web<\/div>\t\t\t\t\t\t\t\t\t\t\t<\/div>\r\n\t\t\t\t<\/div>\r\n\r\n\t\t\t\t\t\t<div style=\"clear: both;\"><\/div><\/div><div class=\"slideshow_view\">\r\n\t\t\t\t<div class=\"slideshow_slide slideshow_slide_image\">\r\n\t\t\t\t\t\t\t\t\t\t\t<img src=\"https:\/\/agora.xtec.cat\/sesmcarrascoformiguera-sfc\/wp-content\/uploads\/usu981\/2023\/05\/IMG_20230508_114620web-scaled.jpg\" alt=\"IMG_20230508_114620web\" width=\"2560\" height=\"1920\" \/>\r\n\t\t\t\t\t\t\t\t\t\t<div class=\"slideshow_description_box slideshow_transparent\">\r\n\t\t\t\t\t\t<div class=\"slideshow_title\">IMG_20230508_114620web<\/div>\t\t\t\t\t\t\t\t\t\t\t<\/div>\r\n\t\t\t\t<\/div>\r\n\r\n\t\t\t\t\t\t<div style=\"clear: both;\"><\/div><\/div><div class=\"slideshow_view\">\r\n\t\t\t\t<div class=\"slideshow_slide slideshow_slide_image\">\r\n\t\t\t\t\t\t\t\t\t\t\t<img src=\"https:\/\/agora.xtec.cat\/sesmcarrascoformiguera-sfc\/wp-content\/uploads\/usu981\/2023\/05\/IMG_20230508_104229web-scaled.jpg\" alt=\"IMG_20230508_104229web\" width=\"2560\" height=\"1920\" \/>\r\n\t\t\t\t\t\t\t\t\t\t<div class=\"slideshow_description_box slideshow_transparent\">\r\n\t\t\t\t\t\t<div class=\"slideshow_title\">IMG_20230508_104229web<\/div>\t\t\t\t\t\t\t\t\t\t\t<\/div>\r\n\t\t\t\t<\/div>\r\n\r\n\t\t\t\t\t\t<div style=\"clear: both;\"><\/div><\/div><div class=\"slideshow_view\">\r\n\t\t\t\t<div class=\"slideshow_slide slideshow_slide_image\">\r\n\t\t\t\t\t\t\t\t\t\t\t<img src=\"https:\/\/agora.xtec.cat\/sesmcarrascoformiguera-sfc\/wp-content\/uploads\/usu981\/2023\/05\/IMG_20230508_114428web-scaled.jpg\" alt=\"IMG_20230508_114428web\" width=\"2560\" height=\"1920\" \/>\r\n\t\t\t\t\t\t\t\t\t\t<div class=\"slideshow_description_box slideshow_transparent\">\r\n\t\t\t\t\t\t<div class=\"slideshow_title\">IMG_20230508_114428web<\/div>\t\t\t\t\t\t\t\t\t\t\t<\/div>\r\n\t\t\t\t<\/div>\r\n\r\n\t\t\t\t\t\t<div style=\"clear: both;\"><\/div><\/div><div class=\"slideshow_view\">\r\n\t\t\t\t<div class=\"slideshow_slide slideshow_slide_image\">\r\n\t\t\t\t\t\t\t\t\t\t\t<img src=\"https:\/\/agora.xtec.cat\/sesmcarrascoformiguera-sfc\/wp-content\/uploads\/usu981\/2023\/05\/IMG_20230508_114310web-scaled.jpg\" alt=\"IMG_20230508_114310web\" width=\"2560\" height=\"1920\" \/>\r\n\t\t\t\t\t\t\t\t\t\t<div class=\"slideshow_description_box slideshow_transparent\">\r\n\t\t\t\t\t\t<div class=\"slideshow_title\">IMG_20230508_114310web<\/div>\t\t\t\t\t\t\t\t\t\t\t<\/div>\r\n\t\t\t\t<\/div>\r\n\r\n\t\t\t\t\t\t<div style=\"clear: both;\"><\/div><\/div>\r\n\t\t<\/div>\r\n\r\n\t\t<div class=\"slideshow_controlPanel slideshow_transparent\" style=\"display: none;\"><ul><li class=\"slideshow_togglePlay\" data-play-text=\"Visualitza\" data-pause-text=\"Pausa\"><\/li><\/ul><\/div>\r\n\r\n\t\t<div class=\"slideshow_button slideshow_previous slideshow_transparent\" role=\"button\" data-previous-text=\"Anterior\" style=\"display: none;\"><\/div>\r\n\t\t<div class=\"slideshow_button slideshow_next slideshow_transparent\" role=\"button\" data-next-text=\"Seg\u00fcent\" style=\"display: none;\"><\/div>\r\n\r\n\t\t<div class=\"slideshow_pagination\" style=\"display: none;\" data-go-to-text=\"V\u00e9s a la diapositiva\"><div class=\"slideshow_pagination_center\"><\/div><\/div>\r\n\r\n\t\t<!-- WordPress Slideshow Version 2.3.1 -->\r\n\r\n\t\t\t<\/div>\r\n\r\n\n","protected":false},"excerpt":{"rendered":"<p>Dilluns passat, primer d&#8217;ESO hem fet una sortida al museu egipci de Barcelona, donant-li continu\u00eftat al projecte d&#8217;aquest tercer trimestre, el qual est\u00e0 enfocat a la cultura eg\u00edpcia.<br \/>\nAl museu ens han fet una visita guiada on ens han explicat els seus costums i algunes curiositats,&hellip;  <a href=\"https:\/\/agora.xtec.cat\/sesmcarrascoformiguera-sfc\/general\/museu-egipci-de-barcelona\/\" title=\"Read Museu egipci de Barcelona\">Llegeix m\u00e9s\u00bb<\/a><\/p>\n","protected":false},"author":1,"featured_media":0,"comment_status":"open","ping_status":"closed","sticky":false,"template":"","format":"standard","meta":{"_bbp_topic_count":0,"_bbp_reply_count":0,"_bbp_total_topic_count":0,"_bbp_total_reply_count":0,"_bbp_voice_count":0,"_bbp_anonymous_reply_count":0,"_bbp_topic_count_hidden":0,"_bbp_reply_count_hidden":0,"_bbp_forum_subforum_count":0,"footnotes":""},"categories":[4,1,29],"tags":[284,177,289,285,147,287,286,288,283,290],"class_list":["post-4815","post","type-post","status-publish","format-standard","hentry","category-eso-1","category-general","category-portada","tag-barcelona","tag-ciencies-socials","tag-cultura-egipcia","tag-egipte","tag-historia","tag-jerogifics","tag-momies","tag-monuments","tag-museu-egipci","tag-projectes"],"post_mailing_queue_ids":[],"_links":{"self":[{"href":"https:\/\/agora.xtec.cat\/sesmcarrascoformiguera-sfc\/wp-json\/wp\/v2\/posts\/4815","targetHints":{"allow":["GET"]}}],"collection":[{"href":"https:\/\/agora.xtec.cat\/sesmcarrascoformiguera-sfc\/wp-json\/wp\/v2\/posts"}],"about":[{"href":"https:\/\/agora.xtec.cat\/sesmcarrascoformiguera-sfc\/wp-json\/wp\/v2\/types\/post"}],"author":[{"embeddable":true,"href":"https:\/\/agora.xtec.cat\/sesmcarrascoformiguera-sfc\/wp-json\/wp\/v2\/users\/1"}],"replies":[{"embeddable":true,"href":"https:\/\/agora.xtec.cat\/sesmcarrascoformiguera-sfc\/wp-json\/wp\/v2\/comments?post=4815"}],"version-history":[{"count":3,"href":"https:\/\/agora.xtec.cat\/sesmcarrascoformiguera-sfc\/wp-json\/wp\/v2\/posts\/4815\/revisions"}],"predecessor-version":[{"id":4818,"href":"https:\/\/agora.xtec.cat\/sesmcarrascoformiguera-sfc\/wp-json\/wp\/v2\/posts\/4815\/revisions\/4818"}],"wp:attachment":[{"href":"https:\/\/agora.xtec.cat\/sesmcarrascoformiguera-sfc\/wp-json\/wp\/v2\/media?parent=4815"}],"wp:term":[{"taxonomy":"category","embeddable":true,"href":"https:\/\/agora.xtec.cat\/sesmcarrascoformiguera-sfc\/wp-json\/wp\/v2\/categories?post=4815"},{"taxonomy":"post_tag","embeddable":true,"href":"https:\/\/agora.xtec.cat\/sesmcarrascoformiguera-sfc\/wp-json\/wp\/v2\/tags?post=4815"}],"curies":[{"name":"wp","href":"https:\/\/api.w.org\/{rel}","templated":true}]}}