{"id":4593,"date":"2023-03-17T10:49:11","date_gmt":"2023-03-17T09:49:11","guid":{"rendered":"https:\/\/agora.xtec.cat\/sesmcarrascoformiguera-sfc\/?p=4593"},"modified":"2023-03-17T10:58:54","modified_gmt":"2023-03-17T09:58:54","slug":"i-despres-de-leso-que-sortides-de-4t-eso","status":"publish","type":"post","link":"https:\/\/agora.xtec.cat\/sesmcarrascoformiguera-sfc\/general\/i-despres-de-leso-que-sortides-de-4t-eso\/","title":{"rendered":"I despr\u00e9s de l&#8217;ESO, qu\u00e8?"},"content":{"rendered":"<p style=\"text-align: justify;\">Aquests dies, l&#8217;alumnat de 4t d&#8217;ESO, dins el <strong>Projecte de recerca<\/strong> &#8220;I despr\u00e9s de l&#8217;ESO, qu\u00e8?&#8221;, est\u00e0 fent diverses activitats i visites arreu.<\/p>\n\r\n\t<div class=\"slideshow_container slideshow_container_style-light\" style=\"height: 300px; \" data-slideshow-id=\"4587\" data-style-name=\"style-light\" data-style-version=\"2.3.1\" >\r\n\r\n\t\t\t\t\t<div class=\"slideshow_loading_icon\"><\/div>\r\n\t\t\r\n\t\t<div class=\"slideshow_content\" style=\"display: none;\">\r\n\r\n\t\t\t<div class=\"slideshow_view\">\r\n\t\t\t\t<div class=\"slideshow_slide slideshow_slide_image\">\r\n\t\t\t\t\t\t\t\t\t\t\t<img src=\"https:\/\/agora.xtec.cat\/sesmcarrascoformiguera-sfc\/wp-content\/uploads\/usu981\/2023\/03\/IMG-20230307-WA0005.jpg\" alt=\"IMG-20230307-WA0005\" width=\"1600\" height=\"1200\" \/>\r\n\t\t\t\t\t\t\t\t\t\t<div class=\"slideshow_description_box slideshow_transparent\">\r\n\t\t\t\t\t\t<div class=\"slideshow_title\">IMG-20230307-WA0005<\/div>\t\t\t\t\t\t\t\t\t\t\t<\/div>\r\n\t\t\t\t<\/div>\r\n\r\n\t\t\t\t\t\t<div style=\"clear: both;\"><\/div><\/div><div class=\"slideshow_view\">\r\n\t\t\t\t<div class=\"slideshow_slide slideshow_slide_image\">\r\n\t\t\t\t\t\t\t\t\t\t\t<img src=\"https:\/\/agora.xtec.cat\/sesmcarrascoformiguera-sfc\/wp-content\/uploads\/usu981\/2023\/03\/IMG-20230307-WA0013.jpg\" alt=\"IMG-20230307-WA0013\" width=\"1600\" height=\"1200\" \/>\r\n\t\t\t\t\t\t\t\t\t\t<div class=\"slideshow_description_box slideshow_transparent\">\r\n\t\t\t\t\t\t<div class=\"slideshow_title\">IMG-20230307-WA0013<\/div>\t\t\t\t\t\t\t\t\t\t\t<\/div>\r\n\t\t\t\t<\/div>\r\n\r\n\t\t\t\t\t\t<div style=\"clear: both;\"><\/div><\/div><div class=\"slideshow_view\">\r\n\t\t\t\t<div class=\"slideshow_slide slideshow_slide_image\">\r\n\t\t\t\t\t\t\t\t\t\t\t<img src=\"https:\/\/agora.xtec.cat\/sesmcarrascoformiguera-sfc\/wp-content\/uploads\/usu981\/2023\/03\/IMG-20230307-WA0011.jpg\" alt=\"IMG-20230307-WA0011\" width=\"1600\" height=\"1200\" \/>\r\n\t\t\t\t\t\t\t\t\t\t<div class=\"slideshow_description_box slideshow_transparent\">\r\n\t\t\t\t\t\t<div class=\"slideshow_title\">IMG-20230307-WA0011<\/div>\t\t\t\t\t\t\t\t\t\t\t<\/div>\r\n\t\t\t\t<\/div>\r\n\r\n\t\t\t\t\t\t<div style=\"clear: both;\"><\/div><\/div><div class=\"slideshow_view\">\r\n\t\t\t\t<div class=\"slideshow_slide slideshow_slide_image\">\r\n\t\t\t\t\t\t\t\t\t\t\t<img src=\"https:\/\/agora.xtec.cat\/sesmcarrascoformiguera-sfc\/wp-content\/uploads\/usu981\/2023\/03\/IMG-20230307-WA0003.jpg\" alt=\"IMG-20230307-WA0003\" width=\"1600\" height=\"1200\" \/>\r\n\t\t\t\t\t\t\t\t\t\t<div class=\"slideshow_description_box slideshow_transparent\">\r\n\t\t\t\t\t\t<div class=\"slideshow_title\">IMG-20230307-WA0003<\/div>\t\t\t\t\t\t\t\t\t\t\t<\/div>\r\n\t\t\t\t<\/div>\r\n\r\n\t\t\t\t\t\t<div style=\"clear: both;\"><\/div><\/div><div class=\"slideshow_view\">\r\n\t\t\t\t<div class=\"slideshow_slide slideshow_slide_image\">\r\n\t\t\t\t\t\t\t\t\t\t\t<img src=\"https:\/\/agora.xtec.cat\/sesmcarrascoformiguera-sfc\/wp-content\/uploads\/usu981\/2023\/03\/IMG-20230316-WA0014.jpg\" alt=\"IMG-20230316-WA0014\" width=\"2048\" height=\"1536\" \/>\r\n\t\t\t\t\t\t\t\t\t\t<div class=\"slideshow_description_box slideshow_transparent\">\r\n\t\t\t\t\t\t<div class=\"slideshow_title\">IMG-20230316-WA0014<\/div>\t\t\t\t\t\t\t\t\t\t\t<\/div>\r\n\t\t\t\t<\/div>\r\n\r\n\t\t\t\t\t\t<div style=\"clear: both;\"><\/div><\/div>\r\n\t\t<\/div>\r\n\r\n\t\t<div class=\"slideshow_controlPanel slideshow_transparent\" style=\"display: none;\"><ul><li class=\"slideshow_togglePlay\" data-play-text=\"Visualitza\" data-pause-text=\"Pausa\"><\/li><\/ul><\/div>\r\n\r\n\t\t<div class=\"slideshow_button slideshow_previous slideshow_transparent\" role=\"button\" data-previous-text=\"Anterior\" style=\"display: none;\"><\/div>\r\n\t\t<div class=\"slideshow_button slideshow_next slideshow_transparent\" role=\"button\" data-next-text=\"Seg\u00fcent\" style=\"display: none;\"><\/div>\r\n\r\n\t\t<div class=\"slideshow_pagination\" style=\"display: none;\" data-go-to-text=\"V\u00e9s a la diapositiva\"><div class=\"slideshow_pagination_center\"><\/div><\/div>\r\n\r\n\t\t<!-- WordPress Slideshow Version 2.3.1 -->\r\n\r\n\t\t\t<\/div>\r\n\r\n\n<p>Totes les visites clicant a &#8220;Llegir m\u00e9s\u00bb&#8221;<\/p>\n<p><!--more--><\/p>\n<p><strong>Visitem el Centre C\u00edvic i instituts de postobligat\u00f2ria<\/strong><\/p>\n<p style=\"text-align: justify;\">El passat dia 28 de febrer, tot l&#8217;alumnat i el tutor i la tutora de 4t vam baixar al Centre C\u00edvic La Fonteta per rebre informaci\u00f3 sobre cicles de formaci\u00f3 professional i batxillerats.<\/p>\n<p style=\"text-align: justify;\">Les alumnes de grau mitj\u00e0 d'&#8221;Atenci\u00f3 a persones en situaci\u00f3 de depend\u00e8ncia&#8221; de l&#8217;<a href=\"https:\/\/agora.xtec.cat\/iesmoianes\/\"><b>Institut Moian\u00e8s<\/b><\/a>\u00a0ens van explicar en qu\u00e8 consisteix el seu cicle i les sortides professionals i acad\u00e8miques.<\/p>\n<p style=\"text-align: justify;\">L&#8217;<a href=\"https:\/\/agora.xtec.cat\/iesvalltenes\/\"><strong>I<\/strong><b>nstitut La Vall del Tenes<\/b><\/a> ens va presentar, a part dels cicles d&#8217;administraci\u00f3 i gesti\u00f3, els batxillerats Human\u00edstic\/Social i Cient\u00edfic\/Tecnol\u00f2gic, com tamb\u00e9 el <em>BatxiBac<\/em> (doble titulaci\u00f3 batxiller &#8211; <em>baccalaur\u00e9at<\/em> (franc\u00e8s)).<\/p>\n<p style=\"text-align: justify;\">I el dia 8 de mar\u00e7 vam anar a visitar\u00a0l&#8217;<b><a href=\"https:\/\/institutemt.cat\/\">Escola Municipal del Treball<\/a>\u00a0<\/b>de Granollers, on el seu cap d&#8217;estudis ens va fer una extensa explicaci\u00f3 dels cicles formatius que hi fan, per despr\u00e9s veure les instal\u00b7lacions i els diversos tallers.<\/p>\n<p style=\"text-align: justify;\">Per acabar, vam anar a l&#8217;<a href=\"https:\/\/agora.xtec.cat\/iesmanolohugue\/\"><b>I<\/b><b>nstitut\u00a0Manolo Hugu\u00e9<\/b><\/a> de Caldes. All\u00ed ens van explicar els batxillerats: l&#8217;Human\u00edstic\/Social i el Cient\u00edfic\/Tecnol\u00f2gic, aix\u00ed com els cicles &#8216;Administraci\u00f3 i Gesti\u00f3&#8217; i &#8216;Mecanitzaci\u00f3&#8217; per a l&#8217;alumnat interessat.<\/p>\n<p><strong>Sal\u00f3 de l&#8217;Ensenyament &#8211; Setmana de la formaci\u00f3 i treball<\/strong><\/p>\n<p style=\"text-align: justify;\">D&#8217;altra banda, el dia 16 de mar\u00e7 hem visitat el <strong>Sal\u00f3 de l&#8217;Ensenyament<\/strong>, de Barcelona.<\/p>\n<p style=\"text-align: justify;\">El Sal\u00f3 de l&#8217;Ensenyament ofereix una oferta completa d&#8217;estudis postobligatoris, cicles formatius de grau mig i superior i estudis universitaris, entre altres.<\/p>\n<p style=\"text-align: justify;\">Els i les alumnes de l&#8217;Institut Manuel Carrasco i Formiguera han pogut rebre de primera m\u00e0 assessorament acad\u00e8mic i professionalitzador, i ampliar l&#8217;orientaci\u00f3 del Projecte de Recerca de 4t.<\/p>\n<p>Seguim construint el futur!<\/p>\n","protected":false},"excerpt":{"rendered":"<p>Aquests dies, l&#8217;alumnat de 4t d&#8217;ESO, dins el Projecte de recerca &#8220;I despr\u00e9s de l&#8217;ESO, qu\u00e8?&#8221;, est\u00e0 fent diverses activitats i visites arreu.<\/p>\n<p>\t\t\t\t\t\tIMG-20230307-WA0005\t\t\t\t\t\t\t\t\t\t\t<\/p>\n<p>\t\t\t\t\t\tIMG-20230307-WA0013\t\t\t\t\t\t\t\t\t\t\t<\/p>\n<p>\t\t\t\t\t\tIMG-20230307-WA0011\t\t\t\t\t\t\t\t\t\t\t<\/p>\n<p>\t\t\t\t\t\tIMG-20230307-WA0003\t\t\t\t\t\t\t\t\t\t\t<\/p>\n<p>\t\t\t\t\t\tIMG-20230316-WA0014\t\t\t\t\t\t\t\t\t\t\t<\/p>\n<ul>\n<li class=\"slideshow_togglePlay\" data-play-text=\"Visualitza\" data-pause-text=\"Pausa\"><\/li>\n<\/ul>\n<p>Totes les visites clicant a &#8220;Llegir m\u00e9s\u00bb&#8221;<\/p>\n","protected":false},"author":1,"featured_media":4592,"comment_status":"open","ping_status":"closed","sticky":false,"template":"","format":"standard","meta":{"_bbp_topic_count":0,"_bbp_reply_count":0,"_bbp_total_topic_count":0,"_bbp_total_reply_count":0,"_bbp_voice_count":0,"_bbp_anonymous_reply_count":0,"_bbp_topic_count_hidden":0,"_bbp_reply_count_hidden":0,"_bbp_forum_subforum_count":0,"footnotes":""},"categories":[8,30,7,1,29],"tags":[227,235,229,228,233,225,240,236,232,230,231,226,237,234,239,238],"class_list":["post-4593","post","type-post","status-publish","format-standard","has-post-thumbnail","hentry","category-batxillerat","category-cicles-formatius","category-eso-4","category-general","category-portada","tag-batxillerat","tag-centre-civic","tag-cfgm","tag-cicles-formatius","tag-escola-municipal-del-treball","tag-estudis","tag-futur","tag-la-fonteta","tag-la-vall-del-tenes","tag-manolo-hugue","tag-moianes","tag-postobligatoria","tag-projecte-de-recerca","tag-salo-de-lensenyament","tag-sortides-academiques","tag-sortides-professionals"],"post_mailing_queue_ids":[],"_links":{"self":[{"href":"https:\/\/agora.xtec.cat\/sesmcarrascoformiguera-sfc\/wp-json\/wp\/v2\/posts\/4593","targetHints":{"allow":["GET"]}}],"collection":[{"href":"https:\/\/agora.xtec.cat\/sesmcarrascoformiguera-sfc\/wp-json\/wp\/v2\/posts"}],"about":[{"href":"https:\/\/agora.xtec.cat\/sesmcarrascoformiguera-sfc\/wp-json\/wp\/v2\/types\/post"}],"author":[{"embeddable":true,"href":"https:\/\/agora.xtec.cat\/sesmcarrascoformiguera-sfc\/wp-json\/wp\/v2\/users\/1"}],"replies":[{"embeddable":true,"href":"https:\/\/agora.xtec.cat\/sesmcarrascoformiguera-sfc\/wp-json\/wp\/v2\/comments?post=4593"}],"version-history":[{"count":3,"href":"https:\/\/agora.xtec.cat\/sesmcarrascoformiguera-sfc\/wp-json\/wp\/v2\/posts\/4593\/revisions"}],"predecessor-version":[{"id":4602,"href":"https:\/\/agora.xtec.cat\/sesmcarrascoformiguera-sfc\/wp-json\/wp\/v2\/posts\/4593\/revisions\/4602"}],"wp:featuredmedia":[{"embeddable":true,"href":"https:\/\/agora.xtec.cat\/sesmcarrascoformiguera-sfc\/wp-json\/wp\/v2\/media\/4592"}],"wp:attachment":[{"href":"https:\/\/agora.xtec.cat\/sesmcarrascoformiguera-sfc\/wp-json\/wp\/v2\/media?parent=4593"}],"wp:term":[{"taxonomy":"category","embeddable":true,"href":"https:\/\/agora.xtec.cat\/sesmcarrascoformiguera-sfc\/wp-json\/wp\/v2\/categories?post=4593"},{"taxonomy":"post_tag","embeddable":true,"href":"https:\/\/agora.xtec.cat\/sesmcarrascoformiguera-sfc\/wp-json\/wp\/v2\/tags?post=4593"}],"curies":[{"name":"wp","href":"https:\/\/api.w.org\/{rel}","templated":true}]}}