{"id":4582,"date":"2023-03-17T10:01:13","date_gmt":"2023-03-17T09:01:13","guid":{"rendered":"https:\/\/agora.xtec.cat\/sesmcarrascoformiguera-sfc\/?p=4582"},"modified":"2023-03-17T10:59:40","modified_gmt":"2023-03-17T09:59:40","slug":"club-descacs-i-club-del-cub-a-linstitut","status":"publish","type":"post","link":"https:\/\/agora.xtec.cat\/sesmcarrascoformiguera-sfc\/general\/club-descacs-i-club-del-cub-a-linstitut\/","title":{"rendered":"&#8220;CLUB D&#8217;ESCACS&#8221; i &#8220;CLUB DEL CUB&#8221; a L&#8217;INSTITUT"},"content":{"rendered":"<p style=\"text-align: justify;\">A l&#8217;institut disposem d&#8217;una nova activitat l\u00fadicoeducativa. Es tracta de dos grups de joc: <strong>escacs<\/strong> i <strong>cubs de Rubik<\/strong>.<\/p>\n<p><a href=\"https:\/\/agora.xtec.cat\/sesmcarrascoformiguera-sfc\/wp-content\/uploads\/usu981\/2023\/03\/clubs-pati.jpg\"><img loading=\"lazy\" decoding=\"async\" class=\"aligncenter size-medium wp-image-4583\" src=\"https:\/\/agora.xtec.cat\/sesmcarrascoformiguera-sfc\/wp-content\/uploads\/usu981\/2023\/03\/clubs-pati-212x300.jpg\" alt=\"\" width=\"212\" height=\"300\" srcset=\"https:\/\/agora.xtec.cat\/sesmcarrascoformiguera-sfc\/wp-content\/uploads\/usu981\/2023\/03\/clubs-pati-212x300.jpg 212w, https:\/\/agora.xtec.cat\/sesmcarrascoformiguera-sfc\/wp-content\/uploads\/usu981\/2023\/03\/clubs-pati-724x1024.jpg 724w, https:\/\/agora.xtec.cat\/sesmcarrascoformiguera-sfc\/wp-content\/uploads\/usu981\/2023\/03\/clubs-pati-768x1086.jpg 768w, https:\/\/agora.xtec.cat\/sesmcarrascoformiguera-sfc\/wp-content\/uploads\/usu981\/2023\/03\/clubs-pati-1086x1536.jpg 1086w, https:\/\/agora.xtec.cat\/sesmcarrascoformiguera-sfc\/wp-content\/uploads\/usu981\/2023\/03\/clubs-pati-1448x2048.jpg 1448w, https:\/\/agora.xtec.cat\/sesmcarrascoformiguera-sfc\/wp-content\/uploads\/usu981\/2023\/03\/clubs-pati.jpg 1754w\" sizes=\"auto, (max-width: 212px) 100vw, 212px\" \/><\/a><\/p>\n<p>T&#8217;hi esperem!<\/p>\n<p>M\u00e9s informaci\u00f3 clicant a l&#8217;article.<\/p>\n<p><!--more--><\/p>\n<p style=\"text-align: justify;\">Es far\u00e0 a l&#8217;hora del pati (10:00) tots els dimarts. El punt de joc ser\u00e0 al 2n pis, al costat de la classe d&#8217;Aula Natura. Disposarem de diferents taulells d&#8217;escacs i de diferents models de cubs de Rubik. Tant si tens un nivell avan\u00e7at com si en voldries aprendre alguna d&#8217;aquestes 2 disciplines, est\u00e0s totalment convidat\/da a participar-hi. No cal inscripci\u00f3, i la participaci\u00f3 \u00e9s lliure: pots venir tots els dimarts que vulguis.<\/p>\n","protected":false},"excerpt":{"rendered":"<p>A l&#8217;institut disposem d&#8217;una nova activitat l\u00fadicoeducativa. Es tracta de dos grups de joc: escacs i cubs de Rubik.<br \/>\n<a href=\"https:\/\/agora.xtec.cat\/sesmcarrascoformiguera-sfc\/wp-content\/uploads\/usu981\/2023\/03\/clubs-pati.jpg\"><\/a><br \/>\nT&#8217;hi esperem!<br \/>\nM\u00e9s informaci\u00f3 clicant a l&#8217;article.<\/p>\n","protected":false},"author":1,"featured_media":0,"comment_status":"open","ping_status":"closed","sticky":false,"template":"","format":"standard","meta":{"_bbp_topic_count":0,"_bbp_reply_count":0,"_bbp_total_topic_count":0,"_bbp_total_reply_count":0,"_bbp_voice_count":0,"_bbp_anonymous_reply_count":0,"_bbp_topic_count_hidden":0,"_bbp_reply_count_hidden":0,"_bbp_forum_subforum_count":0,"footnotes":""},"categories":[3,1,29],"tags":[218,214,216,219,215,220,224,223,222,221,217],"class_list":["post-4582","post","type-post","status-publish","format-standard","hentry","category-eso","category-general","category-portada","tag-activitat","tag-club","tag-cubs","tag-esbarjo","tag-escacs","tag-estrategia","tag-habilitat","tag-intellecte","tag-joc","tag-logica","tag-rubik"],"post_mailing_queue_ids":[],"_links":{"self":[{"href":"https:\/\/agora.xtec.cat\/sesmcarrascoformiguera-sfc\/wp-json\/wp\/v2\/posts\/4582","targetHints":{"allow":["GET"]}}],"collection":[{"href":"https:\/\/agora.xtec.cat\/sesmcarrascoformiguera-sfc\/wp-json\/wp\/v2\/posts"}],"about":[{"href":"https:\/\/agora.xtec.cat\/sesmcarrascoformiguera-sfc\/wp-json\/wp\/v2\/types\/post"}],"author":[{"embeddable":true,"href":"https:\/\/agora.xtec.cat\/sesmcarrascoformiguera-sfc\/wp-json\/wp\/v2\/users\/1"}],"replies":[{"embeddable":true,"href":"https:\/\/agora.xtec.cat\/sesmcarrascoformiguera-sfc\/wp-json\/wp\/v2\/comments?post=4582"}],"version-history":[{"count":3,"href":"https:\/\/agora.xtec.cat\/sesmcarrascoformiguera-sfc\/wp-json\/wp\/v2\/posts\/4582\/revisions"}],"predecessor-version":[{"id":4603,"href":"https:\/\/agora.xtec.cat\/sesmcarrascoformiguera-sfc\/wp-json\/wp\/v2\/posts\/4582\/revisions\/4603"}],"wp:attachment":[{"href":"https:\/\/agora.xtec.cat\/sesmcarrascoformiguera-sfc\/wp-json\/wp\/v2\/media?parent=4582"}],"wp:term":[{"taxonomy":"category","embeddable":true,"href":"https:\/\/agora.xtec.cat\/sesmcarrascoformiguera-sfc\/wp-json\/wp\/v2\/categories?post=4582"},{"taxonomy":"post_tag","embeddable":true,"href":"https:\/\/agora.xtec.cat\/sesmcarrascoformiguera-sfc\/wp-json\/wp\/v2\/tags?post=4582"}],"curies":[{"name":"wp","href":"https:\/\/api.w.org\/{rel}","templated":true}]}}