{"id":4552,"date":"2023-03-06T13:44:46","date_gmt":"2023-03-06T12:44:46","guid":{"rendered":"https:\/\/agora.xtec.cat\/sesmcarrascoformiguera-sfc\/?p=4552"},"modified":"2023-03-06T22:22:52","modified_gmt":"2023-03-06T21:22:52","slug":"comenca-la-preinscripcio-curs-2023-2024","status":"publish","type":"post","link":"https:\/\/agora.xtec.cat\/sesmcarrascoformiguera-sfc\/general\/comenca-la-preinscripcio-curs-2023-2024\/","title":{"rendered":"Comen\u00e7a la preinscripci\u00f3 curs 2023 &#8211; 2024!"},"content":{"rendered":"<p>Aviat comen\u00e7ar\u00e0 la preinscripci\u00f3.<\/p>\n<p><a href=\"https:\/\/agora.xtec.cat\/sesmcarrascoformiguera-sfc\/wp-content\/uploads\/usu981\/2023\/03\/Cartell-Preinscripcio-curs-2023-2024-1.jpg\"><img loading=\"lazy\" decoding=\"async\" class=\"size-medium wp-image-4569 alignleft\" src=\"https:\/\/agora.xtec.cat\/sesmcarrascoformiguera-sfc\/wp-content\/uploads\/usu981\/2023\/03\/Cartell-Preinscripcio-curs-2023-2024-1-300x212.jpg\" alt=\"\" width=\"300\" height=\"212\" srcset=\"https:\/\/agora.xtec.cat\/sesmcarrascoformiguera-sfc\/wp-content\/uploads\/usu981\/2023\/03\/Cartell-Preinscripcio-curs-2023-2024-1-300x212.jpg 300w, https:\/\/agora.xtec.cat\/sesmcarrascoformiguera-sfc\/wp-content\/uploads\/usu981\/2023\/03\/Cartell-Preinscripcio-curs-2023-2024-1-1024x724.jpg 1024w, https:\/\/agora.xtec.cat\/sesmcarrascoformiguera-sfc\/wp-content\/uploads\/usu981\/2023\/03\/Cartell-Preinscripcio-curs-2023-2024-1-768x543.jpg 768w, https:\/\/agora.xtec.cat\/sesmcarrascoformiguera-sfc\/wp-content\/uploads\/usu981\/2023\/03\/Cartell-Preinscripcio-curs-2023-2024-1-1536x1086.jpg 1536w, https:\/\/agora.xtec.cat\/sesmcarrascoformiguera-sfc\/wp-content\/uploads\/usu981\/2023\/03\/Cartell-Preinscripcio-curs-2023-2024-1.jpg 1755w\" sizes=\"auto, (max-width: 300px) 100vw, 300px\" \/><\/a><\/p>\n<ul>\n<li>08\/03\/2023 al 20\/03\/2023 (ambd\u00f3s inclosos): Presentaci\u00f3 de sol\u00b7licituds, a trav\u00e9s del portal.\n<ul>\n<li><a href=\"https:\/\/ctti.queue-it.net\/?c=ctti&amp;e=preins&amp;t=https%3A%2F%2Faplicacions.ensenyament.gencat.cat%2FGEDAC%2FGEDACSOL_SE_CAT.html\" target=\"_blank\" rel=\"noopener\">Sol\u00b7licitud electr\u00f2nica<\/a><\/li>\n<li><a href=\"https:\/\/ctti.queue-it.net\/?c=ctti&amp;e=preins&amp;t=https%3A%2F%2Faplicacions.ensenyament.gencat.cat%2FGEDAC%2FGEDACSOL_SE_MOD_CAT.html\" target=\"_blank\" rel=\"noopener\">Modificaci\u00f3 sol\u00b7licitud electr\u00f2nica i\/o presentaci\u00f3 de la documentaci\u00f3<\/a><\/li>\n<li><a href=\"https:\/\/ctti.queue-it.net\/?c=ctti&amp;e=qpreinscripcioapexpr&amp;t=https%3A%2F%2Faplicacions.ensenyament.gencat.cat%2FGEDAC%2FGEDACSOL_SI_CAT.html\" target=\"_blank\" rel=\"noopener\">Sol\u00b7licitud suport inform\u00e0tic<\/a><\/li>\n<li><a href=\"https:\/\/ctti.queue-it.net\/?c=ctti&amp;e=qpreinscripcioapexpr&amp;t=https%3A%2F%2Faplicacions.ensenyament.gencat.cat%2FGEDAC%2FGEDACSOL_SI_MOD_CAT.html\" target=\"_blank\" rel=\"noopener\">Modificaci\u00f3 sol\u00b7licitud suport inform\u00e0tic i\/o presentaci\u00f3 de la documentaci\u00f3<\/a><\/li>\n<\/ul>\n<\/li>\n<\/ul>\n<h6><strong>Documentaci\u00f3 a presentar<\/strong>\u00a0es pot presentar fins el 22\/03\/2023.<\/h6>\n<ul>\n<li>General:\u00a0<a href=\"https:\/\/preinscripcio.gencat.cat\/ca\/estudis\/eso\/informat\/prepara-documentacio\/\" target=\"_blank\" rel=\"noopener\">https:\/\/preinscripcio.gencat.cat\/ca\/estudis\/eso\/informat\/prepara-documentacio\/<\/a><\/li>\n<\/ul>\n<h6>Recomanacions:<\/h6>\n<p>Com has de fer la preinscripci\u00f3 escolar en l\u00ednia?<\/p>\n<div class=\"col-md-6 col-sm-12\"><iframe loading=\"lazy\" src=\"https:\/\/www.youtube.com\/embed\/xwo2A2U-g30\" width=\"100%\" height=\"293\" frameborder=\"0\" allowfullscreen=\"allowfullscreen\" data-mce-fragment=\"1\"><\/iframe><\/div>\n<div class=\"clearfix\"><\/div>\n<ul>\n<li>Com obtenir l\u2019IdCATm\u00f2bil?\u00a0<a href=\"https:\/\/idcatmobil.seu.cat\/\" target=\"_blank\" rel=\"noopener\">https:\/\/idcatmobil.seu.cat\/<\/a><\/li>\n<li>Consultar el codi RALC ALUMNE\u00a0<a href=\"http:\/\/educacio.gencat.cat\/ca\/tramits\/tramits-temes\/identificador-alumne?moda=1\" target=\"_blank\" rel=\"noopener\">http:\/\/educacio.gencat.cat\/ca\/tramits\/tramits-temes\/identificador-alumne?moda=1<\/a><\/li>\n<\/ul>\n<h6>Terminis:<\/h6>\n<ul>\n<li>21\/04\/2023: Publicaci\u00f3 de la llista de sol\u00b7licituds amb la puntuaci\u00f3 provisional.<\/li>\n<li>21\/04\/2023 al 27\/04\/2023: Termini de reclamacions.<\/li>\n<li>03\/05\/2023: Publicaci\u00f3 de la llista amb la puntuaci\u00f3 definitiva.<\/li>\n<li>12\/06\/2023: Publicaci\u00f3 de les llistes d\u2019admesos i la llista d\u2019espera.<\/li>\n<\/ul>\n<h6>Matr\u00edcula:<\/h6>\n<ul>\n<li>20\/06\/2023 al 28\/06\/2023 (ambd\u00f3s inclosos): Per\u00edode de matr\u00edcula.<\/li>\n<\/ul>\n<h6>M\u00e9s informaci\u00f3:<\/h6>\n<ul>\n<li><a href=\"https:\/\/preinscripcio.gencat.cat\/ca\/inici\/\" target=\"_blank\" rel=\"noopener\">https:\/\/preinscripcio.gencat.cat\/ca\/inici\/<\/a><\/li>\n<\/ul>\n<p>&nbsp;<\/p>\n","protected":false},"excerpt":{"rendered":"<p>Aviat comen\u00e7ar\u00e0 la preinscripci\u00f3.<br \/>\n<a href=\"https:\/\/agora.xtec.cat\/sesmcarrascoformiguera-sfc\/wp-content\/uploads\/usu981\/2023\/03\/Cartell-Preinscripcio-curs-2023-2024-1.jpg\"><\/a><\/p>\n<ul>\n<li>08\/03\/2023 al 20\/03\/2023 (ambd\u00f3s inclosos): Presentaci\u00f3 de sol\u00b7licituds, a trav\u00e9s del portal.\n<ul>\n<li><a href=\"https:\/\/ctti.queue-it.net\/?c=ctti&amp;e=preins&amp;t=https%3A%2F%2Faplicacions.ensenyament.gencat.cat%2FGEDAC%2FGEDACSOL_SE_CAT.html\" target=\"_blank\" rel=\"noopener\">Sol\u00b7licitud electr\u00f2nica<\/a><\/li>\n<li><a href=\"https:\/\/ctti.queue-it.net\/?c=ctti&amp;e=preins&amp;t=https%3A%2F%2Faplicacions.ensenyament.gencat.cat%2FGEDAC%2FGEDACSOL_SE_MOD_CAT.html\" target=\"_blank\" rel=\"noopener\">Modificaci\u00f3 sol\u00b7licitud electr\u00f2nica i\/o presentaci\u00f3 de la documentaci\u00f3<\/a><\/li>\n<li><a href=\"https:\/\/ctti.queue-it.net\/?c=ctti&amp;e=qpreinscripcioapexpr&amp;t=https%3A%2F%2Faplicacions.ensenyament.gencat.cat%2FGEDAC%2FGEDACSOL_SI_CAT.html\" target=\"_blank\" rel=\"noopener\">Sol\u00b7licitud suport inform\u00e0tic<\/a><\/li>\n<li><a href=\"https:\/\/ctti.queue-it.net\/?c=ctti&amp;e=qpreinscripcioapexpr&amp;t=https%3A%2F%2Faplicacions.ensenyament.gencat.cat%2FGEDAC%2FGEDACSOL_SI_MOD_CAT.html\" target=\"_blank\" rel=\"noopener\">Modificaci\u00f3 sol\u00b7licitud suport inform\u00e0tic i\/o presentaci\u00f3 de la&hellip;  <a href=\"https:\/\/agora.xtec.cat\/sesmcarrascoformiguera-sfc\/general\/comenca-la-preinscripcio-curs-2023-2024\/\" title=\"Read Comen\u00e7a la preinscripci\u00f3 curs 2023 &#8211; 2024!\">Llegeix m\u00e9s\u00bb<\/a><br \/>\n","protected":false},"author":26,"featured_media":4569,"comment_status":"open","ping_status":"closed","sticky":false,"template":"","format":"standard","meta":{"_bbp_topic_count":0,"_bbp_reply_count":0,"_bbp_total_topic_count":0,"_bbp_total_reply_count":0,"_bbp_voice_count":0,"_bbp_anonymous_reply_count":0,"_bbp_topic_count_hidden":0,"_bbp_reply_count_hidden":0,"_bbp_forum_subforum_count":0,"footnotes":""},"categories":[1,29],"tags":[213],"class_list":["post-4552","post","type-post","status-publish","format-standard","has-post-thumbnail","hentry","category-general","category-portada","tag-preinscripcio"],"post_mailing_queue_ids":[],"_links":{"self":[{"href":"https:\/\/agora.xtec.cat\/sesmcarrascoformiguera-sfc\/wp-json\/wp\/v2\/posts\/4552","targetHints":{"allow":["GET"]}}],"collection":[{"href":"https:\/\/agora.xtec.cat\/sesmcarrascoformiguera-sfc\/wp-json\/wp\/v2\/posts"}],"about":[{"href":"https:\/\/agora.xtec.cat\/sesmcarrascoformiguera-sfc\/wp-json\/wp\/v2\/types\/post"}],"author":[{"embeddable":true,"href":"https:\/\/agora.xtec.cat\/sesmcarrascoformiguera-sfc\/wp-json\/wp\/v2\/users\/26"}],"replies":[{"embeddable":true,"href":"https:\/\/agora.xtec.cat\/sesmcarrascoformiguera-sfc\/wp-json\/wp\/v2\/comments?post=4552"}],"version-history":[{"count":3,"href":"https:\/\/agora.xtec.cat\/sesmcarrascoformiguera-sfc\/wp-json\/wp\/v2\/posts\/4552\/revisions"}],"predecessor-version":[{"id":4570,"href":"https:\/\/agora.xtec.cat\/sesmcarrascoformiguera-sfc\/wp-json\/wp\/v2\/posts\/4552\/revisions\/4570"}],"wp:featuredmedia":[{"embeddable":true,"href":"https:\/\/agora.xtec.cat\/sesmcarrascoformiguera-sfc\/wp-json\/wp\/v2\/media\/4569"}],"wp:attachment":[{"href":"https:\/\/agora.xtec.cat\/sesmcarrascoformiguera-sfc\/wp-json\/wp\/v2\/media?parent=4552"}],"wp:term":[{"taxonomy":"category","embeddable":true,"href":"https:\/\/agora.xtec.cat\/sesmcarrascoformiguera-sfc\/wp-json\/wp\/v2\/categories?post=4552"},{"taxonomy":"post_tag","embeddable":true,"href":"https:\/\/agora.xtec.cat\/sesmcarrascoformiguera-sfc\/wp-json\/wp\/v2\/tags?post=4552"}],"curies":[{"name":"wp","href":"https:\/\/api.w.org\/{rel}","templated":true}]}}