{"id":4521,"date":"2023-02-28T19:05:03","date_gmt":"2023-02-28T18:05:03","guid":{"rendered":"https:\/\/agora.xtec.cat\/sesmcarrascoformiguera-sfc\/?p=4521"},"modified":"2023-02-28T19:06:21","modified_gmt":"2023-02-28T18:06:21","slug":"un-pas-cap-a-la-secundaria-portes-obertes","status":"publish","type":"post","link":"https:\/\/agora.xtec.cat\/sesmcarrascoformiguera-sfc\/general\/un-pas-cap-a-la-secundaria-portes-obertes\/","title":{"rendered":"&#8220;Un pas cap a la secund\u00e0ria&#8221; (Portes Obertes)"},"content":{"rendered":"<p style=\"font-weight: 400; text-align: justify;\">Dins de les jornades de portes obertes, divendres 24 de febrer vam rebre a l&#8217;Institut l&#8217;alumnat de 6\u00e8 amb la xerrada <em>Un pas cap a la secund\u00e0ria<\/em>. Despr\u00e9s, els nens i les nenes van fer un tomb pel nostre centre guiats per alumnes de 1r i 4t d&#8217;ESO.<\/p>\n<p style=\"font-weight: 400; text-align: justify;\">I el dissabte 25 al mat\u00ed, vam portar a terme la les Portes Obertes dedicades a les fam\u00edlies i alumnes que volen con\u00e8ixer el nostre projecte educatiu.<\/p>\n<figure class=\"figure wp-caption aligncenter\"><a href=\"https:\/\/agora.xtec.cat\/sesmcarrascoformiguera-sfc\/wp-content\/uploads\/usu981\/2023\/02\/image_6487327.jpg\"><img loading=\"lazy\" decoding=\"async\" class=\"size-medium wp-image-4525\" src=\"https:\/\/agora.xtec.cat\/sesmcarrascoformiguera-sfc\/wp-content\/uploads\/usu981\/2023\/02\/image_6487327-300x297.jpg\" alt=\"\" width=\"300\" height=\"297\" srcset=\"https:\/\/agora.xtec.cat\/sesmcarrascoformiguera-sfc\/wp-content\/uploads\/usu981\/2023\/02\/image_6487327-300x297.jpg 300w, https:\/\/agora.xtec.cat\/sesmcarrascoformiguera-sfc\/wp-content\/uploads\/usu981\/2023\/02\/image_6487327-150x150.jpg 150w, https:\/\/agora.xtec.cat\/sesmcarrascoformiguera-sfc\/wp-content\/uploads\/usu981\/2023\/02\/image_6487327.jpg 639w\" sizes=\"auto, (max-width: 300px) 100vw, 300px\" \/><\/a><figcaption class=\"wp-caption-text\">L&#8217;Institut d\u00f3na la benvigunda a l&#8217;alumnat de 6\u00e8 de prim\u00e0ria<\/figcaption><\/figure>\n<figure class=\"figure wp-caption aligncenter\"><a href=\"https:\/\/agora.xtec.cat\/sesmcarrascoformiguera-sfc\/wp-content\/uploads\/usu981\/2023\/02\/image_50438913-web.jpg\"><img loading=\"lazy\" decoding=\"async\" class=\"size-medium wp-image-4523\" src=\"https:\/\/agora.xtec.cat\/sesmcarrascoformiguera-sfc\/wp-content\/uploads\/usu981\/2023\/02\/image_50438913-web-300x225.jpg\" alt=\"\" width=\"300\" height=\"225\" srcset=\"https:\/\/agora.xtec.cat\/sesmcarrascoformiguera-sfc\/wp-content\/uploads\/usu981\/2023\/02\/image_50438913-web-300x225.jpg 300w, https:\/\/agora.xtec.cat\/sesmcarrascoformiguera-sfc\/wp-content\/uploads\/usu981\/2023\/02\/image_50438913-web-1024x768.jpg 1024w, https:\/\/agora.xtec.cat\/sesmcarrascoformiguera-sfc\/wp-content\/uploads\/usu981\/2023\/02\/image_50438913-web-768x576.jpg 768w, https:\/\/agora.xtec.cat\/sesmcarrascoformiguera-sfc\/wp-content\/uploads\/usu981\/2023\/02\/image_50438913-web-1536x1152.jpg 1536w, https:\/\/agora.xtec.cat\/sesmcarrascoformiguera-sfc\/wp-content\/uploads\/usu981\/2023\/02\/image_50438913-web-200x150.jpg 200w, https:\/\/agora.xtec.cat\/sesmcarrascoformiguera-sfc\/wp-content\/uploads\/usu981\/2023\/02\/image_50438913-web.jpg 1672w\" sizes=\"auto, (max-width: 300px) 100vw, 300px\" \/><\/a><figcaption class=\"wp-caption-text\">Mostra de la biblioteca de l&#8217;Institut<\/figcaption><\/figure>\n<p>M\u00e9s fotos&#8230;<\/p>\n<p><!--more--><\/p>\n<figure class=\"figure wp-caption aligncenter\"><a href=\"https:\/\/agora.xtec.cat\/sesmcarrascoformiguera-sfc\/wp-content\/uploads\/usu981\/2023\/02\/image_50726401-web.jpg\"><img loading=\"lazy\" decoding=\"async\" class=\"size-medium wp-image-4524\" src=\"https:\/\/agora.xtec.cat\/sesmcarrascoformiguera-sfc\/wp-content\/uploads\/usu981\/2023\/02\/image_50726401-web-300x225.jpg\" alt=\"\" width=\"300\" height=\"225\" srcset=\"https:\/\/agora.xtec.cat\/sesmcarrascoformiguera-sfc\/wp-content\/uploads\/usu981\/2023\/02\/image_50726401-web-300x225.jpg 300w, https:\/\/agora.xtec.cat\/sesmcarrascoformiguera-sfc\/wp-content\/uploads\/usu981\/2023\/02\/image_50726401-web-1024x768.jpg 1024w, https:\/\/agora.xtec.cat\/sesmcarrascoformiguera-sfc\/wp-content\/uploads\/usu981\/2023\/02\/image_50726401-web-768x576.jpg 768w, https:\/\/agora.xtec.cat\/sesmcarrascoformiguera-sfc\/wp-content\/uploads\/usu981\/2023\/02\/image_50726401-web-1536x1152.jpg 1536w, https:\/\/agora.xtec.cat\/sesmcarrascoformiguera-sfc\/wp-content\/uploads\/usu981\/2023\/02\/image_50726401-web-200x150.jpg 200w, https:\/\/agora.xtec.cat\/sesmcarrascoformiguera-sfc\/wp-content\/uploads\/usu981\/2023\/02\/image_50726401-web.jpg 1672w\" sizes=\"auto, (max-width: 300px) 100vw, 300px\" \/><\/a><figcaption class=\"wp-caption-text\">Disseny i art<\/figcaption><\/figure>\n<p>&nbsp;<\/p>\n<figure class=\"figure wp-caption aligncenter\"><a href=\"https:\/\/agora.xtec.cat\/sesmcarrascoformiguera-sfc\/wp-content\/uploads\/usu981\/2023\/02\/image_50418433-web.jpg\"><img loading=\"lazy\" decoding=\"async\" class=\"size-medium wp-image-4522\" src=\"https:\/\/agora.xtec.cat\/sesmcarrascoformiguera-sfc\/wp-content\/uploads\/usu981\/2023\/02\/image_50418433-web-300x225.jpg\" alt=\"\" width=\"300\" height=\"225\" srcset=\"https:\/\/agora.xtec.cat\/sesmcarrascoformiguera-sfc\/wp-content\/uploads\/usu981\/2023\/02\/image_50418433-web-300x225.jpg 300w, https:\/\/agora.xtec.cat\/sesmcarrascoformiguera-sfc\/wp-content\/uploads\/usu981\/2023\/02\/image_50418433-web-1024x768.jpg 1024w, https:\/\/agora.xtec.cat\/sesmcarrascoformiguera-sfc\/wp-content\/uploads\/usu981\/2023\/02\/image_50418433-web-768x576.jpg 768w, https:\/\/agora.xtec.cat\/sesmcarrascoformiguera-sfc\/wp-content\/uploads\/usu981\/2023\/02\/image_50418433-web-1536x1152.jpg 1536w, https:\/\/agora.xtec.cat\/sesmcarrascoformiguera-sfc\/wp-content\/uploads\/usu981\/2023\/02\/image_50418433-web-200x150.jpg 200w, https:\/\/agora.xtec.cat\/sesmcarrascoformiguera-sfc\/wp-content\/uploads\/usu981\/2023\/02\/image_50418433-web.jpg 1672w\" sizes=\"auto, (max-width: 300px) 100vw, 300px\" \/><\/a><figcaption class=\"wp-caption-text\">Els i les nostres volunt\u00e0ries a les Portes Obertes<\/figcaption><\/figure>\n<p style=\"font-weight: 400; text-align: justify;\">Volem agrair la seva col\u00b7laboraci\u00f3 als nostres alumnes voluntaris i volunt\u00e0ries, professorat i AFA que van assistir a les Portes Obertes de l&#8217;Institut i que ens van ajudar a mostrar el nostre centre i explicar les activitats que hi fem.<\/p>\n<p style=\"text-align: justify;\"><span style=\"font-weight: 400;\">Tamb\u00e9 volem agrair la seva assist\u00e8ncia a tot el futur alumnat i les seves fam\u00edlies.<\/span><\/p>\n","protected":false},"excerpt":{"rendered":"<p>Dins de les jornades de portes obertes, divendres 24 de febrer vam rebre a l&#8217;Institut l&#8217;alumnat de 6\u00e8 amb la xerrada Un pas cap a la secund\u00e0ria. Despr\u00e9s, els nens i les nenes van fer un tomb pel nostre centre guiats per alumnes de 1r&hellip;  <a href=\"https:\/\/agora.xtec.cat\/sesmcarrascoformiguera-sfc\/general\/un-pas-cap-a-la-secundaria-portes-obertes\/\" title=\"Read &#8220;Un pas cap a la secund\u00e0ria&#8221; (Portes Obertes)\">Llegeix m\u00e9s\u00bb<\/a><\/p>\n","protected":false},"author":1,"featured_media":0,"comment_status":"open","ping_status":"closed","sticky":false,"template":"","format":"standard","meta":{"_bbp_topic_count":0,"_bbp_reply_count":0,"_bbp_total_topic_count":0,"_bbp_total_reply_count":0,"_bbp_voice_count":0,"_bbp_anonymous_reply_count":0,"_bbp_topic_count_hidden":0,"_bbp_reply_count_hidden":0,"_bbp_forum_subforum_count":0,"footnotes":""},"categories":[196,3,1,29],"tags":[200,205,202,197,201,186,203,198,199,204],"class_list":["post-4521","post","type-post","status-publish","format-standard","hentry","category-afa","category-eso","category-general","category-portada","tag-6e","tag-alumnes","tag-families","tag-portes-obertes","tag-primaria","tag-professorat","tag-projecte-educatiu","tag-secundaria","tag-sise","tag-voluntariat"],"post_mailing_queue_ids":[],"_links":{"self":[{"href":"https:\/\/agora.xtec.cat\/sesmcarrascoformiguera-sfc\/wp-json\/wp\/v2\/posts\/4521","targetHints":{"allow":["GET"]}}],"collection":[{"href":"https:\/\/agora.xtec.cat\/sesmcarrascoformiguera-sfc\/wp-json\/wp\/v2\/posts"}],"about":[{"href":"https:\/\/agora.xtec.cat\/sesmcarrascoformiguera-sfc\/wp-json\/wp\/v2\/types\/post"}],"author":[{"embeddable":true,"href":"https:\/\/agora.xtec.cat\/sesmcarrascoformiguera-sfc\/wp-json\/wp\/v2\/users\/1"}],"replies":[{"embeddable":true,"href":"https:\/\/agora.xtec.cat\/sesmcarrascoformiguera-sfc\/wp-json\/wp\/v2\/comments?post=4521"}],"version-history":[{"count":3,"href":"https:\/\/agora.xtec.cat\/sesmcarrascoformiguera-sfc\/wp-json\/wp\/v2\/posts\/4521\/revisions"}],"predecessor-version":[{"id":4528,"href":"https:\/\/agora.xtec.cat\/sesmcarrascoformiguera-sfc\/wp-json\/wp\/v2\/posts\/4521\/revisions\/4528"}],"wp:attachment":[{"href":"https:\/\/agora.xtec.cat\/sesmcarrascoformiguera-sfc\/wp-json\/wp\/v2\/media?parent=4521"}],"wp:term":[{"taxonomy":"category","embeddable":true,"href":"https:\/\/agora.xtec.cat\/sesmcarrascoformiguera-sfc\/wp-json\/wp\/v2\/categories?post=4521"},{"taxonomy":"post_tag","embeddable":true,"href":"https:\/\/agora.xtec.cat\/sesmcarrascoformiguera-sfc\/wp-json\/wp\/v2\/tags?post=4521"}],"curies":[{"name":"wp","href":"https:\/\/api.w.org\/{rel}","templated":true}]}}