{"id":4514,"date":"2023-02-28T18:39:42","date_gmt":"2023-02-28T17:39:42","guid":{"rendered":"https:\/\/agora.xtec.cat\/sesmcarrascoformiguera-sfc\/?p=4514"},"modified":"2023-02-28T18:44:18","modified_gmt":"2023-02-28T17:44:18","slug":"esmorzar-popular-a-lescudella-de-carnestoltes","status":"publish","type":"post","link":"https:\/\/agora.xtec.cat\/sesmcarrascoformiguera-sfc\/general\/esmorzar-popular-a-lescudella-de-carnestoltes\/","title":{"rendered":"Esmorzar popular a l'&#8221;Escudella de Carnestoltes&#8221;"},"content":{"rendered":"<p style=\"text-align: justify;\">El passat dimarts 21 de febrer, el nostre alumnat i professorat vam baixar a la pla\u00e7a del poble on, com cada any, es va celebrar la tradicional escudella de Carnestoltes i ens van convidar a pa amb oli i botifarra o xocolata.<\/p>\n<p style=\"text-align: justify;\">A m\u00e9s, dos alumnes de l&#8217;Aula Natura, dins del projecte d&#8217;experi\u00e8ncies laborals, van col.laborar amb l&#8217;associaci\u00f3 preparant els esmorzars.<\/p>\n<figure class=\"figure wp-caption aligncenter\"><a href=\"https:\/\/agora.xtec.cat\/sesmcarrascoformiguera-sfc\/wp-content\/uploads\/usu981\/2023\/02\/image_50454785-scaled.jpg\"><img loading=\"lazy\" decoding=\"async\" class=\"size-medium wp-image-4515\" src=\"https:\/\/agora.xtec.cat\/sesmcarrascoformiguera-sfc\/wp-content\/uploads\/usu981\/2023\/02\/image_50454785-300x184.jpg\" alt=\"\" width=\"300\" height=\"184\" srcset=\"https:\/\/agora.xtec.cat\/sesmcarrascoformiguera-sfc\/wp-content\/uploads\/usu981\/2023\/02\/image_50454785-300x184.jpg 300w, https:\/\/agora.xtec.cat\/sesmcarrascoformiguera-sfc\/wp-content\/uploads\/usu981\/2023\/02\/image_50454785-1024x630.jpg 1024w, https:\/\/agora.xtec.cat\/sesmcarrascoformiguera-sfc\/wp-content\/uploads\/usu981\/2023\/02\/image_50454785-768x472.jpg 768w, https:\/\/agora.xtec.cat\/sesmcarrascoformiguera-sfc\/wp-content\/uploads\/usu981\/2023\/02\/image_50454785-1536x944.jpg 1536w, https:\/\/agora.xtec.cat\/sesmcarrascoformiguera-sfc\/wp-content\/uploads\/usu981\/2023\/02\/image_50454785-2048x1259.jpg 2048w\" sizes=\"auto, (max-width: 300px) 100vw, 300px\" \/><\/a><figcaption class=\"wp-caption-text\">L&#8217;Institut a l&#8217;esmorzar popular de Carnestoltes a la pla\u00e7a Josep Umbert Ventura<\/figcaption><\/figure>\n<p>&nbsp;<\/p>\n<figure class=\"figure wp-caption aligncenter\"><a href=\"https:\/\/agora.xtec.cat\/sesmcarrascoformiguera-sfc\/wp-content\/uploads\/usu981\/2023\/02\/image_50447361-web.jpg\"><img loading=\"lazy\" decoding=\"async\" class=\"size-medium wp-image-4516\" src=\"https:\/\/agora.xtec.cat\/sesmcarrascoformiguera-sfc\/wp-content\/uploads\/usu981\/2023\/02\/image_50447361-web-300x225.jpg\" alt=\"\" width=\"300\" height=\"225\" srcset=\"https:\/\/agora.xtec.cat\/sesmcarrascoformiguera-sfc\/wp-content\/uploads\/usu981\/2023\/02\/image_50447361-web-300x225.jpg 300w, https:\/\/agora.xtec.cat\/sesmcarrascoformiguera-sfc\/wp-content\/uploads\/usu981\/2023\/02\/image_50447361-web-1024x768.jpg 1024w, https:\/\/agora.xtec.cat\/sesmcarrascoformiguera-sfc\/wp-content\/uploads\/usu981\/2023\/02\/image_50447361-web-768x576.jpg 768w, https:\/\/agora.xtec.cat\/sesmcarrascoformiguera-sfc\/wp-content\/uploads\/usu981\/2023\/02\/image_50447361-web-1536x1152.jpg 1536w, https:\/\/agora.xtec.cat\/sesmcarrascoformiguera-sfc\/wp-content\/uploads\/usu981\/2023\/02\/image_50447361-web-200x150.jpg 200w, https:\/\/agora.xtec.cat\/sesmcarrascoformiguera-sfc\/wp-content\/uploads\/usu981\/2023\/02\/image_50447361-web.jpg 1672w\" sizes=\"auto, (max-width: 300px) 100vw, 300px\" \/><\/a><figcaption class=\"wp-caption-text\">Alumnes de l&#8217;Aula Natura preparen esmorzars a Carnestoltes com a experi\u00e8ncia laboral<\/figcaption><\/figure>\n<p><!--more--><\/p>\n<p style=\"text-align: justify;\">Pr\u00e8viament, a tutoria, dins del nostre projecte d&#8217;apadrinament, els i les alumnes de primer i quart van preparar m\u00e0scares conjuntament per baixar plegats a la pla\u00e7a.<\/p>\n<p style=\"text-align: justify;\">Gr\u00e0cies als Amics de l&#8217;Escudella per acostar els i les nostres joves, a tradicions tant arrelades a Sant Feliu.<\/p>\n","protected":false},"excerpt":{"rendered":"<p>El passat dimarts 21 de febrer, el nostre alumnat i professorat vam baixar a la pla\u00e7a del poble on, com cada any, es va celebrar la tradicional escudella de Carnestoltes i ens van convidar a pa amb oli i botifarra o xocolata.<br \/>\nA m\u00e9s, dos alumnes&hellip;  <a href=\"https:\/\/agora.xtec.cat\/sesmcarrascoformiguera-sfc\/general\/esmorzar-popular-a-lescudella-de-carnestoltes\/\" title=\"Read Esmorzar popular a l'&#8221;Escudella de Carnestoltes&#8221;\">Llegeix m\u00e9s\u00bb<\/a><\/p>\n","protected":false},"author":1,"featured_media":0,"comment_status":"open","ping_status":"closed","sticky":false,"template":"","format":"standard","meta":{"_bbp_topic_count":0,"_bbp_reply_count":0,"_bbp_total_topic_count":0,"_bbp_total_reply_count":0,"_bbp_voice_count":0,"_bbp_anonymous_reply_count":0,"_bbp_topic_count_hidden":0,"_bbp_reply_count_hidden":0,"_bbp_forum_subforum_count":0,"footnotes":""},"categories":[128,3,1,29],"tags":[185,195,193,190,184,187,189,194,188,192,186,191],"class_list":["post-4514","post","type-post","status-publish","format-standard","hentry","category-anatura","category-eso","category-general","category-portada","tag-alumnat","tag-amics-de-lescudella","tag-aula-natura","tag-botifarrada","tag-carnestoltes","tag-escudella","tag-esmorzar","tag-experiencia-laboral","tag-fem-poble","tag-popular","tag-professorat","tag-xocolatada"],"post_mailing_queue_ids":[],"_links":{"self":[{"href":"https:\/\/agora.xtec.cat\/sesmcarrascoformiguera-sfc\/wp-json\/wp\/v2\/posts\/4514","targetHints":{"allow":["GET"]}}],"collection":[{"href":"https:\/\/agora.xtec.cat\/sesmcarrascoformiguera-sfc\/wp-json\/wp\/v2\/posts"}],"about":[{"href":"https:\/\/agora.xtec.cat\/sesmcarrascoformiguera-sfc\/wp-json\/wp\/v2\/types\/post"}],"author":[{"embeddable":true,"href":"https:\/\/agora.xtec.cat\/sesmcarrascoformiguera-sfc\/wp-json\/wp\/v2\/users\/1"}],"replies":[{"embeddable":true,"href":"https:\/\/agora.xtec.cat\/sesmcarrascoformiguera-sfc\/wp-json\/wp\/v2\/comments?post=4514"}],"version-history":[{"count":3,"href":"https:\/\/agora.xtec.cat\/sesmcarrascoformiguera-sfc\/wp-json\/wp\/v2\/posts\/4514\/revisions"}],"predecessor-version":[{"id":4520,"href":"https:\/\/agora.xtec.cat\/sesmcarrascoformiguera-sfc\/wp-json\/wp\/v2\/posts\/4514\/revisions\/4520"}],"wp:attachment":[{"href":"https:\/\/agora.xtec.cat\/sesmcarrascoformiguera-sfc\/wp-json\/wp\/v2\/media?parent=4514"}],"wp:term":[{"taxonomy":"category","embeddable":true,"href":"https:\/\/agora.xtec.cat\/sesmcarrascoformiguera-sfc\/wp-json\/wp\/v2\/categories?post=4514"},{"taxonomy":"post_tag","embeddable":true,"href":"https:\/\/agora.xtec.cat\/sesmcarrascoformiguera-sfc\/wp-json\/wp\/v2\/tags?post=4514"}],"curies":[{"name":"wp","href":"https:\/\/api.w.org\/{rel}","templated":true}]}}