{"id":4423,"date":"2023-01-18T18:31:22","date_gmt":"2023-01-18T17:31:22","guid":{"rendered":"https:\/\/agora.xtec.cat\/sesmcarrascoformiguera-sfc\/?p=4423"},"modified":"2023-01-27T09:09:54","modified_gmt":"2023-01-27T08:09:54","slug":"taller-de-reptils-i-amb-reptils","status":"publish","type":"post","link":"https:\/\/agora.xtec.cat\/sesmcarrascoformiguera-sfc\/general\/taller-de-reptils-i-amb-reptils\/","title":{"rendered":"Taller de r\u00e8ptils i amb r\u00e8ptils"},"content":{"rendered":"<p style=\"text-align: justify;\">El passat dilluns 9 de gener, l&#8217;alumnat de 1r i de 3r d\u2019ESO va realitzar un taller de r\u00e8ptils, amfibis i ar\u00e0cnids ex\u00f2tics al propi Centre -activitat de la mat\u00e8ria de Biologia. En aquest taller, i sempre amb les mesures de seguretat adequades i id\u00f2nies, han vist i, en alguns casos, han pogut tocar -qui ho ha desitjat- aquests animals, per con\u00e8ixer per pr\u00f2pia experi\u00e8ncia com \u00e9s la seva pell, la seva textura, si s\u00f3n escamosos o llisos, si la pell \u00e9s dura o tova. Per exemple, han pogut tocar unes serps, per notar la seva pell escamosa, el seu cos fred, com es retor\u00e7a la seva columna vertebral en despla\u00e7ar-se, etc&#8230;<\/p>\n<p><a href=\"https:\/\/agora.xtec.cat\/sesmcarrascoformiguera-sfc\/wp-content\/uploads\/usu981\/2023\/01\/IMG_20230109_132342-scaled.jpg\"><img loading=\"lazy\" decoding=\"async\" class=\"aligncenter size-medium wp-image-4425\" src=\"https:\/\/agora.xtec.cat\/sesmcarrascoformiguera-sfc\/wp-content\/uploads\/usu981\/2023\/01\/IMG_20230109_132342-300x139.jpg\" alt=\"\" width=\"300\" height=\"139\" srcset=\"https:\/\/agora.xtec.cat\/sesmcarrascoformiguera-sfc\/wp-content\/uploads\/usu981\/2023\/01\/IMG_20230109_132342-300x139.jpg 300w, https:\/\/agora.xtec.cat\/sesmcarrascoformiguera-sfc\/wp-content\/uploads\/usu981\/2023\/01\/IMG_20230109_132342-1024x473.jpg 1024w, https:\/\/agora.xtec.cat\/sesmcarrascoformiguera-sfc\/wp-content\/uploads\/usu981\/2023\/01\/IMG_20230109_132342-768x355.jpg 768w, https:\/\/agora.xtec.cat\/sesmcarrascoformiguera-sfc\/wp-content\/uploads\/usu981\/2023\/01\/IMG_20230109_132342-1536x710.jpg 1536w, https:\/\/agora.xtec.cat\/sesmcarrascoformiguera-sfc\/wp-content\/uploads\/usu981\/2023\/01\/IMG_20230109_132342-2048x946.jpg 2048w\" sizes=\"auto, (max-width: 300px) 100vw, 300px\" \/><\/a><\/p>\n<p style=\"text-align: justify;\">IMPORTANT: ELS ANIMALS DEL TALLER NO S\u00d3N ESP\u00c8CIES CAPTURADES DE LA NATURA. S\u00d3N ANIMALS CRIATS EN \u00a0CAPTIVITAT. INSCRITS COM A NUCLI ZOOL\u00d2GIC I AMB LA DOCUMENTACI\u00d3 LEGAL.<\/p>\n<p><!--more--><\/p>\n<p style=\"text-align: justify;\">La funci\u00f3 del taller no nom\u00e9s ha estat divulgativa i formativa, sin\u00f3 tamb\u00e9, civicoecol\u00f2gica i de presa de consci\u00e8ncia: se&#8217;ls ha fet saber sobre l&#8217;error, cada vegada m\u00e9s habitual, de pensar que aquests animals es poden tenir com a mascotes, ja que, al poc temps, ens adonem que aix\u00f2 no \u00e9s possible i acabem abandonant-los a la Natura, creant seriosos problemes en un entorn que no \u00e9s l&#8217;adequat, perqu\u00e8 tots aquests animals, els ex\u00f2tics, s\u00f3n el que anomenem esp\u00e8cies invasores, i a m\u00e9s, en alguns casos, suposen un perill per a les persones.<\/p>\n<p style=\"text-align: justify;\">Hem conegut animals tan fabulosos com la boa constrictor, la tar\u00e0ntula, la iguana i la tortuga caim\u00e0, entre d&#8217;altres.<\/p>\n<p><img loading=\"lazy\" decoding=\"async\" class=\"aligncenter size-medium wp-image-4426\" src=\"https:\/\/agora.xtec.cat\/sesmcarrascoformiguera-sfc\/wp-content\/uploads\/usu981\/2023\/01\/IMG_20230109_125540-139x300.jpg\" alt=\"\" width=\"139\" height=\"300\" srcset=\"https:\/\/agora.xtec.cat\/sesmcarrascoformiguera-sfc\/wp-content\/uploads\/usu981\/2023\/01\/IMG_20230109_125540-139x300.jpg 139w, https:\/\/agora.xtec.cat\/sesmcarrascoformiguera-sfc\/wp-content\/uploads\/usu981\/2023\/01\/IMG_20230109_125540-473x1024.jpg 473w, https:\/\/agora.xtec.cat\/sesmcarrascoformiguera-sfc\/wp-content\/uploads\/usu981\/2023\/01\/IMG_20230109_125540-768x1663.jpg 768w, https:\/\/agora.xtec.cat\/sesmcarrascoformiguera-sfc\/wp-content\/uploads\/usu981\/2023\/01\/IMG_20230109_125540-710x1536.jpg 710w, https:\/\/agora.xtec.cat\/sesmcarrascoformiguera-sfc\/wp-content\/uploads\/usu981\/2023\/01\/IMG_20230109_125540-946x2048.jpg 946w, https:\/\/agora.xtec.cat\/sesmcarrascoformiguera-sfc\/wp-content\/uploads\/usu981\/2023\/01\/IMG_20230109_125540-scaled.jpg 1183w\" sizes=\"auto, (max-width: 139px) 100vw, 139px\" \/><\/p>\n<p><a href=\"https:\/\/agora.xtec.cat\/sesmcarrascoformiguera-sfc\/wp-content\/uploads\/usu981\/2023\/01\/IMG_20230109_125410-scaled.jpg\"><img loading=\"lazy\" decoding=\"async\" class=\"aligncenter size-medium wp-image-4427\" src=\"https:\/\/agora.xtec.cat\/sesmcarrascoformiguera-sfc\/wp-content\/uploads\/usu981\/2023\/01\/IMG_20230109_125410-139x300.jpg\" alt=\"\" width=\"139\" height=\"300\" srcset=\"https:\/\/agora.xtec.cat\/sesmcarrascoformiguera-sfc\/wp-content\/uploads\/usu981\/2023\/01\/IMG_20230109_125410-139x300.jpg 139w, https:\/\/agora.xtec.cat\/sesmcarrascoformiguera-sfc\/wp-content\/uploads\/usu981\/2023\/01\/IMG_20230109_125410-473x1024.jpg 473w, https:\/\/agora.xtec.cat\/sesmcarrascoformiguera-sfc\/wp-content\/uploads\/usu981\/2023\/01\/IMG_20230109_125410-768x1663.jpg 768w, https:\/\/agora.xtec.cat\/sesmcarrascoformiguera-sfc\/wp-content\/uploads\/usu981\/2023\/01\/IMG_20230109_125410-710x1536.jpg 710w, https:\/\/agora.xtec.cat\/sesmcarrascoformiguera-sfc\/wp-content\/uploads\/usu981\/2023\/01\/IMG_20230109_125410-946x2048.jpg 946w, https:\/\/agora.xtec.cat\/sesmcarrascoformiguera-sfc\/wp-content\/uploads\/usu981\/2023\/01\/IMG_20230109_125410-scaled.jpg 1183w\" sizes=\"auto, (max-width: 139px) 100vw, 139px\" \/><\/a><\/p>\n<p><a href=\"https:\/\/agora.xtec.cat\/sesmcarrascoformiguera-sfc\/wp-content\/uploads\/usu981\/2023\/01\/IMG_20230109_123923-scaled.jpg\"><img loading=\"lazy\" decoding=\"async\" class=\"aligncenter size-medium wp-image-4428\" src=\"https:\/\/agora.xtec.cat\/sesmcarrascoformiguera-sfc\/wp-content\/uploads\/usu981\/2023\/01\/IMG_20230109_123923-139x300.jpg\" alt=\"\" width=\"139\" height=\"300\" srcset=\"https:\/\/agora.xtec.cat\/sesmcarrascoformiguera-sfc\/wp-content\/uploads\/usu981\/2023\/01\/IMG_20230109_123923-139x300.jpg 139w, https:\/\/agora.xtec.cat\/sesmcarrascoformiguera-sfc\/wp-content\/uploads\/usu981\/2023\/01\/IMG_20230109_123923-473x1024.jpg 473w, https:\/\/agora.xtec.cat\/sesmcarrascoformiguera-sfc\/wp-content\/uploads\/usu981\/2023\/01\/IMG_20230109_123923-768x1663.jpg 768w, https:\/\/agora.xtec.cat\/sesmcarrascoformiguera-sfc\/wp-content\/uploads\/usu981\/2023\/01\/IMG_20230109_123923-710x1536.jpg 710w, https:\/\/agora.xtec.cat\/sesmcarrascoformiguera-sfc\/wp-content\/uploads\/usu981\/2023\/01\/IMG_20230109_123923-946x2048.jpg 946w, https:\/\/agora.xtec.cat\/sesmcarrascoformiguera-sfc\/wp-content\/uploads\/usu981\/2023\/01\/IMG_20230109_123923-scaled.jpg 1183w\" sizes=\"auto, (max-width: 139px) 100vw, 139px\" \/><\/a><\/p>\n<p><a href=\"https:\/\/agora.xtec.cat\/sesmcarrascoformiguera-sfc\/wp-content\/uploads\/usu981\/2023\/01\/IMG_20230109_110642-scaled.jpg\"><img loading=\"lazy\" decoding=\"async\" class=\"aligncenter size-medium wp-image-4429\" src=\"https:\/\/agora.xtec.cat\/sesmcarrascoformiguera-sfc\/wp-content\/uploads\/usu981\/2023\/01\/IMG_20230109_110642-139x300.jpg\" alt=\"\" width=\"139\" height=\"300\" srcset=\"https:\/\/agora.xtec.cat\/sesmcarrascoformiguera-sfc\/wp-content\/uploads\/usu981\/2023\/01\/IMG_20230109_110642-139x300.jpg 139w, https:\/\/agora.xtec.cat\/sesmcarrascoformiguera-sfc\/wp-content\/uploads\/usu981\/2023\/01\/IMG_20230109_110642-473x1024.jpg 473w, https:\/\/agora.xtec.cat\/sesmcarrascoformiguera-sfc\/wp-content\/uploads\/usu981\/2023\/01\/IMG_20230109_110642-768x1663.jpg 768w, https:\/\/agora.xtec.cat\/sesmcarrascoformiguera-sfc\/wp-content\/uploads\/usu981\/2023\/01\/IMG_20230109_110642-710x1536.jpg 710w, https:\/\/agora.xtec.cat\/sesmcarrascoformiguera-sfc\/wp-content\/uploads\/usu981\/2023\/01\/IMG_20230109_110642-946x2048.jpg 946w, https:\/\/agora.xtec.cat\/sesmcarrascoformiguera-sfc\/wp-content\/uploads\/usu981\/2023\/01\/IMG_20230109_110642-scaled.jpg 1183w\" sizes=\"auto, (max-width: 139px) 100vw, 139px\" \/><\/a><\/p>\n<p><a href=\"https:\/\/agora.xtec.cat\/sesmcarrascoformiguera-sfc\/wp-content\/uploads\/usu981\/2023\/01\/IMG_20230109_110245-scaled.jpg\"><img loading=\"lazy\" decoding=\"async\" class=\"aligncenter size-medium wp-image-4430\" src=\"https:\/\/agora.xtec.cat\/sesmcarrascoformiguera-sfc\/wp-content\/uploads\/usu981\/2023\/01\/IMG_20230109_110245-139x300.jpg\" alt=\"\" width=\"139\" height=\"300\" srcset=\"https:\/\/agora.xtec.cat\/sesmcarrascoformiguera-sfc\/wp-content\/uploads\/usu981\/2023\/01\/IMG_20230109_110245-139x300.jpg 139w, https:\/\/agora.xtec.cat\/sesmcarrascoformiguera-sfc\/wp-content\/uploads\/usu981\/2023\/01\/IMG_20230109_110245-473x1024.jpg 473w, https:\/\/agora.xtec.cat\/sesmcarrascoformiguera-sfc\/wp-content\/uploads\/usu981\/2023\/01\/IMG_20230109_110245-768x1663.jpg 768w, https:\/\/agora.xtec.cat\/sesmcarrascoformiguera-sfc\/wp-content\/uploads\/usu981\/2023\/01\/IMG_20230109_110245-710x1536.jpg 710w, https:\/\/agora.xtec.cat\/sesmcarrascoformiguera-sfc\/wp-content\/uploads\/usu981\/2023\/01\/IMG_20230109_110245-946x2048.jpg 946w, https:\/\/agora.xtec.cat\/sesmcarrascoformiguera-sfc\/wp-content\/uploads\/usu981\/2023\/01\/IMG_20230109_110245-scaled.jpg 1183w\" sizes=\"auto, (max-width: 139px) 100vw, 139px\" \/><\/a><\/p>\n<p><a href=\"https:\/\/agora.xtec.cat\/sesmcarrascoformiguera-sfc\/wp-content\/uploads\/usu981\/2023\/01\/IMG_20230109_105703-scaled.jpg\"><img loading=\"lazy\" decoding=\"async\" class=\"aligncenter size-medium wp-image-4431\" src=\"https:\/\/agora.xtec.cat\/sesmcarrascoformiguera-sfc\/wp-content\/uploads\/usu981\/2023\/01\/IMG_20230109_105703-139x300.jpg\" alt=\"\" width=\"139\" height=\"300\" srcset=\"https:\/\/agora.xtec.cat\/sesmcarrascoformiguera-sfc\/wp-content\/uploads\/usu981\/2023\/01\/IMG_20230109_105703-139x300.jpg 139w, https:\/\/agora.xtec.cat\/sesmcarrascoformiguera-sfc\/wp-content\/uploads\/usu981\/2023\/01\/IMG_20230109_105703-473x1024.jpg 473w, https:\/\/agora.xtec.cat\/sesmcarrascoformiguera-sfc\/wp-content\/uploads\/usu981\/2023\/01\/IMG_20230109_105703-768x1663.jpg 768w, https:\/\/agora.xtec.cat\/sesmcarrascoformiguera-sfc\/wp-content\/uploads\/usu981\/2023\/01\/IMG_20230109_105703-710x1536.jpg 710w, https:\/\/agora.xtec.cat\/sesmcarrascoformiguera-sfc\/wp-content\/uploads\/usu981\/2023\/01\/IMG_20230109_105703-946x2048.jpg 946w, https:\/\/agora.xtec.cat\/sesmcarrascoformiguera-sfc\/wp-content\/uploads\/usu981\/2023\/01\/IMG_20230109_105703-scaled.jpg 1183w\" sizes=\"auto, (max-width: 139px) 100vw, 139px\" \/><\/a><\/p>\n<p><a href=\"https:\/\/agora.xtec.cat\/sesmcarrascoformiguera-sfc\/wp-content\/uploads\/usu981\/2023\/01\/IMG_20230109_104221-scaled.jpg\"><img loading=\"lazy\" decoding=\"async\" class=\"aligncenter size-medium wp-image-4432\" src=\"https:\/\/agora.xtec.cat\/sesmcarrascoformiguera-sfc\/wp-content\/uploads\/usu981\/2023\/01\/IMG_20230109_104221-139x300.jpg\" alt=\"\" width=\"139\" height=\"300\" srcset=\"https:\/\/agora.xtec.cat\/sesmcarrascoformiguera-sfc\/wp-content\/uploads\/usu981\/2023\/01\/IMG_20230109_104221-139x300.jpg 139w, https:\/\/agora.xtec.cat\/sesmcarrascoformiguera-sfc\/wp-content\/uploads\/usu981\/2023\/01\/IMG_20230109_104221-473x1024.jpg 473w, https:\/\/agora.xtec.cat\/sesmcarrascoformiguera-sfc\/wp-content\/uploads\/usu981\/2023\/01\/IMG_20230109_104221-768x1663.jpg 768w, https:\/\/agora.xtec.cat\/sesmcarrascoformiguera-sfc\/wp-content\/uploads\/usu981\/2023\/01\/IMG_20230109_104221-710x1536.jpg 710w, https:\/\/agora.xtec.cat\/sesmcarrascoformiguera-sfc\/wp-content\/uploads\/usu981\/2023\/01\/IMG_20230109_104221-946x2048.jpg 946w, https:\/\/agora.xtec.cat\/sesmcarrascoformiguera-sfc\/wp-content\/uploads\/usu981\/2023\/01\/IMG_20230109_104221-scaled.jpg 1183w\" sizes=\"auto, (max-width: 139px) 100vw, 139px\" \/><\/a><\/p>\n","protected":false},"excerpt":{"rendered":"<p>El passat dilluns 9 de gener, l&#8217;alumnat de 1r i de 3r d\u2019ESO va realitzar un taller de r\u00e8ptils, amfibis i ar\u00e0cnids ex\u00f2tics al propi Centre -activitat de la mat\u00e8ria de Biologia. En aquest taller, i sempre amb les mesures de seguretat adequades i id\u00f2nies,&hellip;  <a href=\"https:\/\/agora.xtec.cat\/sesmcarrascoformiguera-sfc\/general\/taller-de-reptils-i-amb-reptils\/\" title=\"Read Taller de r\u00e8ptils i amb r\u00e8ptils\">Llegeix m\u00e9s\u00bb<\/a><\/p>\n","protected":false},"author":1,"featured_media":0,"comment_status":"open","ping_status":"closed","sticky":false,"template":"","format":"standard","meta":{"_bbp_topic_count":0,"_bbp_reply_count":0,"_bbp_total_topic_count":0,"_bbp_total_reply_count":0,"_bbp_voice_count":0,"_bbp_anonymous_reply_count":0,"_bbp_topic_count_hidden":0,"_bbp_reply_count_hidden":0,"_bbp_forum_subforum_count":0,"footnotes":""},"categories":[4,6,1,29],"tags":[166,170,167,169,171,168,165,172],"class_list":["post-4423","post","type-post","status-publish","format-standard","hentry","category-eso-1","category-eso-3","category-general","category-portada","tag-amfibis","tag-animals","tag-aracnids","tag-biologia","tag-ecologia","tag-natura","tag-reptils","tag-respecte"],"post_mailing_queue_ids":[],"_links":{"self":[{"href":"https:\/\/agora.xtec.cat\/sesmcarrascoformiguera-sfc\/wp-json\/wp\/v2\/posts\/4423","targetHints":{"allow":["GET"]}}],"collection":[{"href":"https:\/\/agora.xtec.cat\/sesmcarrascoformiguera-sfc\/wp-json\/wp\/v2\/posts"}],"about":[{"href":"https:\/\/agora.xtec.cat\/sesmcarrascoformiguera-sfc\/wp-json\/wp\/v2\/types\/post"}],"author":[{"embeddable":true,"href":"https:\/\/agora.xtec.cat\/sesmcarrascoformiguera-sfc\/wp-json\/wp\/v2\/users\/1"}],"replies":[{"embeddable":true,"href":"https:\/\/agora.xtec.cat\/sesmcarrascoformiguera-sfc\/wp-json\/wp\/v2\/comments?post=4423"}],"version-history":[{"count":3,"href":"https:\/\/agora.xtec.cat\/sesmcarrascoformiguera-sfc\/wp-json\/wp\/v2\/posts\/4423\/revisions"}],"predecessor-version":[{"id":4479,"href":"https:\/\/agora.xtec.cat\/sesmcarrascoformiguera-sfc\/wp-json\/wp\/v2\/posts\/4423\/revisions\/4479"}],"wp:attachment":[{"href":"https:\/\/agora.xtec.cat\/sesmcarrascoformiguera-sfc\/wp-json\/wp\/v2\/media?parent=4423"}],"wp:term":[{"taxonomy":"category","embeddable":true,"href":"https:\/\/agora.xtec.cat\/sesmcarrascoformiguera-sfc\/wp-json\/wp\/v2\/categories?post=4423"},{"taxonomy":"post_tag","embeddable":true,"href":"https:\/\/agora.xtec.cat\/sesmcarrascoformiguera-sfc\/wp-json\/wp\/v2\/tags?post=4423"}],"curies":[{"name":"wp","href":"https:\/\/api.w.org\/{rel}","templated":true}]}}