{"id":4309,"date":"2022-12-02T06:54:31","date_gmt":"2022-12-02T05:54:31","guid":{"rendered":"https:\/\/agora.xtec.cat\/sesmcarrascoformiguera-sfc\/?p=4309"},"modified":"2023-01-27T09:22:21","modified_gmt":"2023-01-27T08:22:21","slug":"tercer-deso-en-servei-comunitari","status":"publish","type":"post","link":"https:\/\/agora.xtec.cat\/sesmcarrascoformiguera-sfc\/eso\/eso-3\/tercer-deso-en-servei-comunitari\/","title":{"rendered":"Tercer d&#8217;ESO en servei comunitari"},"content":{"rendered":"<p style=\"text-align: justify;\">Aquest dimecres dia 30 de novembre, un grupet d&#8217;alumnes de l&#8217;Institut va comen\u00e7ar a fer <strong>servei comunitari<\/strong> amb la <strong>CREU ROJA<\/strong>. L&#8217;objectiu \u00e9s organitzar i preparar una campanya de recollida de joguines i material escolar per tal que cap nen ni nena es quedi sense joguina!<span style=\"color: #ffffff;\">.<\/span><\/p>\n<p><a href=\"https:\/\/agora.xtec.cat\/sesmcarrascoformiguera-sfc\/wp-content\/uploads\/usu981\/2022\/12\/Nova-foto.jpg\"><img loading=\"lazy\" decoding=\"async\" class=\"aligncenter size-medium wp-image-4310\" src=\"https:\/\/agora.xtec.cat\/sesmcarrascoformiguera-sfc\/wp-content\/uploads\/usu981\/2022\/12\/Nova-foto-300x225.jpg\" alt=\"\" width=\"300\" height=\"225\" srcset=\"https:\/\/agora.xtec.cat\/sesmcarrascoformiguera-sfc\/wp-content\/uploads\/usu981\/2022\/12\/Nova-foto-300x225.jpg 300w, https:\/\/agora.xtec.cat\/sesmcarrascoformiguera-sfc\/wp-content\/uploads\/usu981\/2022\/12\/Nova-foto-1024x768.jpg 1024w, https:\/\/agora.xtec.cat\/sesmcarrascoformiguera-sfc\/wp-content\/uploads\/usu981\/2022\/12\/Nova-foto-768x576.jpg 768w, https:\/\/agora.xtec.cat\/sesmcarrascoformiguera-sfc\/wp-content\/uploads\/usu981\/2022\/12\/Nova-foto-1536x1152.jpg 1536w, https:\/\/agora.xtec.cat\/sesmcarrascoformiguera-sfc\/wp-content\/uploads\/usu981\/2022\/12\/Nova-foto-200x150.jpg 200w, https:\/\/agora.xtec.cat\/sesmcarrascoformiguera-sfc\/wp-content\/uploads\/usu981\/2022\/12\/Nova-foto.jpg 1672w\" sizes=\"auto, (max-width: 300px) 100vw, 300px\" \/><\/a><\/p>\n<p><!--more--><\/p>\n<p style=\"text-align: justify;\">El servei comunitari \u00e9s un instrument perqu\u00e8 l&#8217;alumnat pugui desenvolupar la compet\u00e8ncia personal i social amb una metodologia d&#8217;aprenentatge i servei.<\/p>\n<p style=\"text-align: justify;\">Amb Creu Roja ja tindrem tot l&#8217;alumnat de 3r d&#8217;ESO fent servei comunitari.<\/p>\n<p style=\"text-align: justify;\">Des del novembre, diferents entitats de Sant Feliu com <strong>C\u00e0rites<\/strong> i el<strong> Centre Excursionista CESF<\/strong>; i centres com l&#8217;<strong>Escola Jaume Balmes<\/strong> i la\u00a0<strong>Biblioteca Joan Petit Aguilar<\/strong> col\u00b7laboren amb l&#8217;Institut per tal que l&#8217;alumnat posi en pr\u00e0ctica els seus coneixements i compet\u00e8ncies al servei del poble.<\/p>\n","protected":false},"excerpt":{"rendered":"<p>Aquest dimecres dia 30 de novembre, un grupet d&#8217;alumnes de l&#8217;Institut va comen\u00e7ar a fer servei comunitari amb la CREU ROJA. L&#8217;objectiu \u00e9s organitzar i preparar una campanya de recollida de joguines i material escolar per tal que cap nen ni nena es quedi sense&hellip;  <a href=\"https:\/\/agora.xtec.cat\/sesmcarrascoformiguera-sfc\/eso\/eso-3\/tercer-deso-en-servei-comunitari\/\" title=\"Read Tercer d&#8217;ESO en servei comunitari\">Llegeix m\u00e9s\u00bb<\/a><\/p>\n","protected":false},"author":1,"featured_media":0,"comment_status":"open","ping_status":"closed","sticky":false,"template":"","format":"standard","meta":{"_bbp_topic_count":0,"_bbp_reply_count":0,"_bbp_total_topic_count":0,"_bbp_total_reply_count":0,"_bbp_voice_count":0,"_bbp_anonymous_reply_count":0,"_bbp_topic_count_hidden":0,"_bbp_reply_count_hidden":0,"_bbp_forum_subforum_count":0,"footnotes":""},"categories":[6,29],"tags":[139,163,160,161,158,159,162,157],"class_list":["post-4309","post","type-post","status-publish","format-standard","hentry","category-eso-3","category-portada","tag-3r-eso","tag-biblioteca-joan-petit-aguilar","tag-carites","tag-centre-excursionista-cesf","tag-competencia-personal-i-social","tag-creu-roja","tag-escola-jaume-balmes","tag-servei-comunitari"],"post_mailing_queue_ids":[],"_links":{"self":[{"href":"https:\/\/agora.xtec.cat\/sesmcarrascoformiguera-sfc\/wp-json\/wp\/v2\/posts\/4309","targetHints":{"allow":["GET"]}}],"collection":[{"href":"https:\/\/agora.xtec.cat\/sesmcarrascoformiguera-sfc\/wp-json\/wp\/v2\/posts"}],"about":[{"href":"https:\/\/agora.xtec.cat\/sesmcarrascoformiguera-sfc\/wp-json\/wp\/v2\/types\/post"}],"author":[{"embeddable":true,"href":"https:\/\/agora.xtec.cat\/sesmcarrascoformiguera-sfc\/wp-json\/wp\/v2\/users\/1"}],"replies":[{"embeddable":true,"href":"https:\/\/agora.xtec.cat\/sesmcarrascoformiguera-sfc\/wp-json\/wp\/v2\/comments?post=4309"}],"version-history":[{"count":3,"href":"https:\/\/agora.xtec.cat\/sesmcarrascoformiguera-sfc\/wp-json\/wp\/v2\/posts\/4309\/revisions"}],"predecessor-version":[{"id":4484,"href":"https:\/\/agora.xtec.cat\/sesmcarrascoformiguera-sfc\/wp-json\/wp\/v2\/posts\/4309\/revisions\/4484"}],"wp:attachment":[{"href":"https:\/\/agora.xtec.cat\/sesmcarrascoformiguera-sfc\/wp-json\/wp\/v2\/media?parent=4309"}],"wp:term":[{"taxonomy":"category","embeddable":true,"href":"https:\/\/agora.xtec.cat\/sesmcarrascoformiguera-sfc\/wp-json\/wp\/v2\/categories?post=4309"},{"taxonomy":"post_tag","embeddable":true,"href":"https:\/\/agora.xtec.cat\/sesmcarrascoformiguera-sfc\/wp-json\/wp\/v2\/tags?post=4309"}],"curies":[{"name":"wp","href":"https:\/\/api.w.org\/{rel}","templated":true}]}}