{"id":4143,"date":"2022-09-23T11:11:46","date_gmt":"2022-09-23T09:11:46","guid":{"rendered":"https:\/\/agora.xtec.cat\/sesmcarrascoformiguera-sfc\/?p=4143"},"modified":"2022-09-23T11:15:15","modified_gmt":"2022-09-23T09:15:15","slug":"xerrada-per-al-coneixement-i-el-respecte-a-la-diversitat","status":"publish","type":"post","link":"https:\/\/agora.xtec.cat\/sesmcarrascoformiguera-sfc\/eso\/eso-3\/xerrada-per-al-coneixement-i-el-respecte-a-la-diversitat\/","title":{"rendered":"Xerrada per al coneixement i el respecte a la diversitat i la llibertat afectivosexuals"},"content":{"rendered":"<p style=\"text-align: justify;\">L&#8217;alumnat de 3r d&#8217;ESO va gaudir d&#8217;una xerrada a c\u00e0rrec de l&#8217;<a href=\"http:\/\/www.och.cat\">Observatori contra l&#8217;Homof\u00f2bia<\/a> on va poder aprendre sobre l&#8217;exist\u00e8ncia de la diversitat afectivosexual i, aix\u00ed, prendre coneixement i consci\u00e8ncia d&#8217;aquesta realitat, en favor de l&#8217;autoconeixement, l&#8217;empatia i el respecte a la diversitat, com tamb\u00e9 del valor del feminisme per assolir una societat i un m\u00f3n m\u00e9s justos i equitatius entre homes i dones.<\/p>\n<p>Formem ciutadans i ciutadanes respectuoses i compromeses amb tothom!<\/p>\n<p><a href=\"https:\/\/agora.xtec.cat\/sesmcarrascoformiguera-sfc\/wp-content\/uploads\/usu981\/2022\/09\/IMG_20220921_105308-scaled.jpg\"><img loading=\"lazy\" decoding=\"async\" class=\"alignnone wp-image-4144\" src=\"https:\/\/agora.xtec.cat\/sesmcarrascoformiguera-sfc\/wp-content\/uploads\/usu981\/2022\/09\/IMG_20220921_105308-1024x608.jpg\" alt=\"\" width=\"428\" height=\"254\" srcset=\"https:\/\/agora.xtec.cat\/sesmcarrascoformiguera-sfc\/wp-content\/uploads\/usu981\/2022\/09\/IMG_20220921_105308-1024x608.jpg 1024w, https:\/\/agora.xtec.cat\/sesmcarrascoformiguera-sfc\/wp-content\/uploads\/usu981\/2022\/09\/IMG_20220921_105308-300x178.jpg 300w, https:\/\/agora.xtec.cat\/sesmcarrascoformiguera-sfc\/wp-content\/uploads\/usu981\/2022\/09\/IMG_20220921_105308-768x456.jpg 768w, https:\/\/agora.xtec.cat\/sesmcarrascoformiguera-sfc\/wp-content\/uploads\/usu981\/2022\/09\/IMG_20220921_105308-1536x912.jpg 1536w, https:\/\/agora.xtec.cat\/sesmcarrascoformiguera-sfc\/wp-content\/uploads\/usu981\/2022\/09\/IMG_20220921_105308-2048x1217.jpg 2048w\" sizes=\"auto, (max-width: 428px) 100vw, 428px\" \/><\/a><\/p>\n<p><a href=\"https:\/\/agora.xtec.cat\/sesmcarrascoformiguera-sfc\/wp-content\/uploads\/usu981\/2022\/09\/20220921_1041352.jpg\"><img loading=\"lazy\" decoding=\"async\" class=\"alignnone wp-image-4147\" src=\"https:\/\/agora.xtec.cat\/sesmcarrascoformiguera-sfc\/wp-content\/uploads\/usu981\/2022\/09\/20220921_1041352-1024x768.jpg\" alt=\"\" width=\"428\" height=\"321\" srcset=\"https:\/\/agora.xtec.cat\/sesmcarrascoformiguera-sfc\/wp-content\/uploads\/usu981\/2022\/09\/20220921_1041352-1024x768.jpg 1024w, https:\/\/agora.xtec.cat\/sesmcarrascoformiguera-sfc\/wp-content\/uploads\/usu981\/2022\/09\/20220921_1041352-300x225.jpg 300w, https:\/\/agora.xtec.cat\/sesmcarrascoformiguera-sfc\/wp-content\/uploads\/usu981\/2022\/09\/20220921_1041352-768x576.jpg 768w, https:\/\/agora.xtec.cat\/sesmcarrascoformiguera-sfc\/wp-content\/uploads\/usu981\/2022\/09\/20220921_1041352-1536x1152.jpg 1536w, https:\/\/agora.xtec.cat\/sesmcarrascoformiguera-sfc\/wp-content\/uploads\/usu981\/2022\/09\/20220921_1041352-2048x1536.jpg 2048w, https:\/\/agora.xtec.cat\/sesmcarrascoformiguera-sfc\/wp-content\/uploads\/usu981\/2022\/09\/20220921_1041352-200x150.jpg 200w\" sizes=\"auto, (max-width: 428px) 100vw, 428px\" \/><\/a><\/p>\n","protected":false},"excerpt":{"rendered":"<p>L&#8217;alumnat de 3r d&#8217;ESO va gaudir d&#8217;una xerrada a c\u00e0rrec de l&#8217;<a href=\"http:\/\/www.och.cat\">Observatori contra l&#8217;Homof\u00f2bia<\/a> on va poder aprendre sobre l&#8217;exist\u00e8ncia de la diversitat afectivosexual i, aix\u00ed, prendre coneixement i consci\u00e8ncia d&#8217;aquesta realitat, en favor de l&#8217;autoconeixement, l&#8217;empatia i el respecte a la diversitat, com&hellip;  <a href=\"https:\/\/agora.xtec.cat\/sesmcarrascoformiguera-sfc\/eso\/eso-3\/xerrada-per-al-coneixement-i-el-respecte-a-la-diversitat\/\" title=\"Read Xerrada per al coneixement i el respecte a la diversitat i la llibertat afectivosexuals\">Llegeix m\u00e9s\u00bb<\/a><\/p>\n","protected":false},"author":1,"featured_media":0,"comment_status":"open","ping_status":"closed","sticky":false,"template":"","format":"standard","meta":{"_bbp_topic_count":0,"_bbp_reply_count":0,"_bbp_total_topic_count":0,"_bbp_total_reply_count":0,"_bbp_voice_count":0,"_bbp_anonymous_reply_count":0,"_bbp_topic_count_hidden":0,"_bbp_reply_count_hidden":0,"_bbp_forum_subforum_count":0,"footnotes":""},"categories":[6,19,20,21,29],"tags":[],"class_list":["post-4143","post","type-post","status-publish","format-standard","hentry","category-eso-3","category-eso-3a","category-eso-3b","category-eso-3c","category-portada"],"post_mailing_queue_ids":[],"_links":{"self":[{"href":"https:\/\/agora.xtec.cat\/sesmcarrascoformiguera-sfc\/wp-json\/wp\/v2\/posts\/4143","targetHints":{"allow":["GET"]}}],"collection":[{"href":"https:\/\/agora.xtec.cat\/sesmcarrascoformiguera-sfc\/wp-json\/wp\/v2\/posts"}],"about":[{"href":"https:\/\/agora.xtec.cat\/sesmcarrascoformiguera-sfc\/wp-json\/wp\/v2\/types\/post"}],"author":[{"embeddable":true,"href":"https:\/\/agora.xtec.cat\/sesmcarrascoformiguera-sfc\/wp-json\/wp\/v2\/users\/1"}],"replies":[{"embeddable":true,"href":"https:\/\/agora.xtec.cat\/sesmcarrascoformiguera-sfc\/wp-json\/wp\/v2\/comments?post=4143"}],"version-history":[{"count":3,"href":"https:\/\/agora.xtec.cat\/sesmcarrascoformiguera-sfc\/wp-json\/wp\/v2\/posts\/4143\/revisions"}],"predecessor-version":[{"id":4152,"href":"https:\/\/agora.xtec.cat\/sesmcarrascoformiguera-sfc\/wp-json\/wp\/v2\/posts\/4143\/revisions\/4152"}],"wp:attachment":[{"href":"https:\/\/agora.xtec.cat\/sesmcarrascoformiguera-sfc\/wp-json\/wp\/v2\/media?parent=4143"}],"wp:term":[{"taxonomy":"category","embeddable":true,"href":"https:\/\/agora.xtec.cat\/sesmcarrascoformiguera-sfc\/wp-json\/wp\/v2\/categories?post=4143"},{"taxonomy":"post_tag","embeddable":true,"href":"https:\/\/agora.xtec.cat\/sesmcarrascoformiguera-sfc\/wp-json\/wp\/v2\/tags?post=4143"}],"curies":[{"name":"wp","href":"https:\/\/api.w.org\/{rel}","templated":true}]}}