{"id":4117,"date":"2022-09-12T19:26:52","date_gmt":"2022-09-12T17:26:52","guid":{"rendered":"https:\/\/agora.xtec.cat\/sesmcarrascoformiguera-sfc\/?p=4117"},"modified":"2022-09-13T12:16:16","modified_gmt":"2022-09-13T10:16:16","slug":"festa-inauguracio-curs-escolar-2022-23","status":"publish","type":"post","link":"https:\/\/agora.xtec.cat\/sesmcarrascoformiguera-sfc\/eso\/festa-inauguracio-curs-escolar-2022-23\/","title":{"rendered":"Festa inauguraci\u00f3 curs escolar 2022-23"},"content":{"rendered":"<div style=\"text-align: justify;\">\n<p><span style=\"font-family: inherit; font-size: 1em;\">Des de la regidoria d&#8217;educaci\u00f3 s&#8217;ha organitzat una festa d&#8217;inauguraci\u00f3: el mat\u00ed del dimecres 9 de setembre, la gran companyia de pallassos <\/span><em style=\"font-family: inherit; font-size: 1em;\">Naguis i Bobas<\/em><span style=\"font-family: inherit; font-size: 1em;\"> va passar per totes les nostres aules animant a l&#8217;alumnat i als equips docents.<\/span><\/p>\n<\/div>\n<p align=\"justify\">Moltes gr\u00e0cies i bon inici de curs a totes i a tots!!!<\/p>\n<div><\/div>\n<div><a href=\"https:\/\/agora.xtec.cat\/sesmcarrascoformiguera-sfc\/wp-content\/uploads\/usu981\/2022\/09\/unnamed.jpg\"><img loading=\"lazy\" decoding=\"async\" class=\"alignnone wp-image-4118\" src=\"https:\/\/agora.xtec.cat\/sesmcarrascoformiguera-sfc\/wp-content\/uploads\/usu981\/2022\/09\/unnamed-852x1024.jpg\" alt=\"\" width=\"400\" height=\"481\" srcset=\"https:\/\/agora.xtec.cat\/sesmcarrascoformiguera-sfc\/wp-content\/uploads\/usu981\/2022\/09\/unnamed-852x1024.jpg 852w, https:\/\/agora.xtec.cat\/sesmcarrascoformiguera-sfc\/wp-content\/uploads\/usu981\/2022\/09\/unnamed-249x300.jpg 249w, https:\/\/agora.xtec.cat\/sesmcarrascoformiguera-sfc\/wp-content\/uploads\/usu981\/2022\/09\/unnamed-768x924.jpg 768w, https:\/\/agora.xtec.cat\/sesmcarrascoformiguera-sfc\/wp-content\/uploads\/usu981\/2022\/09\/unnamed-1277x1536.jpg 1277w, https:\/\/agora.xtec.cat\/sesmcarrascoformiguera-sfc\/wp-content\/uploads\/usu981\/2022\/09\/unnamed.jpg 1348w\" sizes=\"auto, (max-width: 400px) 100vw, 400px\" \/><\/a><\/div>\n","protected":false},"excerpt":{"rendered":"<p>Des de la regidoria d&#8217;educaci\u00f3 s&#8217;ha organitzat una festa d&#8217;inauguraci\u00f3: el mat\u00ed del dimecres 9 de setembre, la gran companyia de pallassos Naguis i Bobas va passar per totes les nostres aules animant a l&#8217;alumnat i als equips docents.<\/p>\n<p>Moltes gr\u00e0cies i bon inici de curs&hellip;  <a href=\"https:\/\/agora.xtec.cat\/sesmcarrascoformiguera-sfc\/eso\/festa-inauguracio-curs-escolar-2022-23\/\" title=\"Read Festa inauguraci\u00f3 curs escolar 2022-23\">Llegeix m\u00e9s\u00bb<\/a><\/p>\n","protected":false},"author":1,"featured_media":0,"comment_status":"open","ping_status":"closed","sticky":false,"template":"","format":"standard","meta":{"_bbp_topic_count":0,"_bbp_reply_count":0,"_bbp_total_topic_count":0,"_bbp_total_reply_count":0,"_bbp_voice_count":0,"_bbp_anonymous_reply_count":0,"_bbp_topic_count_hidden":0,"_bbp_reply_count_hidden":0,"_bbp_forum_subforum_count":0,"footnotes":""},"categories":[128,3,4,9,10,5,14,15,6,19,20,7,24,25,29],"tags":[],"class_list":["post-4117","post","type-post","status-publish","format-standard","hentry","category-anatura","category-eso","category-eso-1","category-eso-1a","category-eso-1b","category-eso-2","category-eso-2a","category-eso-2b","category-eso-3","category-eso-3a","category-eso-3b","category-eso-4","category-eso-4a","category-eso-4b","category-portada"],"post_mailing_queue_ids":[],"_links":{"self":[{"href":"https:\/\/agora.xtec.cat\/sesmcarrascoformiguera-sfc\/wp-json\/wp\/v2\/posts\/4117","targetHints":{"allow":["GET"]}}],"collection":[{"href":"https:\/\/agora.xtec.cat\/sesmcarrascoformiguera-sfc\/wp-json\/wp\/v2\/posts"}],"about":[{"href":"https:\/\/agora.xtec.cat\/sesmcarrascoformiguera-sfc\/wp-json\/wp\/v2\/types\/post"}],"author":[{"embeddable":true,"href":"https:\/\/agora.xtec.cat\/sesmcarrascoformiguera-sfc\/wp-json\/wp\/v2\/users\/1"}],"replies":[{"embeddable":true,"href":"https:\/\/agora.xtec.cat\/sesmcarrascoformiguera-sfc\/wp-json\/wp\/v2\/comments?post=4117"}],"version-history":[{"count":3,"href":"https:\/\/agora.xtec.cat\/sesmcarrascoformiguera-sfc\/wp-json\/wp\/v2\/posts\/4117\/revisions"}],"predecessor-version":[{"id":4132,"href":"https:\/\/agora.xtec.cat\/sesmcarrascoformiguera-sfc\/wp-json\/wp\/v2\/posts\/4117\/revisions\/4132"}],"wp:attachment":[{"href":"https:\/\/agora.xtec.cat\/sesmcarrascoformiguera-sfc\/wp-json\/wp\/v2\/media?parent=4117"}],"wp:term":[{"taxonomy":"category","embeddable":true,"href":"https:\/\/agora.xtec.cat\/sesmcarrascoformiguera-sfc\/wp-json\/wp\/v2\/categories?post=4117"},{"taxonomy":"post_tag","embeddable":true,"href":"https:\/\/agora.xtec.cat\/sesmcarrascoformiguera-sfc\/wp-json\/wp\/v2\/tags?post=4117"}],"curies":[{"name":"wp","href":"https:\/\/api.w.org\/{rel}","templated":true}]}}