{"id":4091,"date":"2022-06-17T08:35:41","date_gmt":"2022-06-17T06:35:41","guid":{"rendered":"https:\/\/agora.xtec.cat\/sesmcarrascoformiguera-sfc\/?p=4091"},"modified":"2022-06-17T08:36:15","modified_gmt":"2022-06-17T06:36:15","slug":"taller-lego-mindstorms","status":"publish","type":"post","link":"https:\/\/agora.xtec.cat\/sesmcarrascoformiguera-sfc\/general\/taller-lego-mindstorms\/","title":{"rendered":"Taller Lego MINDSTORMS"},"content":{"rendered":"<p>&nbsp;<\/p>\n<div style=\"width: 400px;\" class=\"wp-video\"><!--[if lt IE 9]><script>document.createElement('video');<\/script><![endif]-->\n<video class=\"wp-video-shortcode\" id=\"video-4091-1\" width=\"400\" height=\"200\" preload=\"metadata\" controls=\"controls\"><source type=\"video\/mp4\" src=\"https:\/\/agora.xtec.cat\/sesmcarrascoformiguera-sfc\/wp-content\/uploads\/usu981\/2022\/06\/Vi\u0301deo.mp4?_=1\" \/><a href=\"https:\/\/agora.xtec.cat\/sesmcarrascoformiguera-sfc\/wp-content\/uploads\/usu981\/2022\/06\/Vi\u0301deo.mp4\">https:\/\/agora.xtec.cat\/sesmcarrascoformiguera-sfc\/wp-content\/uploads\/usu981\/2022\/06\/Vi\u0301deo.mp4<\/a><\/video><\/div>\n<p>&nbsp;<\/p>\n<p>El dia 27 de maig els alumnes de 4rt d\u2019ESO que cursen l\u2019optativa de Tecnologia van assistir a un taller de Lego Mindstorms. Aquesta activitat, totalment subvencionada per l\u2019Ajuntament, es va realitzar a l\u2019UPC de Manresa i va permetre als alumnes treballar amb materials molt atractius i f\u00e0cils de programar. En finalitzar el mat\u00ed havien constru\u00eft robots seguidors de l\u00ednia, d\u2019altres que reconeixien colors i fins i tot una m\u00e0 rob\u00f2tica.<\/p>\n<p>&nbsp;<\/p>\n","protected":false},"excerpt":{"rendered":"<p>&nbsp;<br \/>\n<a href=\"https:\/\/agora.xtec.cat\/sesmcarrascoformiguera-sfc\/wp-content\/uploads\/usu981\/2022\/06\/Vi\u0301deo.mp4\">https:\/\/agora.xtec.cat\/sesmcarrascoformiguera-sfc\/wp-content\/uploads\/usu981\/2022\/06\/Vi\u0301deo.mp4<\/a><br \/>\n&nbsp;<br \/>\nEl dia 27 de maig els alumnes de 4rt d\u2019ESO que cursen l\u2019optativa de Tecnologia van assistir a un taller de Lego Mindstorms. Aquesta activitat, totalment subvencionada per l\u2019Ajuntament, es va realitzar a l\u2019UPC de Manresa i va permetre als alumnes treballar amb materials&hellip;  <a href=\"https:\/\/agora.xtec.cat\/sesmcarrascoformiguera-sfc\/general\/taller-lego-mindstorms\/\" title=\"Read Taller Lego MINDSTORMS\">Llegeix m\u00e9s\u00bb<\/a><\/p>\n","protected":false},"author":1,"featured_media":0,"comment_status":"open","ping_status":"closed","sticky":false,"template":"","format":"standard","meta":{"_bbp_topic_count":0,"_bbp_reply_count":0,"_bbp_total_topic_count":0,"_bbp_total_reply_count":0,"_bbp_voice_count":0,"_bbp_anonymous_reply_count":0,"_bbp_topic_count_hidden":0,"_bbp_reply_count_hidden":0,"_bbp_forum_subforum_count":0,"footnotes":""},"categories":[31,3,7,1,29],"tags":[],"class_list":["post-4091","post","type-post","status-publish","format-standard","hentry","category-ampa","category-eso","category-eso-4","category-general","category-portada"],"post_mailing_queue_ids":[],"_links":{"self":[{"href":"https:\/\/agora.xtec.cat\/sesmcarrascoformiguera-sfc\/wp-json\/wp\/v2\/posts\/4091","targetHints":{"allow":["GET"]}}],"collection":[{"href":"https:\/\/agora.xtec.cat\/sesmcarrascoformiguera-sfc\/wp-json\/wp\/v2\/posts"}],"about":[{"href":"https:\/\/agora.xtec.cat\/sesmcarrascoformiguera-sfc\/wp-json\/wp\/v2\/types\/post"}],"author":[{"embeddable":true,"href":"https:\/\/agora.xtec.cat\/sesmcarrascoformiguera-sfc\/wp-json\/wp\/v2\/users\/1"}],"replies":[{"embeddable":true,"href":"https:\/\/agora.xtec.cat\/sesmcarrascoformiguera-sfc\/wp-json\/wp\/v2\/comments?post=4091"}],"version-history":[{"count":3,"href":"https:\/\/agora.xtec.cat\/sesmcarrascoformiguera-sfc\/wp-json\/wp\/v2\/posts\/4091\/revisions"}],"predecessor-version":[{"id":4095,"href":"https:\/\/agora.xtec.cat\/sesmcarrascoformiguera-sfc\/wp-json\/wp\/v2\/posts\/4091\/revisions\/4095"}],"wp:attachment":[{"href":"https:\/\/agora.xtec.cat\/sesmcarrascoformiguera-sfc\/wp-json\/wp\/v2\/media?parent=4091"}],"wp:term":[{"taxonomy":"category","embeddable":true,"href":"https:\/\/agora.xtec.cat\/sesmcarrascoformiguera-sfc\/wp-json\/wp\/v2\/categories?post=4091"},{"taxonomy":"post_tag","embeddable":true,"href":"https:\/\/agora.xtec.cat\/sesmcarrascoformiguera-sfc\/wp-json\/wp\/v2\/tags?post=4091"}],"curies":[{"name":"wp","href":"https:\/\/api.w.org\/{rel}","templated":true}]}}