{"id":4067,"date":"2022-06-01T22:55:34","date_gmt":"2022-06-01T20:55:34","guid":{"rendered":"https:\/\/agora.xtec.cat\/sesmcarrascoformiguera-sfc\/?p=4067"},"modified":"2022-06-01T23:05:49","modified_gmt":"2022-06-01T21:05:49","slug":"taller-del-collegi-darquitectes-de-catalunya","status":"publish","type":"post","link":"https:\/\/agora.xtec.cat\/sesmcarrascoformiguera-sfc\/general\/taller-del-collegi-darquitectes-de-catalunya\/","title":{"rendered":"Taller del Col\u00b7legi d&#8217;Arquitectes de Catalunya"},"content":{"rendered":"<p>En el marc de la setmana de l\u2019arquitectura i aprofitant que els alumnes de l&#8217;optativa de visual i pl\u00e0stica de quart estem treballant, en el bloc de dibuix t\u00e8cnic, els diferents sistemes de representaci\u00f3, hem participat en un taller que ens ha ofert el Col\u00b7legi d\u2019Arquitectes de Catalunya.<\/p>\n<p>Durant les dues hores de treball, hem reflexionat sobre els espais docents dels quals disposem i com podem redefinir-los i millorar-los.<\/p>\n<p>Despr\u00e9s de deixar volar la imaginaci\u00f3 i plasmar les nostres idees tant el format tradicional com en format digital, les hem exposat als companys amb l\u2019ajuda d\u2019un petit gui\u00f3.<\/p>\n<p><span lang=\"EN-US\">Han sorgit propostes molt interessants i creatives.<\/span><\/p>\n<p><a style=\"color: #2795b6;\" href=\"https:\/\/agora.xtec.cat\/sesmcarrascoformiguera-sfc\/wp-content\/uploads\/usu981\/2022\/06\/Pati-1.png\"><img loading=\"lazy\" decoding=\"async\" class=\"alignnone wp-image-4071\" src=\"https:\/\/agora.xtec.cat\/sesmcarrascoformiguera-sfc\/wp-content\/uploads\/usu981\/2022\/06\/Pati-1.png\" alt=\"\" width=\"331\" height=\"186\" srcset=\"https:\/\/agora.xtec.cat\/sesmcarrascoformiguera-sfc\/wp-content\/uploads\/usu981\/2022\/06\/Pati-1.png 750w, https:\/\/agora.xtec.cat\/sesmcarrascoformiguera-sfc\/wp-content\/uploads\/usu981\/2022\/06\/Pati-1-300x168.png 300w\" sizes=\"auto, (max-width: 331px) 100vw, 331px\" \/>\u00a0 <\/a>\u00a0 \u00a0 \u00a0 \u00a0 \u00a0 <a href=\"https:\/\/agora.xtec.cat\/sesmcarrascoformiguera-sfc\/wp-content\/uploads\/usu981\/2022\/06\/Cinema-1.png\"><img loading=\"lazy\" decoding=\"async\" class=\"alignnone wp-image-4075\" src=\"https:\/\/agora.xtec.cat\/sesmcarrascoformiguera-sfc\/wp-content\/uploads\/usu981\/2022\/06\/Cinema-1.png\" alt=\"\" width=\"340\" height=\"188\" srcset=\"https:\/\/agora.xtec.cat\/sesmcarrascoformiguera-sfc\/wp-content\/uploads\/usu981\/2022\/06\/Cinema-1.png 848w, https:\/\/agora.xtec.cat\/sesmcarrascoformiguera-sfc\/wp-content\/uploads\/usu981\/2022\/06\/Cinema-1-300x166.png 300w, https:\/\/agora.xtec.cat\/sesmcarrascoformiguera-sfc\/wp-content\/uploads\/usu981\/2022\/06\/Cinema-1-768x424.png 768w\" sizes=\"auto, (max-width: 340px) 100vw, 340px\" \/><\/a><\/p>\n<p><a href=\"https:\/\/agora.xtec.cat\/sesmcarrascoformiguera-sfc\/wp-content\/uploads\/usu981\/2022\/06\/Pati-1.png\">\u00a0 \u00a0\u00a0<\/a><\/p>\n<p>&nbsp;<\/p>\n","protected":false},"excerpt":{"rendered":"<p>En el marc de la setmana de l\u2019arquitectura i aprofitant que els alumnes de l&#8217;optativa de visual i pl\u00e0stica de quart estem treballant, en el bloc de dibuix t\u00e8cnic, els diferents sistemes de representaci\u00f3, hem participat en un taller que ens ha ofert el Col\u00b7legi&hellip;  <a href=\"https:\/\/agora.xtec.cat\/sesmcarrascoformiguera-sfc\/general\/taller-del-collegi-darquitectes-de-catalunya\/\" title=\"Read Taller del Col\u00b7legi d&#8217;Arquitectes de Catalunya\">Llegeix m\u00e9s\u00bb<\/a><\/p>\n","protected":false},"author":1,"featured_media":0,"comment_status":"open","ping_status":"closed","sticky":false,"template":"","format":"standard","meta":{"_bbp_topic_count":0,"_bbp_reply_count":0,"_bbp_total_topic_count":0,"_bbp_total_reply_count":0,"_bbp_voice_count":0,"_bbp_anonymous_reply_count":0,"_bbp_topic_count_hidden":0,"_bbp_reply_count_hidden":0,"_bbp_forum_subforum_count":0,"footnotes":""},"categories":[31,3,7,1,29],"tags":[],"class_list":["post-4067","post","type-post","status-publish","format-standard","hentry","category-ampa","category-eso","category-eso-4","category-general","category-portada"],"post_mailing_queue_ids":[],"_links":{"self":[{"href":"https:\/\/agora.xtec.cat\/sesmcarrascoformiguera-sfc\/wp-json\/wp\/v2\/posts\/4067","targetHints":{"allow":["GET"]}}],"collection":[{"href":"https:\/\/agora.xtec.cat\/sesmcarrascoformiguera-sfc\/wp-json\/wp\/v2\/posts"}],"about":[{"href":"https:\/\/agora.xtec.cat\/sesmcarrascoformiguera-sfc\/wp-json\/wp\/v2\/types\/post"}],"author":[{"embeddable":true,"href":"https:\/\/agora.xtec.cat\/sesmcarrascoformiguera-sfc\/wp-json\/wp\/v2\/users\/1"}],"replies":[{"embeddable":true,"href":"https:\/\/agora.xtec.cat\/sesmcarrascoformiguera-sfc\/wp-json\/wp\/v2\/comments?post=4067"}],"version-history":[{"count":4,"href":"https:\/\/agora.xtec.cat\/sesmcarrascoformiguera-sfc\/wp-json\/wp\/v2\/posts\/4067\/revisions"}],"predecessor-version":[{"id":4085,"href":"https:\/\/agora.xtec.cat\/sesmcarrascoformiguera-sfc\/wp-json\/wp\/v2\/posts\/4067\/revisions\/4085"}],"wp:attachment":[{"href":"https:\/\/agora.xtec.cat\/sesmcarrascoformiguera-sfc\/wp-json\/wp\/v2\/media?parent=4067"}],"wp:term":[{"taxonomy":"category","embeddable":true,"href":"https:\/\/agora.xtec.cat\/sesmcarrascoformiguera-sfc\/wp-json\/wp\/v2\/categories?post=4067"},{"taxonomy":"post_tag","embeddable":true,"href":"https:\/\/agora.xtec.cat\/sesmcarrascoformiguera-sfc\/wp-json\/wp\/v2\/tags?post=4067"}],"curies":[{"name":"wp","href":"https:\/\/api.w.org\/{rel}","templated":true}]}}