{"id":4039,"date":"2022-05-25T12:18:43","date_gmt":"2022-05-25T10:18:43","guid":{"rendered":"https:\/\/agora.xtec.cat\/sesmcarrascoformiguera-sfc\/?p=4039"},"modified":"2022-05-27T13:28:02","modified_gmt":"2022-05-27T11:28:02","slug":"visita-al-parlament","status":"publish","type":"post","link":"https:\/\/agora.xtec.cat\/sesmcarrascoformiguera-sfc\/general\/visita-al-parlament\/","title":{"rendered":"Visita al Parlament"},"content":{"rendered":"<p><a href=\"https:\/\/agora.xtec.cat\/sesmcarrascoformiguera-sfc\/wp-content\/uploads\/usu981\/2022\/05\/Picture1.png\"><img loading=\"lazy\" decoding=\"async\" class=\"alignnone wp-image-4043\" src=\"https:\/\/agora.xtec.cat\/sesmcarrascoformiguera-sfc\/wp-content\/uploads\/usu981\/2022\/05\/Picture1.png\" alt=\"\" width=\"560\" height=\"419\" srcset=\"https:\/\/agora.xtec.cat\/sesmcarrascoformiguera-sfc\/wp-content\/uploads\/usu981\/2022\/05\/Picture1.png 977w, https:\/\/agora.xtec.cat\/sesmcarrascoformiguera-sfc\/wp-content\/uploads\/usu981\/2022\/05\/Picture1-300x224.png 300w, https:\/\/agora.xtec.cat\/sesmcarrascoformiguera-sfc\/wp-content\/uploads\/usu981\/2022\/05\/Picture1-768x575.png 768w, https:\/\/agora.xtec.cat\/sesmcarrascoformiguera-sfc\/wp-content\/uploads\/usu981\/2022\/05\/Picture1-200x150.png 200w\" sizes=\"auto, (max-width: 560px) 100vw, 560px\" \/><\/a><\/p>\n<p><a href=\"https:\/\/agora.xtec.cat\/sesmcarrascoformiguera-sfc\/wp-content\/uploads\/usu981\/2022\/05\/Foto1.png\"><img loading=\"lazy\" decoding=\"async\" class=\"alignnone wp-image-4040\" src=\"https:\/\/agora.xtec.cat\/sesmcarrascoformiguera-sfc\/wp-content\/uploads\/usu981\/2022\/05\/Foto1.png\" alt=\"\" width=\"556\" height=\"416\" srcset=\"https:\/\/agora.xtec.cat\/sesmcarrascoformiguera-sfc\/wp-content\/uploads\/usu981\/2022\/05\/Foto1.png 977w, https:\/\/agora.xtec.cat\/sesmcarrascoformiguera-sfc\/wp-content\/uploads\/usu981\/2022\/05\/Foto1-300x224.png 300w, https:\/\/agora.xtec.cat\/sesmcarrascoformiguera-sfc\/wp-content\/uploads\/usu981\/2022\/05\/Foto1-768x575.png 768w, https:\/\/agora.xtec.cat\/sesmcarrascoformiguera-sfc\/wp-content\/uploads\/usu981\/2022\/05\/Foto1-200x150.png 200w\" sizes=\"auto, (max-width: 556px) 100vw, 556px\" \/><\/a><\/p>\n<p>El passat divendres 13 de maig l\u2019alumnat de 3r d\u2019ESO vam visitar el Parlament de Catalunya. A m\u00e9s d\u2019explicar-nos el seu funcionament i composici\u00f3,tamb\u00e9 vam recordar els fets hist\u00f2rics m\u00e9s rellevants d\u2019aquesta instituci\u00f3.<\/p>\n<p>Despr\u00e9s de la visita, vam fer una ruta pel Born i el Barri G\u00f2tic, on vam poder descubrir el perqu\u00e8 del noms dels carrers o on s\u2019amaga l\u2019escut del Bar\u00e7a a la Bas\u00edlica de Santa Maria del Mar, entre d\u2019altres curiositats.<\/p>\n<p>&nbsp;<\/p>\n","protected":false},"excerpt":{"rendered":"<p><a href=\"https:\/\/agora.xtec.cat\/sesmcarrascoformiguera-sfc\/wp-content\/uploads\/usu981\/2022\/05\/Picture1.png\"><\/a><br \/>\n<a href=\"https:\/\/agora.xtec.cat\/sesmcarrascoformiguera-sfc\/wp-content\/uploads\/usu981\/2022\/05\/Foto1.png\"><\/a><br \/>\nEl passat divendres 13 de maig l\u2019alumnat de 3r d\u2019ESO vam visitar el Parlament de Catalunya. A m\u00e9s d\u2019explicar-nos el seu funcionament i composici\u00f3,tamb\u00e9 vam recordar els fets hist\u00f2rics m\u00e9s rellevants d\u2019aquesta instituci\u00f3.<br \/>\nDespr\u00e9s de la visita, vam fer una ruta pel Born i&hellip;  <a href=\"https:\/\/agora.xtec.cat\/sesmcarrascoformiguera-sfc\/general\/visita-al-parlament\/\" title=\"Read Visita al Parlament\">Llegeix m\u00e9s\u00bb<\/a><\/p>\n","protected":false},"author":1,"featured_media":0,"comment_status":"open","ping_status":"closed","sticky":false,"template":"","format":"standard","meta":{"_bbp_topic_count":0,"_bbp_reply_count":0,"_bbp_total_topic_count":0,"_bbp_total_reply_count":0,"_bbp_voice_count":0,"_bbp_anonymous_reply_count":0,"_bbp_topic_count_hidden":0,"_bbp_reply_count_hidden":0,"_bbp_forum_subforum_count":0,"footnotes":""},"categories":[31,6,1,29],"tags":[],"class_list":["post-4039","post","type-post","status-publish","format-standard","hentry","category-ampa","category-eso-3","category-general","category-portada"],"post_mailing_queue_ids":[],"_links":{"self":[{"href":"https:\/\/agora.xtec.cat\/sesmcarrascoformiguera-sfc\/wp-json\/wp\/v2\/posts\/4039","targetHints":{"allow":["GET"]}}],"collection":[{"href":"https:\/\/agora.xtec.cat\/sesmcarrascoformiguera-sfc\/wp-json\/wp\/v2\/posts"}],"about":[{"href":"https:\/\/agora.xtec.cat\/sesmcarrascoformiguera-sfc\/wp-json\/wp\/v2\/types\/post"}],"author":[{"embeddable":true,"href":"https:\/\/agora.xtec.cat\/sesmcarrascoformiguera-sfc\/wp-json\/wp\/v2\/users\/1"}],"replies":[{"embeddable":true,"href":"https:\/\/agora.xtec.cat\/sesmcarrascoformiguera-sfc\/wp-json\/wp\/v2\/comments?post=4039"}],"version-history":[{"count":4,"href":"https:\/\/agora.xtec.cat\/sesmcarrascoformiguera-sfc\/wp-json\/wp\/v2\/posts\/4039\/revisions"}],"predecessor-version":[{"id":4066,"href":"https:\/\/agora.xtec.cat\/sesmcarrascoformiguera-sfc\/wp-json\/wp\/v2\/posts\/4039\/revisions\/4066"}],"wp:attachment":[{"href":"https:\/\/agora.xtec.cat\/sesmcarrascoformiguera-sfc\/wp-json\/wp\/v2\/media?parent=4039"}],"wp:term":[{"taxonomy":"category","embeddable":true,"href":"https:\/\/agora.xtec.cat\/sesmcarrascoformiguera-sfc\/wp-json\/wp\/v2\/categories?post=4039"},{"taxonomy":"post_tag","embeddable":true,"href":"https:\/\/agora.xtec.cat\/sesmcarrascoformiguera-sfc\/wp-json\/wp\/v2\/tags?post=4039"}],"curies":[{"name":"wp","href":"https:\/\/api.w.org\/{rel}","templated":true}]}}