{"id":4005,"date":"2022-05-06T20:23:50","date_gmt":"2022-05-06T18:23:50","guid":{"rendered":"https:\/\/agora.xtec.cat\/sesmcarrascoformiguera-sfc\/?p=4005"},"modified":"2022-05-06T23:12:48","modified_gmt":"2022-05-06T21:12:48","slug":"la-laia-marti-ha-estat-seleccionada-pel-programa-joves-i-ciencia-2022","status":"publish","type":"post","link":"https:\/\/agora.xtec.cat\/sesmcarrascoformiguera-sfc\/general\/la-laia-marti-ha-estat-seleccionada-pel-programa-joves-i-ciencia-2022\/","title":{"rendered":"La Laia Mart\u00ed ha estat seleccionada pel programa Joves i Ci\u00e8ncia 2022"},"content":{"rendered":"<h3 style=\"text-align: center;\"><span style=\"color: #000000;\"><strong>MOLTES FELICITATS<\/strong> Laia Mart\u00ed Badia<\/span><\/h3>\n<h6 style=\"text-align: center;\"><a href=\"https:\/\/agora.xtec.cat\/sesmcarrascoformiguera-sfc\/wp-content\/uploads\/usu981\/2022\/05\/Foto-Laia.jpg\"><img loading=\"lazy\" decoding=\"async\" class=\"wp-image-4006 aligncenter\" src=\"https:\/\/agora.xtec.cat\/sesmcarrascoformiguera-sfc\/wp-content\/uploads\/usu981\/2022\/05\/Foto-Laia-1024x598.jpg\" alt=\"\" width=\"478\" height=\"279\" srcset=\"https:\/\/agora.xtec.cat\/sesmcarrascoformiguera-sfc\/wp-content\/uploads\/usu981\/2022\/05\/Foto-Laia-1024x598.jpg 1024w, https:\/\/agora.xtec.cat\/sesmcarrascoformiguera-sfc\/wp-content\/uploads\/usu981\/2022\/05\/Foto-Laia-300x175.jpg 300w, https:\/\/agora.xtec.cat\/sesmcarrascoformiguera-sfc\/wp-content\/uploads\/usu981\/2022\/05\/Foto-Laia-768x449.jpg 768w, https:\/\/agora.xtec.cat\/sesmcarrascoformiguera-sfc\/wp-content\/uploads\/usu981\/2022\/05\/Foto-Laia-1536x898.jpg 1536w, https:\/\/agora.xtec.cat\/sesmcarrascoformiguera-sfc\/wp-content\/uploads\/usu981\/2022\/05\/Foto-Laia.jpg 1600w\" sizes=\"auto, (max-width: 478px) 100vw, 478px\" \/><\/a><span style=\"color: #000000;\">Seleccionada per al PROJECTE:<\/span><\/h6>\n<h6 style=\"text-align: center;\"><span style=\"color: #ff0000;\"><strong>Explorant i aplicant la biologia molecular: des de l\u2019enginyeria gen\u00e8tica fins a les \u00a0nanom\u00e0quines <\/strong><\/span><span style=\"color: #000000;\"><strong>JOVES I CI\u00c8NCIA 2022<\/strong><\/span><\/h6>\n<h6><\/h6>\n<h6 style=\"text-align: center;\"><strong>T&#8217;APASSIONA LA CI\u00c8NCIA?<\/strong>\u00a0 <strong>A la Laia S\u00cd!<\/strong><\/h6>\n<p>Enhorabona Laia per haver estat seleccionada entre un gran nombre d&#8217;estudiants inscrits de tot Catalunya, tots ells amb unes capacitats extraordin\u00e0ries per a les ci\u00e8ncies.<\/p>\n<h6 style=\"text-align: center;\"><strong>QU\u00c8 \u00c9S EL PROGRAMA JOVES CI\u00c8NCIA?<\/strong><\/h6>\n<p>El programa t\u00e9 una durada de tres anys:<\/p>\n<table style=\"width: 99.3416%; height: 99px;\" width=\"717\">\n<tbody>\n<tr style=\"height: 61px;\">\n<td style=\"height: 10px;\" width=\"239\">\n<pre>1r any<\/pre>\n<pre><a href=\"https:\/\/www.fundaciocatalunya-lapedrera.com\/ca\/joves-ciencia\"><strong>Estades M\u00f3nNatura Pirineus 2022<\/strong><\/a><\/pre>\n<\/td>\n<td style=\"height: 10px;\" width=\"239\">\n<pre>2n any<\/pre>\n<pre><a href=\"https:\/\/www.fundaciocatalunya-lapedrera.com\/ca\/joves-ciencia\"><strong>Estades al Centre de Recerca<\/strong><\/a><\/pre>\n<\/td>\n<td style=\"height: 10px;\" width=\"239\">\n<pre>3r any\r\n<a href=\"https:\/\/www.fundaciocatalunya-lapedrera.com\/ca\/joves-ciencia\"><strong>Estades de Recerca Internacional<\/strong><\/a><\/pre>\n<\/td>\n<\/tr>\n<tr style=\"height: 127px;\">\n<td style=\"height: 89px;\" width=\"239\">Els 50 estudiants seleccionats tenen l\u2019oportunitat de viure una experi\u00e8ncia \u00fanica, participant en un projecte d\u2019investigaci\u00f3 cient\u00edfica a M\u00f3nNatura Pirineus.<\/td>\n<td style=\"height: 89px;\" width=\"239\">Durant l\u2019estiu de 1r a 2n de batxillerat, viuen directament la recerca cient\u00edfica en un laboratori d\u2019un centre de recerca local.<\/td>\n<td style=\"height: 89px;\" width=\"239\">Els estudiants s\u2019enfronten al repte de proposar un projecte de recerca a desenvolupar, ja sigui en un centre d\u2019investigaci\u00f3 o en un programa internacional de ci\u00e8ncia.<\/td>\n<\/tr>\n<\/tbody>\n<\/table>\n<h3 style=\"text-align: center;\">\u00a0<strong><span style=\"color: #ff0000;\"> Orgullosos de tu!\u00a0<\/span><\/strong> <a href=\"https:\/\/agora.xtec.cat\/sesmcarrascoformiguera-sfc\/wp-content\/uploads\/usu981\/2022\/05\/Cor.png\"><img loading=\"lazy\" decoding=\"async\" class=\"alignnone wp-image-4025\" src=\"https:\/\/agora.xtec.cat\/sesmcarrascoformiguera-sfc\/wp-content\/uploads\/usu981\/2022\/05\/Cor.png\" alt=\"\" width=\"48\" height=\"47\" \/><\/a><\/h3>\n<h1><\/h1>\n","protected":false},"excerpt":{"rendered":"<p>MOLTES FELICITATS Laia Mart\u00ed Badia<br \/>\n<a href=\"https:\/\/agora.xtec.cat\/sesmcarrascoformiguera-sfc\/wp-content\/uploads\/usu981\/2022\/05\/Foto-Laia.jpg\"><\/a>Seleccionada per al PROJECTE:<br \/>\nExplorant i aplicant la biologia molecular: des de l\u2019enginyeria gen\u00e8tica fins a les \u00a0nanom\u00e0quines JOVES I CI\u00c8NCIA 2022<\/p>\n<p>T&#8217;APASSIONA LA CI\u00c8NCIA?\u00a0 A la Laia S\u00cd!<br \/>\nEnhorabona Laia per haver estat seleccionada entre un gran nombre d&#8217;estudiants inscrits de tot&hellip;  <a href=\"https:\/\/agora.xtec.cat\/sesmcarrascoformiguera-sfc\/general\/la-laia-marti-ha-estat-seleccionada-pel-programa-joves-i-ciencia-2022\/\" title=\"Read La Laia Mart\u00ed ha estat seleccionada pel programa Joves i Ci\u00e8ncia 2022\">Llegeix m\u00e9s\u00bb<\/a><\/p>\n","protected":false},"author":1,"featured_media":0,"comment_status":"open","ping_status":"closed","sticky":false,"template":"","format":"standard","meta":{"_bbp_topic_count":0,"_bbp_reply_count":0,"_bbp_total_topic_count":0,"_bbp_total_reply_count":0,"_bbp_voice_count":0,"_bbp_anonymous_reply_count":0,"_bbp_topic_count_hidden":0,"_bbp_reply_count_hidden":0,"_bbp_forum_subforum_count":0,"footnotes":""},"categories":[31,3,1,29],"tags":[],"class_list":["post-4005","post","type-post","status-publish","format-standard","hentry","category-ampa","category-eso","category-general","category-portada"],"post_mailing_queue_ids":[],"_links":{"self":[{"href":"https:\/\/agora.xtec.cat\/sesmcarrascoformiguera-sfc\/wp-json\/wp\/v2\/posts\/4005","targetHints":{"allow":["GET"]}}],"collection":[{"href":"https:\/\/agora.xtec.cat\/sesmcarrascoformiguera-sfc\/wp-json\/wp\/v2\/posts"}],"about":[{"href":"https:\/\/agora.xtec.cat\/sesmcarrascoformiguera-sfc\/wp-json\/wp\/v2\/types\/post"}],"author":[{"embeddable":true,"href":"https:\/\/agora.xtec.cat\/sesmcarrascoformiguera-sfc\/wp-json\/wp\/v2\/users\/1"}],"replies":[{"embeddable":true,"href":"https:\/\/agora.xtec.cat\/sesmcarrascoformiguera-sfc\/wp-json\/wp\/v2\/comments?post=4005"}],"version-history":[{"count":3,"href":"https:\/\/agora.xtec.cat\/sesmcarrascoformiguera-sfc\/wp-json\/wp\/v2\/posts\/4005\/revisions"}],"predecessor-version":[{"id":4035,"href":"https:\/\/agora.xtec.cat\/sesmcarrascoformiguera-sfc\/wp-json\/wp\/v2\/posts\/4005\/revisions\/4035"}],"wp:attachment":[{"href":"https:\/\/agora.xtec.cat\/sesmcarrascoformiguera-sfc\/wp-json\/wp\/v2\/media?parent=4005"}],"wp:term":[{"taxonomy":"category","embeddable":true,"href":"https:\/\/agora.xtec.cat\/sesmcarrascoformiguera-sfc\/wp-json\/wp\/v2\/categories?post=4005"},{"taxonomy":"post_tag","embeddable":true,"href":"https:\/\/agora.xtec.cat\/sesmcarrascoformiguera-sfc\/wp-json\/wp\/v2\/tags?post=4005"}],"curies":[{"name":"wp","href":"https:\/\/api.w.org\/{rel}","templated":true}]}}