{"id":3988,"date":"2022-04-19T16:09:03","date_gmt":"2022-04-19T14:09:03","guid":{"rendered":"https:\/\/agora.xtec.cat\/sesmcarrascoformiguera-sfc\/?p=3988"},"modified":"2022-04-20T08:33:41","modified_gmt":"2022-04-20T06:33:41","slug":"mir22","status":"publish","type":"post","link":"https:\/\/agora.xtec.cat\/sesmcarrascoformiguera-sfc\/general\/mir22\/","title":{"rendered":"MIR&#8217;22"},"content":{"rendered":"<p><a href=\"https:\/\/agora.xtec.cat\/sesmcarrascoformiguera-sfc\/wp-content\/uploads\/usu981\/2022\/04\/Cartell-Mir.jpg\"><img loading=\"lazy\" decoding=\"async\" class=\"aligncenter size-full wp-image-3991\" src=\"https:\/\/agora.xtec.cat\/sesmcarrascoformiguera-sfc\/wp-content\/uploads\/usu981\/2022\/04\/Cartell-Mir.jpg\" alt=\"\" width=\"521\" height=\"744\" srcset=\"https:\/\/agora.xtec.cat\/sesmcarrascoformiguera-sfc\/wp-content\/uploads\/usu981\/2022\/04\/Cartell-Mir.jpg 521w, https:\/\/agora.xtec.cat\/sesmcarrascoformiguera-sfc\/wp-content\/uploads\/usu981\/2022\/04\/Cartell-Mir-210x300.jpg 210w\" sizes=\"auto, (max-width: 521px) 100vw, 521px\" \/><\/a><\/p>\n<p><span style=\"font-weight: 400;\">Aquest 2022 recuperem la data que hem dut a terme les MIR\u2019s <\/span><span style=\"font-weight: 400;\">anteriors, just quan la primavera ja treu el cap.\u00a0<\/span><\/p>\n<p><span style=\"font-weight: 400;\">Com hem fet altres edicions aquest any anem a fora del\u00a0 poble, concretament fins a Sant Quirze de Safaja, per fer la\u00a0 sortida des d\u2019all\u00e0, i baixarem seguint el riu, fins a arribar al mirador\u00a0 <\/span><span style=\"font-weight: 400;\">del Parer per gaudir de les impressionants vistes que tenim des <\/span><span style=\"font-weight: 400;\">d\u2019aquest lloc.\u00a0<\/span><\/p>\n<p><span style=\"font-weight: 400;\">Esperem que passeu i porteu la butlleta d&#8217;inscripci\u00f3 al local del <\/span><span style=\"font-weight: 400;\">CESF , o b\u00e9 us inscriviu <a href=\"https:\/\/inscripcion.online\/CESFcodines\/index.php\">on line<\/a>, com us vagi millor.\u00a0<\/span><\/p>\n<p style=\"text-align: center;\"><a href=\"https:\/\/agora.xtec.cat\/sesmcarrascoformiguera-sfc\/wp-content\/uploads\/usu981\/2022\/04\/Diptic-Mir-22.pdf\">D\u00edptic Mir 22<\/a><\/p>\n<p>Si a m\u00e9s voleu col\u00b7laborar com a voluntaris us podeu inscriure-us <a href=\"https:\/\/docs.google.com\/forms\/d\/e\/1FAIpQLScMcPzRpGImsW_fCYsbrLsXNWY4tIrhgvcwS-LXNWMc3xtKtw\/viewform\">aqu\u00ed<\/a>.<\/p>\n<p>Per a m\u00e9s informaci\u00f3 us podeu adre\u00e7ar al nostre <a href=\"https:\/\/webcesf.wixsite.com\/misitio\">web<\/a>.<\/p>\n<p>&nbsp;<\/p>\n","protected":false},"excerpt":{"rendered":"<p><a href=\"https:\/\/agora.xtec.cat\/sesmcarrascoformiguera-sfc\/wp-content\/uploads\/usu981\/2022\/04\/Cartell-Mir.jpg\"><\/a><br \/>\nAquest 2022 recuperem la data que hem dut a terme les MIR\u2019s anteriors, just quan la primavera ja treu el cap.\u00a0<br \/>\nCom hem fet altres edicions aquest any anem a fora del\u00a0 poble, concretament fins a Sant Quirze de Safaja, per fer la\u00a0 sortida des&hellip;  <a href=\"https:\/\/agora.xtec.cat\/sesmcarrascoformiguera-sfc\/general\/mir22\/\" title=\"Read MIR&#8217;22\">Llegeix m\u00e9s\u00bb<\/a><\/p>\n","protected":false},"author":26,"featured_media":3991,"comment_status":"open","ping_status":"closed","sticky":false,"template":"","format":"standard","meta":{"_bbp_topic_count":0,"_bbp_reply_count":0,"_bbp_total_topic_count":0,"_bbp_total_reply_count":0,"_bbp_voice_count":0,"_bbp_anonymous_reply_count":0,"_bbp_topic_count_hidden":0,"_bbp_reply_count_hidden":0,"_bbp_forum_subforum_count":0,"footnotes":""},"categories":[3,1,29],"tags":[],"class_list":["post-3988","post","type-post","status-publish","format-standard","has-post-thumbnail","hentry","category-eso","category-general","category-portada"],"post_mailing_queue_ids":[],"_links":{"self":[{"href":"https:\/\/agora.xtec.cat\/sesmcarrascoformiguera-sfc\/wp-json\/wp\/v2\/posts\/3988","targetHints":{"allow":["GET"]}}],"collection":[{"href":"https:\/\/agora.xtec.cat\/sesmcarrascoformiguera-sfc\/wp-json\/wp\/v2\/posts"}],"about":[{"href":"https:\/\/agora.xtec.cat\/sesmcarrascoformiguera-sfc\/wp-json\/wp\/v2\/types\/post"}],"author":[{"embeddable":true,"href":"https:\/\/agora.xtec.cat\/sesmcarrascoformiguera-sfc\/wp-json\/wp\/v2\/users\/26"}],"replies":[{"embeddable":true,"href":"https:\/\/agora.xtec.cat\/sesmcarrascoformiguera-sfc\/wp-json\/wp\/v2\/comments?post=3988"}],"version-history":[{"count":3,"href":"https:\/\/agora.xtec.cat\/sesmcarrascoformiguera-sfc\/wp-json\/wp\/v2\/posts\/3988\/revisions"}],"predecessor-version":[{"id":3996,"href":"https:\/\/agora.xtec.cat\/sesmcarrascoformiguera-sfc\/wp-json\/wp\/v2\/posts\/3988\/revisions\/3996"}],"wp:featuredmedia":[{"embeddable":true,"href":"https:\/\/agora.xtec.cat\/sesmcarrascoformiguera-sfc\/wp-json\/wp\/v2\/media\/3991"}],"wp:attachment":[{"href":"https:\/\/agora.xtec.cat\/sesmcarrascoformiguera-sfc\/wp-json\/wp\/v2\/media?parent=3988"}],"wp:term":[{"taxonomy":"category","embeddable":true,"href":"https:\/\/agora.xtec.cat\/sesmcarrascoformiguera-sfc\/wp-json\/wp\/v2\/categories?post=3988"},{"taxonomy":"post_tag","embeddable":true,"href":"https:\/\/agora.xtec.cat\/sesmcarrascoformiguera-sfc\/wp-json\/wp\/v2\/tags?post=3988"}],"curies":[{"name":"wp","href":"https:\/\/api.w.org\/{rel}","templated":true}]}}