{"id":3908,"date":"2022-03-04T12:33:56","date_gmt":"2022-03-04T11:33:56","guid":{"rendered":"https:\/\/agora.xtec.cat\/sesmcarrascoformiguera-sfc\/?p=3908"},"modified":"2022-03-04T12:33:56","modified_gmt":"2022-03-04T11:33:56","slug":"aprenem-a-salvar-vides","status":"publish","type":"post","link":"https:\/\/agora.xtec.cat\/sesmcarrascoformiguera-sfc\/general\/aprenem-a-salvar-vides\/","title":{"rendered":"APRENEM A SALVAR VIDES"},"content":{"rendered":"<p><span style=\"font-weight: 400;\">Al principi del segon trimestre, l\u2019alumnat de 2n que cursa la mat\u00e8ria optativa \u201cFem Ci\u00e8ncia\u201d, i l\u2019alumnat del grup d\u2019Aula Natura, han treballat diferents aspectes relacionats amb la prevenci\u00f3 de riscos i accidents, i tamb\u00e9 sobre primers auxilis.<\/span><\/p>\n<p><span style=\"font-weight: 400;\"><br \/>\n<\/span><span style=\"font-weight: 400;\">Al llarg de 3 sessions, hem apr\u00e8s el principi de Protegir-Avisar-Soc\u00f3rrer, i hem practicat diferents t\u00e8cniques per poder ajudar a qualsevol persona que ho pugui necessitar, com la posici\u00f3 lateral de seguretat (PLS), la reanimaci\u00f3 cardiopulmonar (RCP) o la maniobra de Heimlich.\u00a0<\/span><\/p>\n<p>&nbsp;<\/p>\n<p><span style=\"font-weight: 400;\">Salut, responsabilitat individual, empatia o autoconeixement corporal s\u00f3n alguns dels aspectes que es treballen en aquesta activitat. Eduquem per formar ciutadans responsables i solidaris!<\/span><\/p>\n<p>Actualitzat a 4 de mar\u00e7 de 2022<\/p>\n","protected":false},"excerpt":{"rendered":"<p>Al principi del segon trimestre, l\u2019alumnat de 2n que cursa la mat\u00e8ria optativa \u201cFem Ci\u00e8ncia\u201d, i l\u2019alumnat del grup d\u2019Aula Natura, han treballat diferents aspectes relacionats amb la prevenci\u00f3 de riscos i accidents, i tamb\u00e9 sobre primers auxilis.<\/p>\n<p>Al llarg de 3 sessions, hem apr\u00e8s el&hellip;  <a href=\"https:\/\/agora.xtec.cat\/sesmcarrascoformiguera-sfc\/general\/aprenem-a-salvar-vides\/\" title=\"Read APRENEM A SALVAR VIDES\">Llegeix m\u00e9s\u00bb<\/a><\/p>\n","protected":false},"author":1,"featured_media":3909,"comment_status":"closed","ping_status":"closed","sticky":false,"template":"","format":"standard","meta":{"_bbp_topic_count":0,"_bbp_reply_count":0,"_bbp_total_topic_count":0,"_bbp_total_reply_count":0,"_bbp_voice_count":0,"_bbp_anonymous_reply_count":0,"_bbp_topic_count_hidden":0,"_bbp_reply_count_hidden":0,"_bbp_forum_subforum_count":0,"footnotes":""},"categories":[31,3,5,1,29],"tags":[],"class_list":["post-3908","post","type-post","status-publish","format-standard","has-post-thumbnail","hentry","category-ampa","category-eso","category-eso-2","category-general","category-portada"],"post_mailing_queue_ids":[],"_links":{"self":[{"href":"https:\/\/agora.xtec.cat\/sesmcarrascoformiguera-sfc\/wp-json\/wp\/v2\/posts\/3908","targetHints":{"allow":["GET"]}}],"collection":[{"href":"https:\/\/agora.xtec.cat\/sesmcarrascoformiguera-sfc\/wp-json\/wp\/v2\/posts"}],"about":[{"href":"https:\/\/agora.xtec.cat\/sesmcarrascoformiguera-sfc\/wp-json\/wp\/v2\/types\/post"}],"author":[{"embeddable":true,"href":"https:\/\/agora.xtec.cat\/sesmcarrascoformiguera-sfc\/wp-json\/wp\/v2\/users\/1"}],"replies":[{"embeddable":true,"href":"https:\/\/agora.xtec.cat\/sesmcarrascoformiguera-sfc\/wp-json\/wp\/v2\/comments?post=3908"}],"version-history":[{"count":1,"href":"https:\/\/agora.xtec.cat\/sesmcarrascoformiguera-sfc\/wp-json\/wp\/v2\/posts\/3908\/revisions"}],"predecessor-version":[{"id":3910,"href":"https:\/\/agora.xtec.cat\/sesmcarrascoformiguera-sfc\/wp-json\/wp\/v2\/posts\/3908\/revisions\/3910"}],"wp:featuredmedia":[{"embeddable":true,"href":"https:\/\/agora.xtec.cat\/sesmcarrascoformiguera-sfc\/wp-json\/wp\/v2\/media\/3909"}],"wp:attachment":[{"href":"https:\/\/agora.xtec.cat\/sesmcarrascoformiguera-sfc\/wp-json\/wp\/v2\/media?parent=3908"}],"wp:term":[{"taxonomy":"category","embeddable":true,"href":"https:\/\/agora.xtec.cat\/sesmcarrascoformiguera-sfc\/wp-json\/wp\/v2\/categories?post=3908"},{"taxonomy":"post_tag","embeddable":true,"href":"https:\/\/agora.xtec.cat\/sesmcarrascoformiguera-sfc\/wp-json\/wp\/v2\/tags?post=3908"}],"curies":[{"name":"wp","href":"https:\/\/api.w.org\/{rel}","templated":true}]}}