{"id":3901,"date":"2022-02-24T15:13:00","date_gmt":"2022-02-24T14:13:00","guid":{"rendered":"https:\/\/agora.xtec.cat\/sesmcarrascoformiguera-sfc\/?p=3901"},"modified":"2022-02-24T15:13:00","modified_gmt":"2022-02-24T14:13:00","slug":"usapps-nova-web-app-per-comunicar-situacions-de-violencia","status":"publish","type":"post","link":"https:\/\/agora.xtec.cat\/sesmcarrascoformiguera-sfc\/general\/usapps-nova-web-app-per-comunicar-situacions-de-violencia\/","title":{"rendered":"UsApps: nova web\/app per comunicar situacions de viol\u00e8ncia"},"content":{"rendered":"<p><span style=\"color: #000000; font-family: arial, sans-serif;\">Des del Departament d&#8217;Educaci\u00f3 s&#8217;ha creat un<\/span><strong style=\"color: #000000; font-family: arial, sans-serif;\">\u00a0nou canal de comunicaci\u00f3\u00a0<\/strong><span style=\"color: #000000; font-family: arial, sans-serif;\">de casos l&#8217;<\/span><a style=\"font-family: arial, sans-serif;\" href=\"https:\/\/usav.educacio.gencat.cat\/\" target=\"_blank\" rel=\"noopener\" data-saferedirecturl=\"https:\/\/www.google.com\/url?q=https:\/\/usav.educacio.gencat.cat\/&amp;source=gmail&amp;ust=1645797566830000&amp;usg=AOvVaw3CFqhSwD4_tGrltEufgrnz\"><strong><u>UsApps<\/u><\/strong><\/a><span style=\"color: #000000; font-family: arial, sans-serif;\">, per comunicar casos d&#8217;assetjament, agressi\u00f3 sexual o qualsevol forma de viol\u00e8ncia f\u00edsica, sexual, psicol\u00f2gica, emocional, verbal i no verbal de l&#8217;alumnat i de la resta de la comunitat educativa. \u00c9s un canal fiable, accessible, confidencial, r\u00e0pid i inclusiu.<\/span><\/p>\n<div class=\"gmail_quote\">\n<div dir=\"ltr\">\n<div>\n<p><span style=\"color: #000000;\"><span style=\"font-family: arial, sans-serif;\">La UsApps \u00e9s una\u00a0<strong>aplicaci\u00f3 web del Departament d\u2019Educaci\u00f3 per poder\u00a0denunciar casos d&#8217;assetjament o viol\u00e8ncia\u00a0a l&#8217;escola<\/strong>\u00a0que pot viure tot l&#8217;alumnat de Catalunya d&#8217;una forma f\u00e0cil, intu\u00eftiva i efica\u00e7.\u00a0<\/span>Qualsevol persona \u2013<strong>alumnes, professors i familiars<\/strong>\u2013 podran denunciar un fet a trav\u00e9s de\u00a0l&#8217;aplicaci\u00f3\u00a0amb un<strong>\u00a0q\u00fcestionari senzill que recull les respostes\u00a0<\/strong>sobre qu\u00e8 ha passat i\u00a0se&#8217;n\u00a0far\u00e0 un\u00a0<strong>seguiment.<\/strong><\/span><\/p>\n<p><span style=\"color: #000000;\">Avui, s&#8217;ha presentat aquesta eina els nostres alumnes a les hores de tutoria dins del\u00a0la implementaci\u00f3 del pla\u00a0<a href=\"http:\/\/xtec.gencat.cat\/ca\/curriculum\/diversitat-i-inclusio\/les-escoles-lliures-de-violencies\/\" target=\"_blank\" rel=\"noopener\" data-saferedirecturl=\"https:\/\/www.google.com\/url?q=http:\/\/xtec.gencat.cat\/ca\/curriculum\/diversitat-i-inclusio\/les-escoles-lliures-de-violencies\/&amp;source=gmail&amp;ust=1645797566830000&amp;usg=AOvVaw2TJZI420ig8G7ME3JR0_oO\"><u>Les escoles lliures de viol\u00e8ncies<\/u><\/a>.\u00a0<\/span><\/p>\n<p>Actualitzat a 24 de febrer de 2022<\/p>\n<\/div>\n<\/div>\n<\/div>\n","protected":false},"excerpt":{"rendered":"<p>Des del Departament d&#8217;Educaci\u00f3 s&#8217;ha creat un\u00a0nou canal de comunicaci\u00f3\u00a0de casos l&#8217;<a style=\"font-family: arial, sans-serif;\" href=\"https:\/\/usav.educacio.gencat.cat\/\" target=\"_blank\" rel=\"noopener\" data-saferedirecturl=\"https:\/\/www.google.com\/url?q=https:\/\/usav.educacio.gencat.cat\/&amp;source=gmail&amp;ust=1645797566830000&amp;usg=AOvVaw3CFqhSwD4_tGrltEufgrnz\">UsApps<\/a>, per comunicar casos d&#8217;assetjament, agressi\u00f3 sexual o qualsevol forma de viol\u00e8ncia f\u00edsica, sexual, psicol\u00f2gica, emocional, verbal i no verbal de l&#8217;alumnat i de la resta de&hellip;  <a href=\"https:\/\/agora.xtec.cat\/sesmcarrascoformiguera-sfc\/general\/usapps-nova-web-app-per-comunicar-situacions-de-violencia\/\" title=\"Read UsApps: nova web\/app per comunicar situacions de viol\u00e8ncia\">Llegeix m\u00e9s\u00bb<\/a><\/p>\n","protected":false},"author":1,"featured_media":3902,"comment_status":"closed","ping_status":"closed","sticky":false,"template":"","format":"standard","meta":{"_bbp_topic_count":0,"_bbp_reply_count":0,"_bbp_total_topic_count":0,"_bbp_total_reply_count":0,"_bbp_voice_count":0,"_bbp_anonymous_reply_count":0,"_bbp_topic_count_hidden":0,"_bbp_reply_count_hidden":0,"_bbp_forum_subforum_count":0,"footnotes":""},"categories":[31,3,1,29],"tags":[],"class_list":["post-3901","post","type-post","status-publish","format-standard","has-post-thumbnail","hentry","category-ampa","category-eso","category-general","category-portada"],"post_mailing_queue_ids":[],"_links":{"self":[{"href":"https:\/\/agora.xtec.cat\/sesmcarrascoformiguera-sfc\/wp-json\/wp\/v2\/posts\/3901","targetHints":{"allow":["GET"]}}],"collection":[{"href":"https:\/\/agora.xtec.cat\/sesmcarrascoformiguera-sfc\/wp-json\/wp\/v2\/posts"}],"about":[{"href":"https:\/\/agora.xtec.cat\/sesmcarrascoformiguera-sfc\/wp-json\/wp\/v2\/types\/post"}],"author":[{"embeddable":true,"href":"https:\/\/agora.xtec.cat\/sesmcarrascoformiguera-sfc\/wp-json\/wp\/v2\/users\/1"}],"replies":[{"embeddable":true,"href":"https:\/\/agora.xtec.cat\/sesmcarrascoformiguera-sfc\/wp-json\/wp\/v2\/comments?post=3901"}],"version-history":[{"count":1,"href":"https:\/\/agora.xtec.cat\/sesmcarrascoformiguera-sfc\/wp-json\/wp\/v2\/posts\/3901\/revisions"}],"predecessor-version":[{"id":3903,"href":"https:\/\/agora.xtec.cat\/sesmcarrascoformiguera-sfc\/wp-json\/wp\/v2\/posts\/3901\/revisions\/3903"}],"wp:featuredmedia":[{"embeddable":true,"href":"https:\/\/agora.xtec.cat\/sesmcarrascoformiguera-sfc\/wp-json\/wp\/v2\/media\/3902"}],"wp:attachment":[{"href":"https:\/\/agora.xtec.cat\/sesmcarrascoformiguera-sfc\/wp-json\/wp\/v2\/media?parent=3901"}],"wp:term":[{"taxonomy":"category","embeddable":true,"href":"https:\/\/agora.xtec.cat\/sesmcarrascoformiguera-sfc\/wp-json\/wp\/v2\/categories?post=3901"},{"taxonomy":"post_tag","embeddable":true,"href":"https:\/\/agora.xtec.cat\/sesmcarrascoformiguera-sfc\/wp-json\/wp\/v2\/tags?post=3901"}],"curies":[{"name":"wp","href":"https:\/\/api.w.org\/{rel}","templated":true}]}}